{"id":137733,"date":"2026-01-09T13:07:08","date_gmt":"2026-01-09T13:07:08","guid":{"rendered":"https:\/\/www.europesays.com\/fi\/137733\/"},"modified":"2026-01-09T13:07:08","modified_gmt":"2026-01-09T13:07:08","slug":"mika-salolta-suora-arvio-kalle-rovanperasta-miten-han-osaa-selittaa","status":"publish","type":"post","link":"https:\/\/www.europesays.com\/fi\/137733\/","title":{"rendered":"Mika Salolta suora arvio Kalle Rovanper\u00e4st\u00e4 \u2013 \u201dMiten h\u00e4n osaa selitt\u00e4\u00e4?\u201d"},"content":{"rendered":"<p>Kalle Rovanper\u00e4 opettelee uutta, Mika Salo toppuuttelee kovia odotuksia ja Toni Vilander muistuttaa armollisuudesta.<\/p>\n<p class=\"article-body mb-nof-24 px-nof-16\">Entinen F1-t\u00e4hti <a class=\"font-bold underline-offset-[0.12em] [text-decoration:var(--person-link-text-decoration)] ![text-decoration-color:var(--person-link-text-decoration-color)]\" href=\"https:\/\/www.is.fi\/haku\/?query=Mika%20Salo\" rel=\"nofollow noopener\" target=\"_blank\">Mika Salo<\/a> on seurannut tarkasti <a class=\"font-bold underline-offset-[0.12em] [text-decoration:var(--person-link-text-decoration)] ![text-decoration-color:var(--person-link-text-decoration-color)]\" href=\"https:\/\/www.is.fi\/haku\/?query=Kalle%20Rovanper%C3%A4n\" rel=\"nofollow noopener\" target=\"_blank\">Kalle Rovanper\u00e4n<\/a> liikkeit\u00e4. Rovanper\u00e4 j\u00e4tti rallin MM-sarjan ja siirtyi t\u00e4ksi kaudeksi formuloihin.<\/p>\n<p class=\"article-body mb-nof-24 px-nof-16\">Ensin Rovanper\u00e4 ottaa tuntumaa t\u00e4n\u00e4 viikonloppuna alkavassa Oseanian formulasarjassa ja aloittaa sen j\u00e4lkeen huhtikuussa kauden p\u00e4\u00e4tavoitteessaan Japanin Super Formulassa.<\/p>\n<p class=\"article-body mb-nof-24 px-nof-16\">Rovanper\u00e4 ei ole ymm\u00e4rrett\u00e4v\u00e4sti viel\u00e4 hurmannut uudessa lajissaan. Oseanian torstain ja perjantain harjoituksissa Rovanper\u00e4 on ollut vauhdiltaan kaukana k\u00e4rkikuljettajien vauhdista.<\/p>\n<p class=\"article-body mb-nof-24 px-nof-16\">My\u00f6s Salo on n\u00e4hnyt Rovanper\u00e4n testiaikoja Oseaniasta. H\u00e4n ei ole silti yht\u00e4\u00e4n huolissaan.<\/p>\n<p class=\"article-body mb-nof-24 px-nof-16\">\u2013\u2009Se [Oseanian sarja] tekee hyv\u00e4\u00e4 Kallelle. Kun h\u00e4n tajuaa, ett\u00e4 miten autoa s\u00e4\u00e4det\u00e4\u00e4n ja miten sit\u00e4 ajetaan, sitten on helpompi menn\u00e4 sinne Super Formulaan, Salo sanoi torstaina AKK:n mediap\u00e4iv\u00e4ss\u00e4.<\/p>\n<blockquote class=\"p-[var(--citation-padding)] m-[var(--citation-margin)] border-y-[length:var(--citation-border-width)] border-y-[color:var(--citation-border-color)]\">\n<p>Odotin, ett\u00e4 h\u00e4n olisi ottanut jotakin v\u00e4h\u00e4n pienemp\u00e4\u00e4.<\/p>\n<\/blockquote>\n<p class=\"article-body mb-nof-24 px-nof-16\">\u2013\u2009Ei mit\u00e4\u00e4n v\u00e4li\u00e4, Salo kuittasi kilpa-ajajan yli sekunnin eron k\u00e4rkeen.<\/p>\n<p class=\"article-body mb-nof-24 px-nof-16\">H\u00e4n ymm\u00e4rt\u00e4\u00e4 muun muassa entisen\u00e4 F1-kuskina Rovanper\u00e4n koettelemukset uudessa lajissa. Salo muistuttaa, ett\u00e4 toisin kuin rallissa, formuloissa ajetaan l\u00e4hes koko ajan muiden kilpailijoiden l\u00e4hell\u00e4.<\/p>\n<p class=\"article-body mb-nof-24 px-nof-16\">\u2013\u2009Kalle hakee nyt vain kokemusta, joka on kaiken a ja o. H\u00e4n tarvitsee startteja, ajamista muiden kanssa ja ymm\u00e4rryksen siit\u00e4, miten muut ajavat. Esimerkiksi ett\u00e4 osaa jarruttaa oikeissa paikoissa, ettei aja kenenk\u00e4\u00e4n per\u00e4\u00e4n tai ettei kukaan aja h\u00e4nen per\u00e4\u00e4ns\u00e4, Salo sanoi.<\/p>\n<p class=\"article-body mb-nof-24 px-nof-16\">Salon, 59, mielest\u00e4 Rovanper\u00e4n p\u00e4\u00e4t\u00f6s vaihtaa lajia oli kova.<\/p>\n<p class=\"article-body mb-nof-24 px-nof-16\">\u2013\u2009Kunnioitan h\u00e4nen rohkeuttaan l\u00e4hte\u00e4 t\u00e4ysin kokemattomana tuollaiseen lajiin. Super Formula oli minulle yll\u00e4tys. Auto on todella nopea ja sarja kovatasoinen. Odotin, ett\u00e4 h\u00e4n olisi ottanut jotakin v\u00e4h\u00e4n pienemp\u00e4\u00e4.<\/p>\n<p class=\"article-body mb-nof-24 px-nof-16\">Mit\u00e4 suomalaisten kannattaa odottaa Rovanper\u00e4lt\u00e4 t\u00e4n\u00e4 vuonna?<\/p>\n<p class=\"article-body mb-nof-24 px-nof-16\">\u2013\u2009Annetaan vuosi aikaa totutella Super Formulaan ihan rauhassa. Sen j\u00e4lkeen ruvetaan katsomaan, ett\u00e4 tuleeko niit\u00e4 tuloksia, Salo rauhoitteli kovimpia odotuksia.<\/p>\n<p><img decoding=\"async\" src=\"https:\/\/www.europesays.com\/fi\/wp-content\/uploads\/2026\/01\/1767964028_836_468.jpg\" alt=\"Entinen F1-kuski Mika Salo AKK:n mediap\u00e4iv\u00e4ss\u00e4 Helsingiss\u00e4 8. tammikuuta.\" class=\"_Img_1rerz_1\" style=\"aspect-ratio:1.5\" loading=\"eager\"\/><\/p>\n<p class=\"article-picture-caption\">Entinen F1-kuski Mika Salo AKK:n mediap\u00e4iv\u00e4ss\u00e4 Helsingiss\u00e4 8. tammikuuta. Kuva:\u00a0Aleksi Jalava \/ IS<\/p>\n<p class=\"article-body mb-nof-24 px-nof-16\">Salo nosti esille etenkin kuskin ja tiimin yhteisty\u00f6n merkityksen.<\/p>\n<p class=\"article-body mb-nof-24 px-nof-16\">\u2013\u2009Homma on niin paljon kiinni siit\u00e4, miten saa auton s\u00e4\u00e4detty\u00e4. Kalle on aina ollut lahjakkuus, mutta \u201dperstuntuma\u201d formuloissa on niin eri kuin rallissa. Miten Kalle osaa selitt\u00e4\u00e4 asiat niin, ett\u00e4 tiimi tiet\u00e4\u00e4 ne?<\/p>\n<p class=\"article-body mb-nof-24 px-nof-16\">Entinen huippukuski ja AKK:n uusi puheenjohtaja <a class=\"font-bold underline-offset-[0.12em] [text-decoration:var(--person-link-text-decoration)] ![text-decoration-color:var(--person-link-text-decoration-color)]\" href=\"https:\/\/www.is.fi\/haku\/?query=Toni%20Vilander\" rel=\"nofollow noopener\" target=\"_blank\">Toni Vilander<\/a> n\u00e4kee Rovanper\u00e4ll\u00e4 Super Formulassa hienon mahdollisuuden sarjan vaativuuden takia.<\/p>\n<p class=\"article-body mb-nof-24 px-nof-16\">\u2013\u2009L\u00e4ht\u00f6kohtaisesti jos voittaa Super Formula -sarjan, voi p\u00e4rj\u00e4t\u00e4 formula ykk\u00f6siss\u00e4 tai formula kakkosissa. Sarja on kovatasoinen. Jos esimerkiksi min\u00e4 l\u00e4htisin ajamaan sit\u00e4 kylmilt\u00e4\u00e4n, siit\u00e4 ei tulisi yht\u00e4\u00e4n mit\u00e4\u00e4n, 45-vuotias Vilander sanoi AKK:n tilaisuudessa.<\/p>\n<blockquote class=\"p-[var(--citation-padding)] m-[var(--citation-margin)] border-y-[length:var(--citation-border-width)] border-y-[color:var(--citation-border-color)]\">\n<p>Voi olla, ett\u00e4 ekan kauden j\u00e4lkeen on v\u00e4h\u00e4n siipi maassa.<\/p>\n<\/blockquote>\n<p class=\"article-body mb-nof-24 px-nof-16\">Vilander ei sent\u00e4\u00e4n viel\u00e4 l\u00e4hde liputtamaan Rovanper\u00e4n voittojen puolesta. H\u00e4n korosti rutiinien l\u00f6yt\u00e4misen merkityst\u00e4.<\/p>\n<p class=\"article-body mb-nof-24 px-nof-16\">\u2013\u2009Uskon [Rovanper\u00e4n] ajolahjakkuuden riitt\u00e4v\u00e4n tietylle tasolle ilman suurta ty\u00f6m\u00e4\u00e4r\u00e4\u00e4. Sen j\u00e4lkeen tarvitaan tottuminen radalla olevaan dynamiikkaan ja silm\u00e4n tottuminen nopeisiin asioihin, kun ratkaisut tehd\u00e4\u00e4n tosi vaistonvaraisesti.<\/p>\n<p class=\"article-body mb-nof-24 px-nof-16\">Entinen kilpa-ajaja tuntee kilpailijan luonteen. Vaikka laji olisi uusi, kelloa ei voi v\u00e4ltty\u00e4 katsomasta.<\/p>\n<p class=\"article-body mb-nof-24 px-nof-16\">\u2013\u2009H\u00e4nh\u00e4n vertaa koko ajan, ett\u00e4 mik\u00e4 ero on k\u00e4rkeen. Siin\u00e4 pit\u00e4\u00e4 olla itselle armollinen, Vilander sanoi Rovanper\u00e4st\u00e4.<\/p>\n<p class=\"article-body mb-nof-24 px-nof-16\">Kun perusasioista tulee rutiini, kellokin kiitt\u00e4\u00e4.<\/p>\n<p class=\"article-body mb-nof-24 px-nof-16\">\u2013\u2009Sill\u00e4 hetkell\u00e4, kun vaikkapa jarrusta ja kaasusta on tullut automaatio, voi keskitty\u00e4 vain hyv\u00e4\u00e4n suoritukseen. Se voi kest\u00e4\u00e4 kuusi kilpailua tai se voi kest\u00e4\u00e4 koko kauden. Voi olla, ett\u00e4 ekan kauden j\u00e4lkeen on v\u00e4h\u00e4n siipi maassa, mutta sitten on muutaman kuukauden tauko, Vilander sanoi.<\/p>\n<p><img decoding=\"async\" src=\"https:\/\/www.europesays.com\/fi\/wp-content\/uploads\/2026\/01\/1767964028_9_468.jpg\" alt=\"Kalle Rovanper\u00e4ll\u00e4 riitt\u00e4\u00e4 uusia haasteita. Arkistokuva Saudi-Arabian MM-rallin yhteydest\u00e4 27. marraskuuta 2025.\" class=\"_Img_1rerz_1\" style=\"aspect-ratio:1.3333333333333333\" loading=\"eager\"\/><\/p>\n<p class=\"article-picture-caption\">Kalle Rovanper\u00e4ll\u00e4 riitt\u00e4\u00e4 uusia haasteita. Arkistokuva Saudi-Arabian MM-rallin yhteydest\u00e4 27. marraskuuta 2025. Kuva:\u00a0Tuomas Arkimies \/ IS<\/p>\n<p><img decoding=\"async\" src=\"https:\/\/www.europesays.com\/fi\/wp-content\/uploads\/2026\/01\/1767964028_439_468.jpg\" alt=\"Mika Salo (vas.) ja Toni Vilander ovat entisi\u00e4 huippukilpa-ajajia. Kuva Helsingist\u00e4 8. tammikuuta.\" class=\"_Img_1rerz_1\" style=\"aspect-ratio:1.5\" loading=\"eager\"\/><\/p>\n<p class=\"article-picture-caption\">Mika Salo (vas.) ja Toni Vilander ovat entisi\u00e4 huippukilpa-ajajia. Kuva Helsingist\u00e4 8. tammikuuta. Kuva:\u00a0Aleksi Jalava \/ IS<\/p>\n<p class=\"article-body mb-nof-24 px-nof-16\">Salon tavoin Vilander pit\u00e4\u00e4 Oseanian sarjaa hyv\u00e4n\u00e4 oppipolkuna entiselle rallit\u00e4hdelle.<\/p>\n<p class=\"article-body mb-nof-24 px-nof-16\">\u2013\u2009Auto on vauhdiltaan varmasti hyv\u00e4 t\u00e4h\u00e4n kohtaan: se ei ole liian mieto, eik\u00e4 liian raju. Super Formula Japanissa on perinteisesti ollut sellaisille kuskeille, jotka ovat voittaneet formula kakkoset, mutta ei ole tullut paikkaa formula ykk\u00f6siss\u00e4. Tai F1-kisakuskeille, jotka ovat menett\u00e4neet paikkansa.<\/p>\n<p class=\"article-body mb-nof-24 px-nof-16\">Vilander nostaa hattua Rovanper\u00e4n p\u00e4\u00e4t\u00f6kselle vaihtaa lajia.<\/p>\n<p class=\"article-body mb-nof-24 px-nof-16\">\u2013\u2009Arvostan suuresti sit\u00e4 ennakkoluulottomuutta, ett\u00e4 urheilija tekee sit\u00e4 mit\u00e4 haluaa. Paljon n\u00e4kee, ett\u00e4 kun ollaan jossakin hyvi\u00e4, ei uskalleta muuta, vaan leivotaan se homma loppuun. My\u00f6hemmin sitten sanotaan, ett\u00e4 olisin ollut formuloissa hyv\u00e4.<\/p>\n<p class=\"article-body mb-nof-24 px-nof-16\">Rovanper\u00e4n p\u00e4\u00e4t\u00f6s vaihtaa lajia vain 25-vuotiaana ei ollut Vilanderille j\u00e4ttiyll\u00e4tys.<\/p>\n<p class=\"article-body mb-nof-24 px-nof-16\">\u2013\u2009Kalle on mielenkiintoinen persoona. H\u00e4n tekee aika paljon sit\u00e4, mit\u00e4 h\u00e4n itse haluaa.<\/p>\n<p class=\"article-body mb-nof-24 px-nof-16\">Rovanper\u00e4 on voittanut ralliautoilussa kaksi maailmanmestaruutta: 2022 ja 2023. H\u00e4n sijoittui viime vuonna rallin MM-sarjan kokonaiskilpailussa kolmanneksi.<\/p>\n<p class=\"article-body mb-nof-24 px-nof-16\"><a class=\"font-bold underline-offset-[0.12em] [text-decoration:var(--person-link-text-decoration)] ![text-decoration-color:var(--person-link-text-decoration-color)]\" href=\"https:\/\/www.is.fi\/haku\/?query=Sebastien%20Ogier\" rel=\"nofollow noopener\" target=\"_blank\">Sebastien Ogier<\/a> ajoi maailmanmestariksi.<\/p>\n<p class=\"article-body mb-nof-24 px-nof-16\">Oseanian formulasarjassa ajetaan nelj\u00e4 kisaviikonloppua. Avausviikonlopuna ajetaan nelj\u00e4 osakilpailua, joista viimeiset lauantain ja sunnuntain v\u00e4lisen\u00e4 y\u00f6n\u00e4. Kilpailut n\u00e4ytet\u00e4\u00e4n suorana Youtubessa <a class=\"underline underline-offset-[0.12em] [text-decoration-thickness:var(--generic-link-underline-thickness)] [text-decoration-color:var(--generic-link-underline-color)] [text-decoration-skip-ink:var(--generic-link-underline-skip-ink)] break-words\" href=\"https:\/\/www.youtube.com\/@ToyotaGAZOORacingNZ\/featured\" rel=\"nofollow noopener\" target=\"_blank\">Toyota GAZOO Racing NZ -kanavalla<\/a>.<\/p>\n<p>Kisaohjelma<\/p>\n<p>Formula Regional Oseania, 1. kisaviikonloppuPerjantai-lauantai<\/p>\n<ul class=\"mb-nof-16 px-nof-16 article-unordered-list unordered-list\">\n<li class=\"unordered-list-item\">\n<p class=\"article-body\">Aika-ajo (15 min) perjantaina klo 22.30<\/p>\n<\/li>\n<li class=\"unordered-list-item\">\n<p class=\"article-body\">1. kilpailu klo 1.00 (18 kierrosta)<\/p>\n<\/li>\n<li class=\"unordered-list-item\">\n<p class=\"article-body\">2. kilpailu klo 4.12 (18 kierrosta)<\/p>\n<\/li>\n<\/ul>\n<p>Lauantai-sunnuntai<\/p>\n<ul class=\"mb-nof-16 px-nof-16 article-unordered-list unordered-list\">\n<li class=\"unordered-list-item\">\n<p class=\"article-body\">Aika-ajo (15 min) lauantaina klo 22.30<\/p>\n<\/li>\n<li class=\"unordered-list-item\">\n<p class=\"article-body\">3. kilpailu klo 1.09 (18 kierrosta)<\/p>\n<\/li>\n<li class=\"unordered-list-item\">\n<p class=\"article-body\">4. kilpailu klo 4.32 (23 kierrosta)<\/p>\n<\/li>\n<\/ul>\n<p class=\"article-body nof-ui-body-medium mb-nof-24 px-nof-16\">Ajat Suomen aikaa. Aika-ajot ja kilpailut n\u00e4ytet\u00e4\u00e4n suorana Youtubessa <a class=\"underline underline-offset-[0.12em] [text-decoration-thickness:var(--generic-link-underline-thickness)] [text-decoration-color:var(--generic-link-underline-color)] [text-decoration-skip-ink:var(--generic-link-underline-skip-ink)] break-words article-endnote\" href=\"https:\/\/www.youtube.com\/@ToyotaGAZOORacingNZ\/featured\" rel=\"nofollow noopener\" target=\"_blank\">Toyota GAZOO Racing NZ -kanavalla<\/a>.<\/p>\n","protected":false},"excerpt":{"rendered":"Kalle Rovanper\u00e4 opettelee uutta, Mika Salo toppuuttelee kovia odotuksia ja Toni Vilander muistuttaa armollisuudesta. Entinen F1-t\u00e4hti Mika Salo&hellip;\n","protected":false},"author":2,"featured_media":137734,"comment_status":"","ping_status":"","sticky":false,"template":"","format":"standard","meta":{"footnotes":""},"categories":[136],"tags":[407,137,33,31,30,34,408,32,109],"class_list":{"0":"post-137733","1":"post","2":"type-post","3":"status-publish","4":"format-standard","5":"has-post-thumbnail","7":"category-julkkikset","8":"tag-celebrities","9":"tag-entertainment","10":"tag-fi","11":"tag-finland","12":"tag-finnish","13":"tag-ilta-sanomat","14":"tag-julkkikset","15":"tag-suomi","16":"tag-viihde"},"share_on_mastodon":{"url":"https:\/\/pubeurope.com\/@fi\/115865298083859023","error":""},"_links":{"self":[{"href":"https:\/\/www.europesays.com\/fi\/wp-json\/wp\/v2\/posts\/137733","targetHints":{"allow":["GET"]}}],"collection":[{"href":"https:\/\/www.europesays.com\/fi\/wp-json\/wp\/v2\/posts"}],"about":[{"href":"https:\/\/www.europesays.com\/fi\/wp-json\/wp\/v2\/types\/post"}],"author":[{"embeddable":true,"href":"https:\/\/www.europesays.com\/fi\/wp-json\/wp\/v2\/users\/2"}],"replies":[{"embeddable":true,"href":"https:\/\/www.europesays.com\/fi\/wp-json\/wp\/v2\/comments?post=137733"}],"version-history":[{"count":0,"href":"https:\/\/www.europesays.com\/fi\/wp-json\/wp\/v2\/posts\/137733\/revisions"}],"wp:featuredmedia":[{"embeddable":true,"href":"https:\/\/www.europesays.com\/fi\/wp-json\/wp\/v2\/media\/137734"}],"wp:attachment":[{"href":"https:\/\/www.europesays.com\/fi\/wp-json\/wp\/v2\/media?parent=137733"}],"wp:term":[{"taxonomy":"category","embeddable":true,"href":"https:\/\/www.europesays.com\/fi\/wp-json\/wp\/v2\/categories?post=137733"},{"taxonomy":"post_tag","embeddable":true,"href":"https:\/\/www.europesays.com\/fi\/wp-json\/wp\/v2\/tags?post=137733"}],"curies":[{"name":"wp","href":"https:\/\/api.w.org\/{rel}","templated":true}]}}