{"id":137762,"date":"2026-01-09T13:47:12","date_gmt":"2026-01-09T13:47:12","guid":{"rendered":"https:\/\/www.europesays.com\/fi\/137762\/"},"modified":"2026-01-09T13:47:12","modified_gmt":"2026-01-09T13:47:12","slug":"sosiaali-terveys-ja-pelastuslautakunnan-13-1-kokouksen-ennakkotiedote-helsingin-kaupunki-sosiaali-terveys","status":"publish","type":"post","link":"https:\/\/www.europesays.com\/fi\/137762\/","title":{"rendered":"Sosiaali-, terveys- ja pelastuslautakunnan 13.1. kokouksen ennakkotiedote | Helsingin kaupunki, sosiaali-, terveys"},"content":{"rendered":"<p><strong><\/p>\n<p><strong>Helsingin sosiaali-, terveys- ja pelastuslautakunta pit\u00e4\u00e4 vuoden 2026 ensimm\u00e4isen kokouksen tiistaina 13. tammikuuta klo 16.15. Lautakunta k\u00e4sittelee t\u00e4ss\u00e4 kokouksessa muun muassa k\u00e4ytt\u00e4m\u00e4tt\u00e4 j\u00e4tetyst\u00e4 palvelusta peritt\u00e4v\u00e4n maksun nostamista.<\/strong><\/p>\n<p><\/strong>K\u00e4ytt\u00e4m\u00e4tt\u00e4 j\u00e4tetyst\u00e4 palvelusta peritt\u00e4v\u00e4\u00e4 maksua esitet\u00e4\u00e4n nostettavaksi<\/p>\n<p>Lautakunnalle esitet\u00e4\u00e4n, ett\u00e4 k\u00e4ytt\u00e4m\u00e4tt\u00e4 j\u00e4tetyst\u00e4 sosiaali- ja terveydenhuollon palvelusta perit\u00e4\u00e4n 1.3.2026 alkaen 73,70 euron maksu. Maksu on t\u00e4ll\u00e4 hetkell\u00e4 56,70 euroa. Asiakasmaksulaki muuttui siten, ett\u00e4 t\u00e4m\u00e4n vuoden alusta alkaen maksu voi olla enint\u00e4\u00e4n 73,70 euroa.<\/p>\n<p>Asiakkaalta perit\u00e4\u00e4n maksu osassa palveluista, jos h\u00e4n ei tule h\u00e4nelle varatulle vastaanotolle eik\u00e4 h\u00e4n peru aikaa. Maksua ei perit\u00e4 alle 18-vuotiaalta eik\u00e4 jos sen periminen asiakkaalta on kohtuutonta tai poisj\u00e4\u00e4nnille on esitetty hyv\u00e4ksytt\u00e4v\u00e4 syy.<\/p>\n<p>Helsingin sosiaali-, terveys- ja pelastustoimialan palveluissa j\u00e4i vuonna 2024 k\u00e4ytt\u00e4m\u00e4tt\u00e4 yhteens\u00e4 177 000 varattua aikaa. N\u00e4ist\u00e4 osa kuului palveluihin, joista voidaan peri\u00e4 maksu, jos aika j\u00e4\u00e4 k\u00e4ytt\u00e4m\u00e4tt\u00e4.\u00a0 Sakkomaksu perit\u00e4\u00e4n my\u00f6s sellaisista terveydenhuollon vastaanottoajoista, jotka ovat muutoin maksuttomia, kuten terveysaseman l\u00e4\u00e4k\u00e4rin ja hoitajan vastaanottok\u00e4ynnit.<\/p>\n<p>Vuonna 2024 perittiin maksu 12 000 peruuttamatta j\u00e4tetyst\u00e4 k\u00e4ynnist\u00e4. N\u00e4m\u00e4 kaikki\u00a0k\u00e4ytt\u00e4m\u00e4tt\u00e4 ja peruuttamatta j\u00e4tetyt k\u00e4ynnit aiheuttavat resurssihukkaa, kun aikoja ei\u00a0pystyt\u00e4 tarjoamaan muille niit\u00e4 tarvitseville asiakkaille.<\/p>\n<p>Maksun toivotaan osaltaan kannustavan asiakkaita perumaan vastaanottoajan, jos he eiv\u00e4t p\u00e4\u00e4se vastaanotolle. T\u00e4m\u00e4 on kaikkien asiakkaiden etu.<\/p>\n<p>Lis\u00e4tietoa: erityissuunnittelija Saara Matsi, p. 09 310 34353, <a href=\"https:\/\/www.sttinfo.fi\/tiedote\/71726501\/mailto:saara.matsi@hel.fi\" rel=\"nofollow noopener\" target=\"_blank\">saara.matsi@hel.fi<\/a><\/p>\n<p>Linkit<\/p>\n<ol>\n<li>Kokouksen <a href=\"https:\/\/paatokset.hel.fi\/fi\/paattajat\/sosiaali-terveys-ja-pelastuslautakunta\/asiakirjat\/U32120261\" rel=\"nofollow noopener\" target=\"_blank\">esityslista liitteineen\u00a0<\/a><\/li>\n<li>Kokouksen <a href=\"https:\/\/paatokset.hel.fi\/fi\/paattajat\/sosiaali-terveys-ja-pelastuslautakunta#recent-documents\" rel=\"nofollow noopener\" target=\"_blank\">p\u00e4\u00e4t\u00f6stiedote<\/a> julkaistaan sosiaali-, terveys- ja pelastuslautakunnan verkkosivuilla kokouksen j\u00e4lkeen<\/li>\n<\/ol>\n","protected":false},"excerpt":{"rendered":"Helsingin sosiaali-, terveys- ja pelastuslautakunta pit\u00e4\u00e4 vuoden 2026 ensimm\u00e4isen kokouksen tiistaina 13. tammikuuta klo 16.15. Lautakunta k\u00e4sittelee t\u00e4ss\u00e4&hellip;\n","protected":false},"author":2,"featured_media":137763,"comment_status":"","ping_status":"","sticky":false,"template":"","format":"standard","meta":{"footnotes":""},"categories":[5],"tags":[22,23,26,27,33,31,30,17,24,25,28,29,15,18,21,32,19,20,16],"class_list":{"0":"post-137762","1":"post","2":"type-post","3":"status-publish","4":"format-standard","5":"has-post-thumbnail","7":"category-otsikot","8":"tag-breaking-news","9":"tag-breakingnews","10":"tag-featured-news","11":"tag-featurednews","12":"tag-fi","13":"tag-finland","14":"tag-finnish","15":"tag-headlines","16":"tag-latest-news","17":"tag-latestnews","18":"tag-main-news","19":"tag-mainnews","20":"tag-news","21":"tag-otsikot","22":"tag-paauutiset","23":"tag-suomi","24":"tag-top-stories","25":"tag-topstories","26":"tag-uutiset"},"share_on_mastodon":{"url":"https:\/\/pubeurope.com\/@fi\/115865455324618803","error":""},"_links":{"self":[{"href":"https:\/\/www.europesays.com\/fi\/wp-json\/wp\/v2\/posts\/137762","targetHints":{"allow":["GET"]}}],"collection":[{"href":"https:\/\/www.europesays.com\/fi\/wp-json\/wp\/v2\/posts"}],"about":[{"href":"https:\/\/www.europesays.com\/fi\/wp-json\/wp\/v2\/types\/post"}],"author":[{"embeddable":true,"href":"https:\/\/www.europesays.com\/fi\/wp-json\/wp\/v2\/users\/2"}],"replies":[{"embeddable":true,"href":"https:\/\/www.europesays.com\/fi\/wp-json\/wp\/v2\/comments?post=137762"}],"version-history":[{"count":0,"href":"https:\/\/www.europesays.com\/fi\/wp-json\/wp\/v2\/posts\/137762\/revisions"}],"wp:featuredmedia":[{"embeddable":true,"href":"https:\/\/www.europesays.com\/fi\/wp-json\/wp\/v2\/media\/137763"}],"wp:attachment":[{"href":"https:\/\/www.europesays.com\/fi\/wp-json\/wp\/v2\/media?parent=137762"}],"wp:term":[{"taxonomy":"category","embeddable":true,"href":"https:\/\/www.europesays.com\/fi\/wp-json\/wp\/v2\/categories?post=137762"},{"taxonomy":"post_tag","embeddable":true,"href":"https:\/\/www.europesays.com\/fi\/wp-json\/wp\/v2\/tags?post=137762"}],"curies":[{"name":"wp","href":"https:\/\/api.w.org\/{rel}","templated":true}]}}