{"id":137764,"date":"2026-01-09T13:59:09","date_gmt":"2026-01-09T13:59:09","guid":{"rendered":"https:\/\/www.europesays.com\/fi\/137764\/"},"modified":"2026-01-09T13:59:09","modified_gmt":"2026-01-09T13:59:09","slug":"tom-brady-ja-hurjasti-nuorempi-nainen-kasipeli-tallentui-videolle","status":"publish","type":"post","link":"https:\/\/www.europesays.com\/fi\/137764\/","title":{"rendered":"Tom Brady ja hurjasti nuorempi nainen: K\u00e4sipeli tallentui videolle"},"content":{"rendered":"<p>Brady teki l\u00e4heist\u00e4 tuttavuutta somevaikuttajan kanssa.<\/p>\n<p><img decoding=\"async\" class=\"image image-show image-preview\" src=\"https:\/\/www.europesays.com\/fi\/wp-content\/uploads\/2026\/01\/020ab85fff84f8de858b93b9aa0dbfa1d9bbd01a05be435cfb261601880cf002.jpg\" alt=\"\"\/><img decoding=\"async\" class=\"image image-show\" src=\"https:\/\/www.europesays.com\/fi\/wp-content\/uploads\/2026\/01\/1767967149_223_020ab85fff84f8de858b93b9aa0dbfa1d9bbd01a05be435cfb261601880cf002.jpg\" alt=\"\"\/><\/p>\n<p>Tom Brady juhli uuttavuotta naisseurassa. AOP<\/p>\n<p class=\"paragraph\">Amerikkalaisen jalkapallon legenda <a href=\"https:\/\/www.iltalehti.fi\/henkilot\/Tom Brady\" class=\"article-link-person-page\" rel=\"nofollow noopener\" target=\"_blank\">Tom Brady<\/a>, 48, on n\u00e4hty l\u00e4heisiss\u00e4 tunnelmissa 25-vuotiaan somevaikuttajan <strong>Alix Earlen<\/strong> kanssa.<\/p>\n<p class=\"paragraph\">Asiasta uutisoivat viihdesivustot <a href=\"https:\/\/www.tmz.com\/2026\/01\/01\/tom-brady-alix-earle-st-barths-new-years\/?utm_social_handle_id=117270375&amp;adid=social-tws&amp;utm_social_post_id=639818651\" target=\"_blank\" rel=\"noopener nofollow\">TMZ<\/a> ja <a href=\"https:\/\/pagesix.com\/2026\/01\/01\/celebrity-news\/alix-earle-spends-time-with-tom-brady-on-st-barts-yacht\/\" target=\"_blank\" rel=\"noopener nofollow\">Page Six<\/a>.<\/p>\n<p class=\"paragraph\">TMZ:n haltuunsa saamilla videoilla n\u00e4kyy, miten Brady ja Earle tanssivat yhdess\u00e4 teknobileiss\u00e4. Somet\u00e4hti kuiskii Bradyn korvaan ja silittelee t\u00e4m\u00e4n selk\u00e4\u00e4 pitk\u00e4\u00e4n ja hartaasti.<\/p>\n<p class=\"paragraph\">Kyyhkyl\u00e4iset n\u00e4htiin my\u00f6s istuskelemassa vierekk\u00e4in eritt\u00e4in l\u00e4heisiss\u00e4 tunnelmissa.<\/p>\n<p class=\"paragraph\">Page Sixin mukaan videot oli kuvattu \u00f6kyjahdilla j\u00e4rjestetyiss\u00e4 juhlissa. Brady ja Earle vet\u00e4ytyiv\u00e4t illan aikana kahdestaan sivuun muusta juhlav\u00e4est\u00e4.<\/p>\n<p class=\"paragraph\">Earle on vastik\u00e4\u00e4n eronnut. 13. joulukuuta h\u00e4n julkaisi Tiktokissa itkuisen videon, jossa h\u00e4n ilmoitti, ett\u00e4 suhde NFL-pelaaja <strong>Braxton Berriosin<\/strong> kanssa on ohi. Earlella on videopalvelussa yli 8 miljoonaa seuraajaa.<\/p>\n<p class=\"paragraph\">Brady erosi vaimostaan <a href=\"https:\/\/www.iltalehti.fi\/henkilot\/Gisele B\u00fcndchen\" class=\"article-link-person-page\" rel=\"nofollow noopener\" target=\"_blank\">Gisele Bundchenist\u00e4<\/a> syksyll\u00e4 2022. T\u00e4m\u00e4n j\u00e4lkeen h\u00e4net on yhdistetty toiseen supermalliin <a href=\"https:\/\/www.iltalehti.fi\/henkilot\/Irina Shayk\" class=\"article-link-person-page\" rel=\"nofollow noopener\" target=\"_blank\">Irina Shaykiin<\/a>.<\/p>\n<p>Alix Earle on suosittu somet\u00e4hti. AOP<\/p>\n","protected":false},"excerpt":{"rendered":"Brady teki l\u00e4heist\u00e4 tuttavuutta somevaikuttajan kanssa. Tom Brady juhli uuttavuotta naisseurassa. AOP Amerikkalaisen jalkapallon legenda Tom Brady, 48,&hellip;\n","protected":false},"author":2,"featured_media":137765,"comment_status":"","ping_status":"","sticky":false,"template":"","format":"standard","meta":{"footnotes":""},"categories":[136],"tags":[35,407,2110,137,33,31,30,147,408,41,1616,151,32,109],"class_list":{"0":"post-137764","1":"post","2":"type-post","3":"status-publish","4":"format-standard","5":"has-post-thumbnail","7":"category-julkkikset","8":"tag-24h","9":"tag-celebrities","10":"tag-elamantapa-ja-vapaa-aika","11":"tag-entertainment","12":"tag-fi","13":"tag-finland","14":"tag-finnish","15":"tag-internet-palvelut","16":"tag-julkkikset","17":"tag-liikunta-ja-urheilu","18":"tag-media-viestinta","19":"tag-sosiaalinen-media-ja-verkostoituminen","20":"tag-suomi","21":"tag-viihde"},"share_on_mastodon":{"url":"https:\/\/pubeurope.com\/@fi\/115865502538780055","error":""},"_links":{"self":[{"href":"https:\/\/www.europesays.com\/fi\/wp-json\/wp\/v2\/posts\/137764","targetHints":{"allow":["GET"]}}],"collection":[{"href":"https:\/\/www.europesays.com\/fi\/wp-json\/wp\/v2\/posts"}],"about":[{"href":"https:\/\/www.europesays.com\/fi\/wp-json\/wp\/v2\/types\/post"}],"author":[{"embeddable":true,"href":"https:\/\/www.europesays.com\/fi\/wp-json\/wp\/v2\/users\/2"}],"replies":[{"embeddable":true,"href":"https:\/\/www.europesays.com\/fi\/wp-json\/wp\/v2\/comments?post=137764"}],"version-history":[{"count":0,"href":"https:\/\/www.europesays.com\/fi\/wp-json\/wp\/v2\/posts\/137764\/revisions"}],"wp:featuredmedia":[{"embeddable":true,"href":"https:\/\/www.europesays.com\/fi\/wp-json\/wp\/v2\/media\/137765"}],"wp:attachment":[{"href":"https:\/\/www.europesays.com\/fi\/wp-json\/wp\/v2\/media?parent=137764"}],"wp:term":[{"taxonomy":"category","embeddable":true,"href":"https:\/\/www.europesays.com\/fi\/wp-json\/wp\/v2\/categories?post=137764"},{"taxonomy":"post_tag","embeddable":true,"href":"https:\/\/www.europesays.com\/fi\/wp-json\/wp\/v2\/tags?post=137764"}],"curies":[{"name":"wp","href":"https:\/\/api.w.org\/{rel}","templated":true}]}}