{"id":137766,"date":"2026-01-09T14:02:07","date_gmt":"2026-01-09T14:02:07","guid":{"rendered":"https:\/\/www.europesays.com\/fi\/137766\/"},"modified":"2026-01-09T14:02:07","modified_gmt":"2026-01-09T14:02:07","slug":"vain-17-vuotias-the-voice-of-finland-voittaja-astui-julkisuuteen","status":"publish","type":"post","link":"https:\/\/www.europesays.com\/fi\/137766\/","title":{"rendered":"Vain 17-vuotias The Voice of Finland -voittaja astui julkisuuteen"},"content":{"rendered":"<p>Kev\u00e4\u00e4ll\u00e4 2025 The Voice of Finland -ohjelmassa koko Suomen hurmannut\u00a0<strong>Oliver Rosenholm<\/strong>\u00a0julkaisi t\u00e4n\u00e4\u00e4n debyyttisinglens\u00e4\u00a0Syv\u00e4lle silmiin. <\/p>\n<p>17-vuotias artistitulokas on ohjelman historian nuorin voittaja. Oliver Rosenholmin debyyttisingle\u00a0Syv\u00e4lle silmiin\u00a0kuvaa hetke\u00e4, jossa tunne voittaa j\u00e4rjen ja voimakas vetovoima toista kohtaan synnytt\u00e4\u00e4 sis\u00e4isen kamppailun.<\/p>\n<p>Lue my\u00f6s: <a href=\"https:\/\/www.como.fi\/uutiset\/vain-16-vuotias-the-voice-of-finland-kisaaja-allistyttaa-sinusta-tulee-suomessa-iso-tahti\/\" title=\"Vain 16-vuotias The Voice of Finland -kisaaja \u00e4llistytt\u00e4\u00e4: \u201dSinusta tulee Suomessa iso t\u00e4hti\u201d\" class=\"underline-custom !font-montserrat !font-bold !underline-offset-4 !decoration-4 !decoration-red-600 !text-md\" rel=\"nofollow noopener\" target=\"_blank\">Vain 16-vuotias The Voice of Finland -kisaaja \u00e4llistytt\u00e4\u00e4: \u201dSinusta tulee Suomessa iso t\u00e4hti\u201d<\/a><\/p>\n<p>Lue my\u00f6s: <a href=\"https:\/\/www.como.fi\/uutiset\/vau-voice-voittaja-oliver-palkittiin\/\" title=\"Vau! Voice-voittaja Oliver palkittiin!\" class=\"underline-custom !font-montserrat !font-bold !underline-offset-4 !decoration-4 !decoration-red-600 !text-md\" rel=\"nofollow noopener\" target=\"_blank\">Vau! Voice-voittaja Oliver palkittiin!<\/a><\/p>\n<p>\u201dIhanaa saada debyyttisingle ulos, sill\u00e4 t\u00e4t\u00e4 on todellakin odotettu!\u00a0Syv\u00e4lle silmiin\u00a0k\u00e4sittelee el\u00e4m\u00e4n ristiriitatilannetta, jossa j\u00e4rki ja tunteet kulkevat eri suuntiin. T\u00e4m\u00e4n kappaleen kanssa, kuten biisiss\u00e4kin sanotaan, palaset pamahtivat paikalleen niin musiikillisesti kuin tekij\u00f6idenkin osalta. Olen superylpe\u00e4 ja innoissani julkaisusta sek\u00e4 \u00e4\u00e4rimm\u00e4isen kiitollinen jokaiselle, joka on ollut matkassa mukana\u201d, Rosenholm kertoo.<\/p>\n<p>Esikuvikseen Rosenholm mainitsee mm.\u00a0<strong>Adam Lambertin<\/strong>,\u00a0<strong>Antti Tuiskun<\/strong>\u00a0ja\u00a0<strong>C\u00e9line Dionin<\/strong>.<\/p>\n<p>Kuuntele kappale alta.<\/p>\n<p><img loading=\"lazy\" decoding=\"async\" alt=\"YouTube video\" width=\"480\" height=\"360\" data-pin-nopin=\"true\" nopin=\"nopin\" class=\"perfmatters-lazy\" src=\"https:\/\/www.europesays.com\/fi\/wp-content\/uploads\/2026\/01\/1767967327_613_hqdefault.jpg\"\/><\/p>\n<p>Lue my\u00f6s: <a href=\"https:\/\/www.como.fi\/tilaa-comon-uutiskirje\/\" title=\"Tilaa Comon uutiskirje ja tied\u00e4t mist\u00e4 kahvitauolla puhutaan! Nappaa kotimaan tv-vinkit ja puheenaiheet suoraan s\u00e4hk\u00f6postiin t\u00e4st\u00e4.\" class=\"underline-custom !font-montserrat !font-bold !underline-offset-4 !decoration-4 !decoration-red-600 !text-md\" rel=\"nofollow noopener\" target=\"_blank\">Tilaa Comon uutiskirje ja tied\u00e4t mist\u00e4 kahvitauolla puhutaan! Nappaa kotimaan tv-vinkit ja puheenaiheet suoraan s\u00e4hk\u00f6postiin t\u00e4st\u00e4.<\/a><\/p>\n","protected":false},"excerpt":{"rendered":"Kev\u00e4\u00e4ll\u00e4 2025 The Voice of Finland -ohjelmassa koko Suomen hurmannut\u00a0Oliver Rosenholm\u00a0julkaisi t\u00e4n\u00e4\u00e4n debyyttisinglens\u00e4\u00a0Syv\u00e4lle silmiin. 17-vuotias artistitulokas on ohjelman&hellip;\n","protected":false},"author":2,"featured_media":137767,"comment_status":"","ping_status":"","sticky":false,"template":"","format":"standard","meta":{"footnotes":""},"categories":[133],"tags":[137,33,31,30,32,206,156,109,12000],"class_list":{"0":"post-137766","1":"post","2":"type-post","3":"status-publish","4":"format-standard","5":"has-post-thumbnail","7":"category-televisiot","8":"tag-entertainment","9":"tag-fi","10":"tag-finland","11":"tag-finnish","12":"tag-suomi","13":"tag-televisiot","14":"tag-tv","15":"tag-viihde","16":"tag-voice-of-finland"},"share_on_mastodon":{"url":"https:\/\/pubeurope.com\/@fi\/115865514313913953","error":""},"_links":{"self":[{"href":"https:\/\/www.europesays.com\/fi\/wp-json\/wp\/v2\/posts\/137766","targetHints":{"allow":["GET"]}}],"collection":[{"href":"https:\/\/www.europesays.com\/fi\/wp-json\/wp\/v2\/posts"}],"about":[{"href":"https:\/\/www.europesays.com\/fi\/wp-json\/wp\/v2\/types\/post"}],"author":[{"embeddable":true,"href":"https:\/\/www.europesays.com\/fi\/wp-json\/wp\/v2\/users\/2"}],"replies":[{"embeddable":true,"href":"https:\/\/www.europesays.com\/fi\/wp-json\/wp\/v2\/comments?post=137766"}],"version-history":[{"count":0,"href":"https:\/\/www.europesays.com\/fi\/wp-json\/wp\/v2\/posts\/137766\/revisions"}],"wp:featuredmedia":[{"embeddable":true,"href":"https:\/\/www.europesays.com\/fi\/wp-json\/wp\/v2\/media\/137767"}],"wp:attachment":[{"href":"https:\/\/www.europesays.com\/fi\/wp-json\/wp\/v2\/media?parent=137766"}],"wp:term":[{"taxonomy":"category","embeddable":true,"href":"https:\/\/www.europesays.com\/fi\/wp-json\/wp\/v2\/categories?post=137766"},{"taxonomy":"post_tag","embeddable":true,"href":"https:\/\/www.europesays.com\/fi\/wp-json\/wp\/v2\/tags?post=137766"}],"curies":[{"name":"wp","href":"https:\/\/api.w.org\/{rel}","templated":true}]}}