{"id":137780,"date":"2026-01-09T14:25:09","date_gmt":"2026-01-09T14:25:09","guid":{"rendered":"https:\/\/www.europesays.com\/fi\/137780\/"},"modified":"2026-01-09T14:25:09","modified_gmt":"2026-01-09T14:25:09","slug":"pepe-willberg-ajoi-naisen-yli-nain-han-vastasi-poliisille","status":"publish","type":"post","link":"https:\/\/www.europesays.com\/fi\/137780\/","title":{"rendered":"Pepe Willberg ajoi naisen yli \u2013 N\u00e4in h\u00e4n vastasi poliisille"},"content":{"rendered":"<p>Poliisi ep\u00e4ilee Pepe Willbergin ajaneen py\u00f6r\u00e4ilij\u00e4n yli. L\u00e4hes viisikymppinen nainen joutui useaksi p\u00e4iv\u00e4ksi sairaalahoitoon. <\/p>\n<p><img decoding=\"async\" class=\"image image-show image-preview\" src=\"https:\/\/www.europesays.com\/fi\/wp-content\/uploads\/2026\/01\/b990cf308fbc2072f0f9a3de6a65cc2e1402f2e9cf03fdc38779ddc34d3031fe.jpg\" alt=\"\"\/><img decoding=\"async\" class=\"image image-show\" src=\"https:\/\/www.europesays.com\/fi\/wp-content\/uploads\/2025\/12\/1765798628_99_b990cf308fbc2072f0f9a3de6a65cc2e1402f2e9cf03fdc38779ddc34d3031fe.jpg\" alt=\"\"\/><\/p>\n<p>Muusikko Pepe Willberg kiist\u00e4\u00e4 syyllistyneens\u00e4 rikokseen. Arkistokuva. ATTE KAJOVA<\/p>\n<p class=\"paragraph\">Muusikko <a href=\"https:\/\/www.iltalehti.fi\/henkilot\/Pepe Willberg\" class=\"article-link-person-page\" rel=\"nofollow noopener\" target=\"_blank\">Pertti \u201dPepe\u201d Willbergin<\/a>, 79, ep\u00e4ill\u00e4\u00e4n t\u00f6rm\u00e4nneen autollaan noin viisikymppiseen py\u00f6r\u00e4ilij\u00e4naiseen Helsingiss\u00e4.<\/p>\n<p class=\"paragraph\">Rikostutkinta on viitt\u00e4 vaille valmis, kertoo rikoskomisario <strong>Lasse Manninen<\/strong>.<\/p>\n<p class=\"paragraph\">Willbergi\u00e4 ep\u00e4ill\u00e4\u00e4n t\u00f6rke\u00e4st\u00e4 liikenneturvallisuuden vaarantamisesta ja vammantuottamuksesta. Poliisi kuulusteli h\u00e4nt\u00e4 t\u00e4n\u00e4\u00e4n perjantaina.<\/p>\n<p class=\"paragraph\">Tutkinnanjohtaja Mannisen mukaan ep\u00e4ilty ei katso syyllistyneens\u00e4 rikokseen. Willberg on jo aiemmin kiist\u00e4nyt rikosep\u00e4ilyn julkisuudessa. H\u00e4n ei kertomansa mukaan n\u00e4hnyt py\u00f6r\u00e4ilij\u00e4\u00e4.<\/p>\n<p class=\"paragraph\">Willbergin ja naisen lis\u00e4ksi poliisi on kuullut todistajana kahta sivullista, Manninen kertoo.<\/p>\n<p class=\"paragraph\">Poliisi ep\u00e4ilee, ett\u00e4 Willberg ajoi py\u00f6r\u00e4ilij\u00e4n yli Aleksis Kiven kadun ja Savonkadun risteyksess\u00e4 Helsingin Alppilassa perjantaina 12. joulukuuta 2025.<\/p>\n<p class=\"paragraph\">T\u00f6rm\u00e4yksess\u00e4 loukkaantunut, 1970-luvun lopulla syntynyt nainen joutui useaksi p\u00e4iv\u00e4ksi sairaalahoitoon.<\/p>\n<p class=\"paragraph\">Poliisi odottaa viel\u00e4 h\u00e4nen l\u00e4\u00e4k\u00e4rinlausuntoaan ja l\u00e4hett\u00e4\u00e4 tutkintap\u00f6yt\u00e4kirjan sitten syytt\u00e4j\u00e4lle syyteharkintaan.<\/p>\n<p>Willbergit l\u00e4hettiv\u00e4t Iltalehdelle aiemmin kuvat muusikon autosta, jolla h\u00e4n v\u00e4itetysti ajoi py\u00f6r\u00e4ilij\u00e4n yli. PAULIINA WILLBERGIN KOTIALBUMI<\/p>\n","protected":false},"excerpt":{"rendered":"Poliisi ep\u00e4ilee Pepe Willbergin ajaneen py\u00f6r\u00e4ilij\u00e4n yli. L\u00e4hes viisikymppinen nainen joutui useaksi p\u00e4iv\u00e4ksi sairaalahoitoon. Muusikko Pepe Willberg kiist\u00e4\u00e4&hellip;\n","protected":false},"author":2,"featured_media":116936,"comment_status":"","ping_status":"","sticky":false,"template":"","format":"standard","meta":{"footnotes":""},"categories":[136],"tags":[35,407,137,33,31,30,408,55,53,122,54,52,32,109],"class_list":{"0":"post-137780","1":"post","2":"type-post","3":"status-publish","4":"format-standard","5":"has-post-thumbnail","7":"category-julkkikset","8":"tag-24h","9":"tag-celebrities","10":"tag-entertainment","11":"tag-fi","12":"tag-finland","13":"tag-finnish","14":"tag-julkkikset","15":"tag-lainvalvonta","16":"tag-laki-oikeus-ja-rikos","17":"tag-pelastaminen","18":"tag-pelastuspalvelut","19":"tag-poliisi","20":"tag-suomi","21":"tag-viihde"},"share_on_mastodon":{"url":"https:\/\/pubeurope.com\/@fi\/115865604764811320","error":""},"_links":{"self":[{"href":"https:\/\/www.europesays.com\/fi\/wp-json\/wp\/v2\/posts\/137780","targetHints":{"allow":["GET"]}}],"collection":[{"href":"https:\/\/www.europesays.com\/fi\/wp-json\/wp\/v2\/posts"}],"about":[{"href":"https:\/\/www.europesays.com\/fi\/wp-json\/wp\/v2\/types\/post"}],"author":[{"embeddable":true,"href":"https:\/\/www.europesays.com\/fi\/wp-json\/wp\/v2\/users\/2"}],"replies":[{"embeddable":true,"href":"https:\/\/www.europesays.com\/fi\/wp-json\/wp\/v2\/comments?post=137780"}],"version-history":[{"count":0,"href":"https:\/\/www.europesays.com\/fi\/wp-json\/wp\/v2\/posts\/137780\/revisions"}],"wp:featuredmedia":[{"embeddable":true,"href":"https:\/\/www.europesays.com\/fi\/wp-json\/wp\/v2\/media\/116936"}],"wp:attachment":[{"href":"https:\/\/www.europesays.com\/fi\/wp-json\/wp\/v2\/media?parent=137780"}],"wp:term":[{"taxonomy":"category","embeddable":true,"href":"https:\/\/www.europesays.com\/fi\/wp-json\/wp\/v2\/categories?post=137780"},{"taxonomy":"post_tag","embeddable":true,"href":"https:\/\/www.europesays.com\/fi\/wp-json\/wp\/v2\/tags?post=137780"}],"curies":[{"name":"wp","href":"https:\/\/api.w.org\/{rel}","templated":true}]}}