{"id":137781,"date":"2026-01-09T14:29:07","date_gmt":"2026-01-09T14:29:07","guid":{"rendered":"https:\/\/www.europesays.com\/fi\/137781\/"},"modified":"2026-01-09T14:29:07","modified_gmt":"2026-01-09T14:29:07","slug":"the-69-eyes-julkaisi-kitaralegendan-kanssa-yhteistyona-syntyneen-singlen-myos-ep-tuloillaan-parasta-kuusysia-ikina","status":"publish","type":"post","link":"https:\/\/www.europesays.com\/fi\/137781\/","title":{"rendered":"The 69 Eyes julkaisi kitaralegendan kanssa yhteisty\u00f6n\u00e4 syntyneen singlen, my\u00f6s ep tuloillaan &#8211; &#8221;Parasta &#8217;Kuusysi\u00e4&#8217; ikin\u00e4!&#8221;"},"content":{"rendered":"<p><strong>The 69 Eyes<\/strong> on julkaissut uuden singlen I Survive, jonka on kirjoittanut nimek\u00e4s kitaralegenda <strong>Steve Stevens<\/strong>, joka tunnetaan parhaiten <strong>Billy Idolin<\/strong> kitaristina. Kappaleen voit kuunnella tuosta alempaa.<\/p>\n<p>\u201dKerrottakoon, ett\u00e4 parin kuukauden p\u00e4\u00e4st\u00e4 ilmestyy my\u00f6s uusi nelj\u00e4n biisi ep. Se tulee olemaan monen mielest\u00e4 parasta \u2019Kuusysi\u00e4\u2019 ikin\u00e4!\u201d <a href=\"https:\/\/www.soundi.fi\/uutiset\/the-69-eyes-julkaisi-uuden-biisin-jyrki-69-kertoo-yhtyeen-uusista-levy-yhtiokuvioista-ja-kiertuesuunnitelmista\/\" target=\"_blank\" rel=\"noreferrer noopener nofollow\">kertoi Jyrki 69 toverilehti Soundille<\/a>.<\/p>\n<p>Singlen sek\u00e4 tulevan ep:n julkaisee Frontiers Musicin BLKIIBLK-alamerkki. Sama taho julkaisee loppukuusta my\u00f6s <strong>Megadethin <\/strong>viimeiseksi j\u00e4\u00e4v\u00e4n studioalbumin.<\/p>\n<p>\u201dOlen melkeinp\u00e4 shokissa, kuinka innoissaan BLKIIBLK on The 69 Eyesist\u00e4. Heid\u00e4n jenkkil\u00e4inen A&amp;R <strong>Mike Gitter<\/strong>, joka on ty\u00f6skennellyt muun muassa Roadrunner Recordsille sek\u00e4 tehnyt t\u00f6it\u00e4 <strong>Bad Religionin<\/strong> ja <strong>Lorna Shoren<\/strong> kanssa, on hehkutellut, ett\u00e4 seuraavaksi tehd\u00e4\u00e4n \u2019definitiivinen 69-levy\u2019. Selv\u00e4 homma!\u201d<\/p>\n<p>Muista 69 Eyesin tulevista kuvioista kuten keikoista voit lukea lis\u00e4\u00e4 <a href=\"https:\/\/www.soundi.fi\/uutiset\/the-69-eyes-julkaisi-uuden-biisin-jyrki-69-kertoo-yhtyeen-uusista-levy-yhtiokuvioista-ja-kiertuesuunnitelmista\/\" target=\"_blank\" rel=\"noreferrer noopener nofollow\">Soundista<\/a>.<\/p>\n<p><img loading=\"lazy\" decoding=\"async\" alt=\"YouTube video\" width=\"480\" height=\"360\" data-pin-nopin=\"true\" nopin=\"nopin\" class=\"perfmatters-lazy\" src=\"https:\/\/www.europesays.com\/fi\/wp-content\/uploads\/2026\/01\/1767968947_38_hqdefault.jpg\"\/><\/p>\n<p>Lue my\u00f6s: <a href=\"https:\/\/www.inferno.fi\/uutiskirje\/\" title=\"Tilaa Infernon uutiskirje\" class=\"underline-custom !font-montserrat !font-bold !underline-offset-4 !decoration-4 !decoration-red-600 !text-md\" rel=\"nofollow noopener\" target=\"_blank\">Tilaa Infernon uutiskirje ja tied\u00e4t mist\u00e4 kahvitauolla puhutaan! Nappaa raskaan musiikin uutiset ja puheenaiheet suoraan s\u00e4hk\u00f6postiin t\u00e4st\u00e4.<\/a><\/p>\n","protected":false},"excerpt":{"rendered":"The 69 Eyes on julkaissut uuden singlen I Survive, jonka on kirjoittanut nimek\u00e4s kitaralegenda Steve Stevens, joka tunnetaan&hellip;\n","protected":false},"author":2,"featured_media":137782,"comment_status":"","ping_status":"","sticky":false,"template":"","format":"standard","meta":{"footnotes":""},"categories":[132],"tags":[137,3149,33,31,30,195,47,1244,32,109],"class_list":{"0":"post-137781","1":"post","2":"type-post","3":"status-publish","4":"format-standard","5":"has-post-thumbnail","7":"category-musiikki","8":"tag-entertainment","9":"tag-ep","10":"tag-fi","11":"tag-finland","12":"tag-finnish","13":"tag-music","14":"tag-musiikki","15":"tag-single","16":"tag-suomi","17":"tag-viihde"},"share_on_mastodon":{"url":"https:\/\/pubeurope.com\/@fi\/115865620512794326","error":""},"_links":{"self":[{"href":"https:\/\/www.europesays.com\/fi\/wp-json\/wp\/v2\/posts\/137781","targetHints":{"allow":["GET"]}}],"collection":[{"href":"https:\/\/www.europesays.com\/fi\/wp-json\/wp\/v2\/posts"}],"about":[{"href":"https:\/\/www.europesays.com\/fi\/wp-json\/wp\/v2\/types\/post"}],"author":[{"embeddable":true,"href":"https:\/\/www.europesays.com\/fi\/wp-json\/wp\/v2\/users\/2"}],"replies":[{"embeddable":true,"href":"https:\/\/www.europesays.com\/fi\/wp-json\/wp\/v2\/comments?post=137781"}],"version-history":[{"count":0,"href":"https:\/\/www.europesays.com\/fi\/wp-json\/wp\/v2\/posts\/137781\/revisions"}],"wp:featuredmedia":[{"embeddable":true,"href":"https:\/\/www.europesays.com\/fi\/wp-json\/wp\/v2\/media\/137782"}],"wp:attachment":[{"href":"https:\/\/www.europesays.com\/fi\/wp-json\/wp\/v2\/media?parent=137781"}],"wp:term":[{"taxonomy":"category","embeddable":true,"href":"https:\/\/www.europesays.com\/fi\/wp-json\/wp\/v2\/categories?post=137781"},{"taxonomy":"post_tag","embeddable":true,"href":"https:\/\/www.europesays.com\/fi\/wp-json\/wp\/v2\/tags?post=137781"}],"curies":[{"name":"wp","href":"https:\/\/api.w.org\/{rel}","templated":true}]}}