{"id":137785,"date":"2026-01-09T14:33:07","date_gmt":"2026-01-09T14:33:07","guid":{"rendered":"https:\/\/www.europesays.com\/fi\/137785\/"},"modified":"2026-01-09T14:33:07","modified_gmt":"2026-01-09T14:33:07","slug":"annis-365-dokumentti-kamera-seurasi-nuoria-porilaisia-vuoden-ajan","status":"publish","type":"post","link":"https:\/\/www.europesays.com\/fi\/137785\/","title":{"rendered":"Annis 365 -dokumentti: Kamera seurasi nuoria porilaisia vuoden ajan"},"content":{"rendered":"<p>Elokuvassa n\u00e4kyy muun muassa, miten nuoret ovat innostuneet uudelleen b\u00e4ndisoitosta.<\/p>\n<p class=\"article-body mb-nof-24 px-nof-16\">Pori<\/p>\n<p class=\"article-body mb-nof-24 px-nof-16\">Kulttuuritalo Anniksen el\u00e4m\u00e4\u00e4 ikuistettiin vuoden ajalta. <a class=\"font-bold underline-offset-[0.12em] [text-decoration:var(--person-link-text-decoration)] ![text-decoration-color:var(--person-link-text-decoration-color)]\" href=\"https:\/\/www.satakunnankansa.fi\/haku\/?query=Antti-Jussi%20Marjam%C3%A4en\" rel=\"nofollow noopener\" target=\"_blank\">Antti-Jussi Marjam\u00e4en<\/a> uudessa dokumenttielokuvassa p\u00e4\u00e4sev\u00e4t \u00e4\u00e4neen seitsem\u00e4n Anniksella vaikuttavaa 15\u201322-vuotiasta nuorta.<\/p>\n<p class=\"article-body mb-nof-24 px-nof-16\">Annis 365 \u2013 Vuosi nuoruudesta -dokumentin p\u00e4\u00e4see n\u00e4kem\u00e4\u00e4n Anniksella lauantaina 10. tammikuuta. Kamera seuraa vuoden ymp\u00e4ri kulttuuritalon el\u00e4m\u00e4\u00e4 tapahtumissa, teatteriharjoituksissa, b\u00e4nditreeneiss\u00e4 ja keikoilla. Dokumenttia on kuvattu vuosina 2024 ja 2025. Haastatteluissa kuullaan nuorten lis\u00e4ksi talon ty\u00f6ntekij\u00f6it\u00e4, jotka ovat kaikki itsekin entisi\u00e4 Annis-nuoria.<\/p>\n","protected":false},"excerpt":{"rendered":"Elokuvassa n\u00e4kyy muun muassa, miten nuoret ovat innostuneet uudelleen b\u00e4ndisoitosta. Pori Kulttuuritalo Anniksen el\u00e4m\u00e4\u00e4 ikuistettiin vuoden ajalta. Antti-Jussi&hellip;\n","protected":false},"author":2,"featured_media":137786,"comment_status":"","ping_status":"","sticky":false,"template":"","format":"standard","meta":{"footnotes":""},"categories":[130],"tags":[137,33,31,30,80,32,109],"class_list":{"0":"post-137785","1":"post","2":"type-post","3":"status-publish","4":"format-standard","5":"has-post-thumbnail","7":"category-viihde","8":"tag-entertainment","9":"tag-fi","10":"tag-finland","11":"tag-finnish","12":"tag-satakunnan-kansa","13":"tag-suomi","14":"tag-viihde"},"share_on_mastodon":{"url":"https:\/\/pubeurope.com\/@fi\/115865636291627828","error":""},"_links":{"self":[{"href":"https:\/\/www.europesays.com\/fi\/wp-json\/wp\/v2\/posts\/137785","targetHints":{"allow":["GET"]}}],"collection":[{"href":"https:\/\/www.europesays.com\/fi\/wp-json\/wp\/v2\/posts"}],"about":[{"href":"https:\/\/www.europesays.com\/fi\/wp-json\/wp\/v2\/types\/post"}],"author":[{"embeddable":true,"href":"https:\/\/www.europesays.com\/fi\/wp-json\/wp\/v2\/users\/2"}],"replies":[{"embeddable":true,"href":"https:\/\/www.europesays.com\/fi\/wp-json\/wp\/v2\/comments?post=137785"}],"version-history":[{"count":0,"href":"https:\/\/www.europesays.com\/fi\/wp-json\/wp\/v2\/posts\/137785\/revisions"}],"wp:featuredmedia":[{"embeddable":true,"href":"https:\/\/www.europesays.com\/fi\/wp-json\/wp\/v2\/media\/137786"}],"wp:attachment":[{"href":"https:\/\/www.europesays.com\/fi\/wp-json\/wp\/v2\/media?parent=137785"}],"wp:term":[{"taxonomy":"category","embeddable":true,"href":"https:\/\/www.europesays.com\/fi\/wp-json\/wp\/v2\/categories?post=137785"},{"taxonomy":"post_tag","embeddable":true,"href":"https:\/\/www.europesays.com\/fi\/wp-json\/wp\/v2\/tags?post=137785"}],"curies":[{"name":"wp","href":"https:\/\/api.w.org\/{rel}","templated":true}]}}