{"id":137794,"date":"2026-01-09T14:51:07","date_gmt":"2026-01-09T14:51:07","guid":{"rendered":"https:\/\/www.europesays.com\/fi\/137794\/"},"modified":"2026-01-09T14:51:07","modified_gmt":"2026-01-09T14:51:07","slug":"lotta-ja-pappa-duon-jorma-saahko-sairaalassa-tama-on-tilanne-nyt","status":"publish","type":"post","link":"https:\/\/www.europesays.com\/fi\/137794\/","title":{"rendered":"Lotta ja pappa -duon Jorma Saahko sairaalassa: T\u00e4m\u00e4 on tilanne nyt"},"content":{"rendered":"<p>\n            20211108, Helsinki. Nen\u00e4p\u00e4iv\u00e4 info Elisa-kulmassa. Kuvassa Lotta ja Jorma Saahko.<br \/>\n            TIMO KORHONEN\n        <\/p>\n<p class=\"subtitle \">Jorma Saahko, 90, joutui ennen vuodenvaihdetta sairaalaan.<\/p>\n<p class=\"article-content article-content-width !bg-background\">Lotta ja pappa -duosta tuttu , 90, joutui joulukuussa sairaalaan kaaduttuaan.<\/p>\n<p class=\"font-weight-bold m-font-weight-bold article-content article-content-width !bg-background\">Video: Lenita Airiston kuulumiset.<\/p>\n<p class=\"article-content article-content-width !bg-background\">Sairaalajaksosta huolimatta Jorma ja h\u00e4nen lapsenlapsensa  ovat lauleskelleet seuraajilleen l\u00e4pi joulun ja uuden vuoden.<\/p>\n<p class=\"article-content article-content-width !bg-background\">T\u00e4ll\u00e4 hetkell\u00e4 tilanne on se, ett\u00e4 pappa voi hyvin. Lotta kertoi asiasta t\u00e4n\u00e4\u00e4n (9. tammikuuta)<a href=\"https:\/\/www.instagram.com\/p\/DTSBmYmjLSI\/\" target=\"_blank\" rel=\"nofollow noopener\"> Instagram-tilill\u00e4\u00e4n.<\/a><\/p>\n<p class=\"article-content article-content-width !bg-background\">\u2013\u00a0Olette kyselleet papan voinnin per\u00e4\u00e4n! T\u00e4m\u00e4 video varmasti vastaa kysymykseen! Eilen h\u00e4n siirtyi my\u00f6s eri huoneeseen ja nyt h\u00e4nell\u00e4 on huonetoverina eritt\u00e4in mukava ja puhelias mies, joka varmasti tekee papan mielelle hyv\u00e4\u00e4, Lotta kertoo Jorman nykyisest\u00e4 voinnista.<\/p>\n<p class=\"article-content article-content-width !bg-background\">Videolla Jorma tapailee Kulkurin kaiho-kappaletta omilla sanoituksillaan.<\/p>\n<p>Liikuttui kyyneliin<\/p>\n<p class=\"article-content article-content-width !bg-background\">Lotta on p\u00e4ivitt\u00e4nyt s\u00e4\u00e4nn\u00f6llisesti papan voinnista seuraajille. Kymmenen kirjan kirjailija kertoi eilen p\u00e4ivityksess\u00e4\u00e4n, ett\u00e4 vei sairaalaan isois\u00e4lleen uusimman teoksensa Muistamme yhdess\u00e4.<\/p>\n<p class=\"article-content article-content-width !bg-background\">\u2013\u00a0Vein potilaalle tuliaisen sairaalaan ja h\u00e4n liikuttui onnesta, Lotta kirjoitti tunteikkaan kuvan ohessa.<\/p>\n<p class=\"article-content article-content-width !bg-background\">Kuvassa Jorma pitelee teosta selv\u00e4sti herkityneen\u00e4. Kirjassa Lotta kertoo el\u00e4m\u00e4st\u00e4 muistisairaan pappansa kanssa. Kirjassa on lis\u00e4ksi paljon tietoa muistisairauksien piirteist\u00e4, vaiheista ja tarjolla olevasta avusta.<\/p>\n<p>        <a itemprop=\"url\" href=\"https:\/\/www.seiska.fi\/katso\/ylen-kotimainen-uutuussarja-sai-katsojat-itkemaan-silmat-paastaan\/1935195\" rel=\"nofollow noopener\" target=\"_blank\"><\/p>\n<p>\nYlen kotimainen uutuussarja\n<\/p>\n<p class=\"section-date\">\n        <strong class=\"article-section\" data-section=\"katso\"><br \/>\n            katso<br \/>\n        <\/strong><br \/>\n        19.9.2025 06:15\n    <\/p>\n<p>Ylen kotimainen uutuussarja sai katsojat itkem\u00e4\u00e4n silm\u00e4t p\u00e4\u00e4st\u00e4\u00e4n\n    <\/p>\n<p itemprop=\"description\" class=\"subtitle \">\n    Lotta ja pappa -duo on sulattanut katsojien syd\u00e4met.\n<\/p>\n<p>        <\/a><\/p>\n<p>Kahden maan v\u00e4lill\u00e4<\/p>\n<p class=\"article-content article-content-width !bg-background\">Lotta on avoimesti puhunut el\u00e4m\u00e4st\u00e4\u00e4n, joka jakautuu Suomen ja Englannin v\u00e4lille.<\/p>\n<p class=\"article-content article-content-width !bg-background\">Kirjailija on kokenut tietynlaista yksin\u00e4isyyt\u00e4 ja jopa peitellyt taustaansa ulkomailla asuessaan.<\/p>\n<p>        <a itemprop=\"url\" href=\"https:\/\/www.seiska.fi\/kotimaa\/lotta-ja-pappa-duon-lotta-pimitti-taustansa\/2023062\" rel=\"nofollow noopener\" target=\"_blank\"><\/p>\n<p>\nLotta ja pappa -duon Lotta\n<\/p>\n<p class=\"section-date\">\n        <strong class=\"article-section\" data-section=\"kotimaa\"><br \/>\n            kotimaa<br \/>\n        <\/strong><br \/>\n        16.12.2025 17:00\n    <\/p>\n<p>Lotta ja pappa -duon Lotta pimitti taustansa\n    <\/p>\n<p itemprop=\"description\" class=\"subtitle \">\n    Lotta Saahkon toiminta on her\u00e4tt\u00e4nyt ihmetyst\u00e4.\n<\/p>\n<p>        <\/a><\/p>\n<p class=\"article-content article-content-width !bg-background\">Lotta kertoi juuri <a href=\"https:\/\/anna.fi\/ihmiset\/lotta-sofia-saahko-asui-lapsuutensa-useassa-maassa-nyt-hanella-on-koti-seka-lontoossa-etta-pappansa-ylakerrassa\" target=\"_blank\" rel=\"nofollow noopener\">Anna-lehdelle<\/a> siit\u00e4, miten papasta huolehditaan silloin kun h\u00e4n ei ole Suomessa.\u00a0<\/p>\n<p class=\"article-content article-content-width !bg-background\">Papan luona k\u00e4y kaksi kertaa viikossa hoivapalvelun seuralainen, et\u00e4hoitaja soittaa papalle kahdesti p\u00e4iv\u00e4ss\u00e4 ja uusi teknologia kuten l\u00e4\u00e4kerobotti on apuna vuorokauden ymp\u00e4ri.<\/p>\n<p><script async src=\"\/\/www.instagram.com\/embed.js\"><\/script><\/p>\n","protected":false},"excerpt":{"rendered":"20211108, Helsinki. Nen\u00e4p\u00e4iv\u00e4 info Elisa-kulmassa. Kuvassa Lotta ja Jorma Saahko. TIMO KORHONEN Jorma Saahko, 90, joutui ennen vuodenvaihdetta&hellip;\n","protected":false},"author":2,"featured_media":137795,"comment_status":"","ping_status":"","sticky":false,"template":"","format":"standard","meta":{"footnotes":""},"categories":[136],"tags":[407,137,33,31,30,10716,408,11612,3397,9030,32,167,109],"class_list":{"0":"post-137794","1":"post","2":"type-post","3":"status-publish","4":"format-standard","5":"has-post-thumbnail","7":"category-julkkikset","8":"tag-celebrities","9":"tag-entertainment","10":"tag-fi","11":"tag-finland","12":"tag-finnish","13":"tag-jorma-saahko","14":"tag-julkkikset","15":"tag-lotta-sofia-saahko","16":"tag-muistisairaus","17":"tag-sairaalahoito","18":"tag-suomi","19":"tag-terveys","20":"tag-viihde"},"share_on_mastodon":{"url":"https:\/\/pubeurope.com\/@fi\/115865706992275531","error":""},"_links":{"self":[{"href":"https:\/\/www.europesays.com\/fi\/wp-json\/wp\/v2\/posts\/137794","targetHints":{"allow":["GET"]}}],"collection":[{"href":"https:\/\/www.europesays.com\/fi\/wp-json\/wp\/v2\/posts"}],"about":[{"href":"https:\/\/www.europesays.com\/fi\/wp-json\/wp\/v2\/types\/post"}],"author":[{"embeddable":true,"href":"https:\/\/www.europesays.com\/fi\/wp-json\/wp\/v2\/users\/2"}],"replies":[{"embeddable":true,"href":"https:\/\/www.europesays.com\/fi\/wp-json\/wp\/v2\/comments?post=137794"}],"version-history":[{"count":0,"href":"https:\/\/www.europesays.com\/fi\/wp-json\/wp\/v2\/posts\/137794\/revisions"}],"wp:featuredmedia":[{"embeddable":true,"href":"https:\/\/www.europesays.com\/fi\/wp-json\/wp\/v2\/media\/137795"}],"wp:attachment":[{"href":"https:\/\/www.europesays.com\/fi\/wp-json\/wp\/v2\/media?parent=137794"}],"wp:term":[{"taxonomy":"category","embeddable":true,"href":"https:\/\/www.europesays.com\/fi\/wp-json\/wp\/v2\/categories?post=137794"},{"taxonomy":"post_tag","embeddable":true,"href":"https:\/\/www.europesays.com\/fi\/wp-json\/wp\/v2\/tags?post=137794"}],"curies":[{"name":"wp","href":"https:\/\/api.w.org\/{rel}","templated":true}]}}