{"id":137796,"date":"2026-01-09T14:55:08","date_gmt":"2026-01-09T14:55:08","guid":{"rendered":"https:\/\/www.europesays.com\/fi\/137796\/"},"modified":"2026-01-09T14:55:08","modified_gmt":"2026-01-09T14:55:08","slug":"lauri-markkaselta-paljonpuhuva-reaktio-gettomasan-paluuseen","status":"publish","type":"post","link":"https:\/\/www.europesays.com\/fi\/137796\/","title":{"rendered":"Lauri Markkaselta paljonpuhuva reaktio Gettomasan paluuseen"},"content":{"rendered":"<p>Gettomasa astui t\u00e4ll\u00e4 viikolla julkisuuteen l\u00e4hes parin vuoden tauon j\u00e4lkeen.<\/p>\n<p><img decoding=\"async\" class=\"image image-show image-preview\" src=\"https:\/\/www.europesays.com\/fi\/wp-content\/uploads\/2026\/01\/ec51950adbbd18924913b58d12403e7e0663f0ac00c91108a4c4373ef77630ae.jpg\" alt=\"\"\/><img decoding=\"async\" class=\"image image-show\" src=\"https:\/\/www.europesays.com\/fi\/wp-content\/uploads\/2026\/01\/1767970508_10_ec51950adbbd18924913b58d12403e7e0663f0ac00c91108a4c4373ef77630ae.jpg\" alt=\"\"\/><\/p>\n<p>Gettomasa julkaisi perjantaina paluukappaleen. Henri K\u00e4rkk\u00e4inen<\/p>\n<p class=\"paragraph\">R\u00e4pp\u00e4ri <a href=\"https:\/\/www.iltalehti.fi\/henkilot\/Gettomasa\" class=\"article-link-person-page\" rel=\"nofollow noopener\" target=\"_blank\">Gettomasa<\/a> eli <a href=\"https:\/\/www.iltalehti.fi\/henkilot\/Gettomasa\" class=\"article-link-person-page\" rel=\"nofollow noopener\" target=\"_blank\">Aleksi Lehikoinen<\/a> kertoi t\u00e4ll\u00e4 viikolla palaavansa keikkalavoille vajaan parin vuoden j\u00e4lkeen.<\/p>\n<p class=\"paragraph\">Samalla artisti kertoi julkaisevansa uutta musiikkia. Sit\u00e4 on nyt saatu, kun Gettomasa julkaisi perjantaina Aitous ei oo myynniss\u00e4 -kappaleen. Se on r\u00e4pp\u00e4rin ensimm\u00e4inen soolojulkaisu sitten toukokuun 2024.<\/p>\n<p class=\"paragraph\">Kappale on ker\u00e4nnyt l\u00e4hinn\u00e4 positiivisia reaktioita sosiaalisessa mediassa. Etenkin Gettomasan Instagram-kommenttikent\u00e4ss\u00e4 paluukappaletta hehkutetaan.<\/p>\n<p class=\"paragraph\">\u2013 En tied\u00e4 mit\u00e4 t\u00e4ss\u00e4 tauon aikana tapahtui, mutta onneksi vanha Allu on tullu takas, er\u00e4s kommentoi.<\/p>\n<p class=\"paragraph\">\u2013 Kruunun omistaja.<\/p>\n<p class=\"paragraph\">\u2013 Kova j\u00e4tk\u00e4.<\/p>\n<p class=\"paragraph\">\u2013 Chosen one, er\u00e4s kommentoi viitaten samalla Gettomasan vuonna 2016 julkaistuun albumiin.<\/p>\n<p class=\"paragraph\">Kappaleesta on selv\u00e4sti pit\u00e4nyt my\u00f6s koripalloilija <a href=\"https:\/\/www.iltalehti.fi\/henkilot\/Lauri Markkanen\" class=\"article-link-person-page\" rel=\"nofollow noopener\" target=\"_blank\">Lauri Markkanen<\/a>. H\u00e4n on kommentoinut Gettomasan Instagram-julkaisua liekkiemojein.<\/p>\n<p class=\"paragraph\">Jos julkaisu ei n\u00e4y, voit katsoa sen <a href=\"https:\/\/www.instagram.com\/p\/DTRAnfLjRzB\/\" rel=\"noopener nofollow\" target=\"_blank\">t\u00e4st\u00e4 linkist\u00e4<\/a>.<\/p>\n<p class=\"paragraph\">My\u00f6s anonyymiss\u00e4 viestipalvelu Jodelissa hehkutetaan kappaletta.<\/p>\n<p class=\"paragraph\">\u2013 M. Aito is back.<\/p>\n<p class=\"paragraph\">\u2013 Masa l\u00f6i kunnarin.<\/p>\n<p class=\"paragraph\">\u2013 T\u00e4t\u00e4 levyllisen verran kiitos.<\/p>\n<p class=\"paragraph\">\u2013 Onneksi Masa ei oo mik\u00e4\u00e4n iskelm\u00e4laulaja.<\/p>\n<p class=\"paragraph\">\u2013 Onhan tuo Masan biisi aivan huikea. Ai ettien ett\u00e4!<\/p>\n<p class=\"paragraph\">Gettomasa j\u00e4rjesti keskiviikkona tiedotustilaisuuden Jyv\u00e4skyl\u00e4n kaupungintalolla. Tiedotustilaisuudessa artisti kertoi palaavansa lavoille ja tekev\u00e4ns\u00e4 paluukonsertin Jyv\u00e4skyl\u00e4ss\u00e4 13. kes\u00e4kuuta.<\/p>\n<p class=\"paragraph\">Gettomasa tunnetaan muun muassa kappaleistaan Muijii stadis, Shampanjadieetill\u00e4 ja Vastustamaton.<\/p>\n<p><script async src=\"\/\/www.instagram.com\/embed.js\"><\/script><\/p>\n","protected":false},"excerpt":{"rendered":"Gettomasa astui t\u00e4ll\u00e4 viikolla julkisuuteen l\u00e4hes parin vuoden tauon j\u00e4lkeen. Gettomasa julkaisi perjantaina paluukappaleen. Henri K\u00e4rkk\u00e4inen R\u00e4pp\u00e4ri Gettomasa&hellip;\n","protected":false},"author":2,"featured_media":137797,"comment_status":"","ping_status":"","sticky":false,"template":"","format":"standard","meta":{"footnotes":""},"categories":[132],"tags":[35,138,137,33,31,30,195,47,141,742,32,484,109],"class_list":{"0":"post-137796","1":"post","2":"type-post","3":"status-publish","4":"format-standard","5":"has-post-thumbnail","7":"category-musiikki","8":"tag-24h","9":"tag-audio","10":"tag-entertainment","11":"tag-fi","12":"tag-finland","13":"tag-finnish","14":"tag-music","15":"tag-musiikki","16":"tag-muusikot-bandit","17":"tag-suomalainen-musiikki","18":"tag-suomi","19":"tag-taiteellinen-ilmaisu-ja-mediat","20":"tag-viihde"},"share_on_mastodon":{"url":"https:\/\/pubeurope.com\/@fi\/115865722938426643","error":""},"_links":{"self":[{"href":"https:\/\/www.europesays.com\/fi\/wp-json\/wp\/v2\/posts\/137796","targetHints":{"allow":["GET"]}}],"collection":[{"href":"https:\/\/www.europesays.com\/fi\/wp-json\/wp\/v2\/posts"}],"about":[{"href":"https:\/\/www.europesays.com\/fi\/wp-json\/wp\/v2\/types\/post"}],"author":[{"embeddable":true,"href":"https:\/\/www.europesays.com\/fi\/wp-json\/wp\/v2\/users\/2"}],"replies":[{"embeddable":true,"href":"https:\/\/www.europesays.com\/fi\/wp-json\/wp\/v2\/comments?post=137796"}],"version-history":[{"count":0,"href":"https:\/\/www.europesays.com\/fi\/wp-json\/wp\/v2\/posts\/137796\/revisions"}],"wp:featuredmedia":[{"embeddable":true,"href":"https:\/\/www.europesays.com\/fi\/wp-json\/wp\/v2\/media\/137797"}],"wp:attachment":[{"href":"https:\/\/www.europesays.com\/fi\/wp-json\/wp\/v2\/media?parent=137796"}],"wp:term":[{"taxonomy":"category","embeddable":true,"href":"https:\/\/www.europesays.com\/fi\/wp-json\/wp\/v2\/categories?post=137796"},{"taxonomy":"post_tag","embeddable":true,"href":"https:\/\/www.europesays.com\/fi\/wp-json\/wp\/v2\/tags?post=137796"}],"curies":[{"name":"wp","href":"https:\/\/api.w.org\/{rel}","templated":true}]}}