{"id":137805,"date":"2026-01-09T15:03:07","date_gmt":"2026-01-09T15:03:07","guid":{"rendered":"https:\/\/www.europesays.com\/fi\/137805\/"},"modified":"2026-01-09T15:03:07","modified_gmt":"2026-01-09T15:03:07","slug":"putinista-voi-tulla-vladimir-suuri","status":"publish","type":"post","link":"https:\/\/www.europesays.com\/fi\/137805\/","title":{"rendered":"Putinista voi tulla Vladimir Suuri"},"content":{"rendered":"<p>Presidentin johtaman Kansallisen historiallisen muistin keskuksen johtajan mielest\u00e4 Putin pit\u00e4isi palkita uudella tittelill\u00e4.<\/p>\n<p><img decoding=\"async\" class=\"image image-show image-preview\" src=\"https:\/\/www.europesays.com\/fi\/wp-content\/uploads\/2026\/01\/c51c74fb1304cbcbe1a3c5555c0305d1ef5c3fa707d2560c0ba7cd8ad1756408.jpg\" alt=\"\"\/><img decoding=\"async\" class=\"image image-show\" src=\"https:\/\/www.europesays.com\/fi\/wp-content\/uploads\/2026\/01\/1767970987_227_c51c74fb1304cbcbe1a3c5555c0305d1ef5c3fa707d2560c0ba7cd8ad1756408.jpg\" alt=\"\"\/><\/p>\n<p>Ainoastaan kolmea ven\u00e4l\u00e4ist\u00e4 hallitsijaa on kutsuttu \u201dSuuriksi\u201d maan pitk\u00e4n historian aikana. ZumaWire \/ MVPHOTOS<\/p>\n<p class=\"paragraph\">Ven\u00e4j\u00e4n presidentti <a href=\"https:\/\/www.iltalehti.fi\/henkilot\/Vladimir Putin\" class=\"article-link-person-page\" rel=\"nofollow noopener\" target=\"_blank\">Vladimir Putin<\/a> ansaitsisi tsaarinajalta kalskahtavan Suuri-tittelin.<\/p>\n<p class=\"paragraph\">N\u00e4in sanoo presidentin itsens\u00e4 johtaman Kansallisen historiallisen muistin keskuksen johtaja <strong>Jelena Maly\u0161eva<\/strong> ven\u00e4l\u00e4isen <a href=\"https:\/\/tass.ru\/politika\/26089199\" rel=\"noopener nofollow\" target=\"_blank\">Tass-uutistoimiston<\/a> haastattelussa.<\/p>\n<p class=\"paragraph\">Ven\u00e4j\u00e4n pitk\u00e4n historian aikana vain kolme hallitsijaa ovat saaneet Suuri-liikanimen.<\/p>\n<p class=\"paragraph\">\u2013 Miksi hallitsijoita kutsutaan suuriksi? Koska heid\u00e4n hallituskautensa Ven\u00e4j\u00e4n historiassa \u2013 mukaan lukien Iivana III, Pietari I ja Katariina Suuri \u2013 osuivat valtavan sosiaalisen, taloudellisen ja geopoliittisen mullistuksen aikaan, ja he pystyiv\u00e4t ottamaan vastuun maan tulevan suunnan m\u00e4\u00e4ritt\u00e4misest\u00e4, Maly\u0161eva sanoo.<\/p>\n<p class=\"paragraph\">Maly\u0161evan mielest\u00e4 Putinilla on ollut samanlainen vaikutus nykyp\u00e4iv\u00e4n Ven\u00e4j\u00e4\u00e4n.<\/p>\n<p class=\"paragraph\">Kansallinen historiallisen muistin keskus toimii Ven\u00e4j\u00e4n presidentinhallinnon alaisuudessa. Putin perusti sen itse vuonna 2023 puolustamaan Ven\u00e4j\u00e4n tulkintaa historiasta ja reagoimaan siihen, mit\u00e4 Ven\u00e4j\u00e4 pit\u00e4\u00e4 historiallisen muistin loukkauksina.<\/p>\n","protected":false},"excerpt":{"rendered":"Presidentin johtaman Kansallisen historiallisen muistin keskuksen johtajan mielest\u00e4 Putin pit\u00e4isi palkita uudella tittelill\u00e4. Ainoastaan kolmea ven\u00e4l\u00e4ist\u00e4 hallitsijaa on&hellip;\n","protected":false},"author":2,"featured_media":137806,"comment_status":"","ping_status":"","sticky":false,"template":"","format":"standard","meta":{"footnotes":""},"categories":[14],"tags":[35,22,23,26,27,33,31,30,17,24,25,28,29,15,18,21,142,637,144,32,19,20,56,16,638,1262,59,60,61],"class_list":{"0":"post-137805","1":"post","2":"type-post","3":"status-publish","4":"format-standard","5":"has-post-thumbnail","7":"category-ulkomaat","8":"tag-24h","9":"tag-breaking-news","10":"tag-breakingnews","11":"tag-featured-news","12":"tag-featurednews","13":"tag-fi","14":"tag-finland","15":"tag-finnish","16":"tag-headlines","17":"tag-latest-news","18":"tag-latestnews","19":"tag-main-news","20":"tag-mainnews","21":"tag-news","22":"tag-otsikot","23":"tag-paauutiset","24":"tag-poliitikot","25":"tag-politiikka","26":"tag-presidentti","27":"tag-suomi","28":"tag-top-stories","29":"tag-topstories","30":"tag-ulkomaat","31":"tag-uutiset","32":"tag-valtiovalta","33":"tag-venajan-politiikka","34":"tag-world","35":"tag-world-news","36":"tag-worldnews"},"share_on_mastodon":{"url":"https:\/\/pubeurope.com\/@fi\/115865754267946189","error":""},"_links":{"self":[{"href":"https:\/\/www.europesays.com\/fi\/wp-json\/wp\/v2\/posts\/137805","targetHints":{"allow":["GET"]}}],"collection":[{"href":"https:\/\/www.europesays.com\/fi\/wp-json\/wp\/v2\/posts"}],"about":[{"href":"https:\/\/www.europesays.com\/fi\/wp-json\/wp\/v2\/types\/post"}],"author":[{"embeddable":true,"href":"https:\/\/www.europesays.com\/fi\/wp-json\/wp\/v2\/users\/2"}],"replies":[{"embeddable":true,"href":"https:\/\/www.europesays.com\/fi\/wp-json\/wp\/v2\/comments?post=137805"}],"version-history":[{"count":0,"href":"https:\/\/www.europesays.com\/fi\/wp-json\/wp\/v2\/posts\/137805\/revisions"}],"wp:featuredmedia":[{"embeddable":true,"href":"https:\/\/www.europesays.com\/fi\/wp-json\/wp\/v2\/media\/137806"}],"wp:attachment":[{"href":"https:\/\/www.europesays.com\/fi\/wp-json\/wp\/v2\/media?parent=137805"}],"wp:term":[{"taxonomy":"category","embeddable":true,"href":"https:\/\/www.europesays.com\/fi\/wp-json\/wp\/v2\/categories?post=137805"},{"taxonomy":"post_tag","embeddable":true,"href":"https:\/\/www.europesays.com\/fi\/wp-json\/wp\/v2\/tags?post=137805"}],"curies":[{"name":"wp","href":"https:\/\/api.w.org\/{rel}","templated":true}]}}