{"id":137813,"date":"2026-01-09T15:17:07","date_gmt":"2026-01-09T15:17:07","guid":{"rendered":"https:\/\/www.europesays.com\/fi\/137813\/"},"modified":"2026-01-09T15:17:07","modified_gmt":"2026-01-09T15:17:07","slug":"kari-vaananen-elaa-hurjien-paukkupakkasten-keskella-huvittunut-letkautus-kylmasta-valittaville-etelasuomalaisille","status":"publish","type":"post","link":"https:\/\/www.europesays.com\/fi\/137813\/","title":{"rendered":"Kari V\u00e4\u00e4n\u00e4nen el\u00e4\u00e4 hurjien paukkupakkasten keskell\u00e4 \u2013 Huvittunut letkautus kylm\u00e4st\u00e4 valittaville etel\u00e4suomalaisille"},"content":{"rendered":"<p>Kemij\u00e4rvell\u00e4 asuva n\u00e4yttelij\u00e4 Kari V\u00e4\u00e4n\u00e4nen kertoo Iltalehdelle arjestaan l\u00e4hes 40 asteen pakkasilla.<\/p>\n<p><img decoding=\"async\" class=\"image image-show image-preview\" src=\"https:\/\/www.europesays.com\/fi\/wp-content\/uploads\/2026\/01\/87e58537fce5fa0b8fa326d7764dfa4d9e98618fc42fdcfa62d853070cae6b5b.jpg\" alt=\"\"\/><img decoding=\"async\" class=\"image image-show\" src=\"https:\/\/www.europesays.com\/fi\/wp-content\/uploads\/2026\/01\/1767971827_592_87e58537fce5fa0b8fa326d7764dfa4d9e98618fc42fdcfa62d853070cae6b5b.jpg\" alt=\"\"\/><\/p>\n<p>Kari V\u00e4\u00e4n\u00e4nen asuu t\u00e4t\u00e4 nyky\u00e4 Kemij\u00e4rvell\u00e4. Kuva vuodelta 2022. ATTE KAJOVA<\/p>\n<p class=\"paragraph\">Kylm\u00e4\u00e4 on, vastaa n\u00e4yttelij\u00e4 <a href=\"https:\/\/www.iltalehti.fi\/henkilot\/Kari V\u00e4\u00e4n\u00e4nen\" class=\"article-link-person-page\" rel=\"nofollow noopener\" target=\"_blank\">Kari V\u00e4\u00e4n\u00e4nen<\/a> puhelimeen. Kemij\u00e4rvell\u00e4 l\u00e4mp\u00f6tila on painunut l\u00e4hes 40 pakkasasteeseen.<\/p>\n<p class=\"paragraph\">V\u00e4\u00e4n\u00e4sen p\u00e4iv\u00e4t ovat kuluneet puita kantaessa ja takkaa l\u00e4mmitt\u00e4ess\u00e4, sill\u00e4 paukkupakkasilla kaukol\u00e4mp\u00f6 ei yksin riit\u00e4 pit\u00e4m\u00e4\u00e4n taloa l\u00e4mpim\u00e4n\u00e4.<\/p>\n<p class=\"paragraph\">\u2013 Kyll\u00e4 t\u00e4ss\u00e4 p\u00e4rj\u00e4t\u00e4\u00e4n, mutta ei t\u00e4\u00e4ll\u00e4 hirve\u00e4n l\u00e4mmin ole, V\u00e4\u00e4n\u00e4nen kuvailee kotiolojaan.<\/p>\n<p class=\"paragraph\">\u2013 Meill\u00e4 on katto v\u00e4h\u00e4n huonossa kunnossa, niin pakkanen tulee sielt\u00e4 l\u00e4pi. Pattereista loppui paineet, naapuri k\u00e4vi ne laittamassa kuntoon.<\/p>\n<p class=\"paragraph\">Vaikka pakkanen pisteleekin, ikkunasta avautuvat talvimaisemat ovat kauniit. Matalalta paistava aurinko pilkkii vaarojen takaa. Kev\u00e4\u00e4n l\u00e4hestyess\u00e4 my\u00f6s p\u00e4iv\u00e4 alkaa pidet\u00e4 nopeammin.<\/p>\n<p>Kemij\u00e4rvell\u00e4 on t\u00e4ll\u00e4 viikolla ollut l\u00e4hes 40 astetta pakkasta. Kuvituskuva. Pasi Liesimaa<\/p>\n<p class=\"paragraph\">V\u00e4\u00e4n\u00e4sen mielest\u00e4 hyv\u00e4 talvil\u00e4mp\u00f6tila olisi -20 astetta. N\u00e4yttelij\u00e4 naureskelee etel\u00e4n asukkaille, jotka kauhistuvat viidentoista ja kahdenkymmenen asteen pakkasista.<\/p>\n<p class=\"paragraph\">\u2013 Ei se ole viel\u00e4 mit\u00e4\u00e4n. Ei siin\u00e4 munat j\u00e4\u00e4dy viel\u00e4, V\u00e4\u00e4n\u00e4nen h\u00f6r\u00e4ht\u00e4\u00e4.<\/p>\n<p class=\"paragraph\">\u2013 Se on tietenkin, mihin on tottunut.<\/p>\n<p class=\"paragraph\">Vuosia sitten V\u00e4\u00e4n\u00e4nen vietti talvia Brasiliassa. Siell\u00e4 tuli ik\u00e4v\u00e4 jopa Suomen r\u00e4nt\u00e4sateitakin. P\u00e4iv\u00e4ntasaajalla vuodenaikoja oli vain kaksi: toinen m\u00e4rempi, toinen kuivempi.<\/p>\n<p>Ty\u00f6arki on j\u00e4\u00e4nyt Kari V\u00e4\u00e4n\u00e4sen osalta taakse. Kuva vuodelta 2020. Inka Soveri<\/p>\n<p>Jalka vaivaa<\/p>\n<p class=\"paragraph\">T\u00e4t\u00e4 nyky\u00e4 72-vuotias n\u00e4yttelij\u00e4 viett\u00e4\u00e4 Lapissa rauhaisia el\u00e4kep\u00e4ivi\u00e4. Menoa hidastaa nelj\u00e4 vuotta sitten <a href=\"https:\/\/www.iltalehti.fi\/viihdeuutiset\/e5a4c224-159b-41ce-85f9-ce429b99b2c1\" rel=\"nofollow noopener\" target=\"_blank\">verenkiertoh\u00e4iri\u00f6n vuoksi halvaantunut jalka<\/a>, joka edelleen kipuilee.<\/p>\n<p class=\"paragraph\">\u2013 Kyll\u00e4 min\u00e4 sill\u00e4 k\u00e4velen, mutta en sen kanssa en\u00e4\u00e4 viitsi t\u00f6it\u00e4 tehd\u00e4, n\u00e4yttelij\u00e4 sanoo.<\/p>\n<p class=\"paragraph\">\u2013 V\u00e4lill\u00e4 se on v\u00e4h \u00e4n harmittanut, mutta ihmisen el\u00e4m\u00e4 on sellainen, ett\u00e4 kun t\u00e4h\u00e4n ik\u00e4\u00e4n tulee, vaivoja tulee. Ei nyt kaikille, jotkut juoksevat viel\u00e4 maratonia, mutta en min\u00e4 juokse.<\/p>\n<p class=\"paragraph\">Muuten V\u00e4\u00e4n\u00e4sen terveys on pysynyt hyv\u00e4n\u00e4, vaikka ik\u00e4 tuokin vaivoja mukana.<\/p>\n<p class=\"paragraph\">\u2013 Lottovoittoa ja hautapaikkaa odotellessa, V\u00e4\u00e4n\u00e4nen naurahtaa.<\/p>\n<p class=\"paragraph\"><a href=\"https:\/\/www.iltalehti.fi\/saauutiset\/adfe8419-8fd5-4102-b7a3-cb06108855e7\" rel=\"nofollow noopener\" target=\"_blank\">Suomessa on loppiaisviikolla p\u00e4\u00e4sty todistamaan poikkeuksellisen kylmi\u00e4 s\u00e4it\u00e4<\/a>. Lapin Savukoskella Tulppion mittauspisteell\u00e4 <a href=\"https:\/\/www.iltalehti.fi\/saauutiset\/dcc45507-166d-4747-96f2-240c3a036c1d\" rel=\"nofollow noopener\" target=\"_blank\">mitattiin perjantaina talven pakkasenn\u00e4tys<\/a>, -42,8 astetta.<\/p>\n","protected":false},"excerpt":{"rendered":"Kemij\u00e4rvell\u00e4 asuva n\u00e4yttelij\u00e4 Kari V\u00e4\u00e4n\u00e4nen kertoo Iltalehdelle arjestaan l\u00e4hes 40 asteen pakkasilla. Kari V\u00e4\u00e4n\u00e4nen asuu t\u00e4t\u00e4 nyky\u00e4 Kemij\u00e4rvell\u00e4.&hellip;\n","protected":false},"author":2,"featured_media":137814,"comment_status":"","ping_status":"","sticky":false,"template":"","format":"standard","meta":{"footnotes":""},"categories":[136],"tags":[35,153,407,137,33,31,30,408,713,710,32,10305,140,109],"class_list":{"0":"post-137813","1":"post","2":"type-post","3":"status-publish","4":"format-standard","5":"has-post-thumbnail","7":"category-julkkikset","8":"tag-24h","9":"tag-audiovisuaalinen-media","10":"tag-celebrities","11":"tag-entertainment","12":"tag-fi","13":"tag-finland","14":"tag-finnish","15":"tag-julkkikset","16":"tag-lampotila-saa","17":"tag-saa","18":"tag-suomi","19":"tag-talvisaa","20":"tag-tv-ja-elokuvat","21":"tag-viihde"},"share_on_mastodon":{"url":"https:\/\/pubeurope.com\/@fi\/115865809277681026","error":""},"_links":{"self":[{"href":"https:\/\/www.europesays.com\/fi\/wp-json\/wp\/v2\/posts\/137813","targetHints":{"allow":["GET"]}}],"collection":[{"href":"https:\/\/www.europesays.com\/fi\/wp-json\/wp\/v2\/posts"}],"about":[{"href":"https:\/\/www.europesays.com\/fi\/wp-json\/wp\/v2\/types\/post"}],"author":[{"embeddable":true,"href":"https:\/\/www.europesays.com\/fi\/wp-json\/wp\/v2\/users\/2"}],"replies":[{"embeddable":true,"href":"https:\/\/www.europesays.com\/fi\/wp-json\/wp\/v2\/comments?post=137813"}],"version-history":[{"count":0,"href":"https:\/\/www.europesays.com\/fi\/wp-json\/wp\/v2\/posts\/137813\/revisions"}],"wp:featuredmedia":[{"embeddable":true,"href":"https:\/\/www.europesays.com\/fi\/wp-json\/wp\/v2\/media\/137814"}],"wp:attachment":[{"href":"https:\/\/www.europesays.com\/fi\/wp-json\/wp\/v2\/media?parent=137813"}],"wp:term":[{"taxonomy":"category","embeddable":true,"href":"https:\/\/www.europesays.com\/fi\/wp-json\/wp\/v2\/categories?post=137813"},{"taxonomy":"post_tag","embeddable":true,"href":"https:\/\/www.europesays.com\/fi\/wp-json\/wp\/v2\/tags?post=137813"}],"curies":[{"name":"wp","href":"https:\/\/api.w.org\/{rel}","templated":true}]}}