{"id":137815,"date":"2026-01-09T15:21:09","date_gmt":"2026-01-09T15:21:09","guid":{"rendered":"https:\/\/www.europesays.com\/fi\/137815\/"},"modified":"2026-01-09T15:21:09","modified_gmt":"2026-01-09T15:21:09","slug":"till-lindemann-dubaissa-rammstein-laulajan-syntymapaiva","status":"publish","type":"post","link":"https:\/\/www.europesays.com\/fi\/137815\/","title":{"rendered":"Till Lindemann Dubaissa: Rammstein laulajan syntym\u00e4p\u00e4iv\u00e4"},"content":{"rendered":"<p><strong><a href=\"https:\/\/kaaoszine.fi\/aiheet\/rammstein\/\" rel=\"nofollow noopener\" target=\"_blank\">Rammsteinin<\/a><\/strong> laulaja Till Lindemannin soolokeikka sattui osumaan h\u00e4nen syntym\u00e4p\u00e4iv\u00e4lleen Dubaissa tammikuun alussa. 63 vuotta t\u00e4ytt\u00e4nyt Leipzigin lahja saksalaiselle ja koko maailman metallimusiikille on tehnyt p\u00e4\u00e4b\u00e4ndin ohessa soolouraakin. Nyt k\u00e4ynniss\u00e4 oleva Meine Welt -kiertue oli saapunut lomakohteeseeni, joten pitih\u00e4n se menn\u00e4 tarkastamaan, ett\u00e4 kuinka teollinen junttahevi taipui dubailaiseen mahtailukulttuuriin.<\/p>\n<p><img fetchpriority=\"high\" decoding=\"async\" width=\"1060\" height=\"1300\" src=\"https:\/\/www.europesays.com\/fi\/wp-content\/uploads\/2026\/01\/img-20260104-221237-1060x1300.jpg\" alt=\"\" class=\"wp-image-731264\"  \/><\/p>\n<p>Keikkapaikkana toimi L\u00e4hi-id\u00e4n konserttiareenoista suurin, <a href=\"https:\/\/coca-cola-arena.com\/music\/1598\/till-lindemann-meine-welt-tour\" rel=\"nofollow noopener\" target=\"_blank\">Coca-Cola Arena<\/a>. Halli muistutti hieman er\u00e4st\u00e4 helsinkil\u00e4ist\u00e4 \u201djaffaa\u201d, mutta oli tietenkin kaikinpuolin modernimpi 17 tuhannen henkil\u00f6n kokonaiskapasiteetill\u00e4\u00e4n. T\u00e4h\u00e4n konserttiin oli rajattu ehk\u00e4 semmoinen 4000 ihmisen tila alakatsomoista ja kent\u00e4n tasolta. Aluksi n\u00e4ytti silt\u00e4, ett\u00e4 dubailaiset eiv\u00e4t juurikaan olleet t\u00e4ytt\u00e4m\u00e4ss\u00e4 tiloja, mutta kyll\u00e4 siell\u00e4 lopulta varmaankin pari tuhatta ihmist\u00e4 heilui. Alkoholiakin sai, jos oli t\u00e4ytt\u00e4nyt 21 vuotta ja alueet olivat rajattu yleens\u00e4 yhdell\u00e4 \u201dj\u00e4\u00e4kaappi-pakastin-kokoisella\u201d turvamiehell\u00e4. Itse keikalle ei ollut ik\u00e4rajaa, mik\u00e4 oli nuoremmalle hiilipohjaiselle yksik\u00f6lle (lue: ihminen) kiva juttu.<\/p>\n<p>Ulkopuolella koettiin ennen keikkaa riemun hetki\u00e4, kun paikalle \u201dmaltillisesti ehk\u00e4 alle kahtasataa\u201d kaahannut Lamborghini saikin per\u00e4\u00e4ns\u00e4 vilkuttavan poliisiauton ja hetkess\u00e4 my\u00f6s hinausauton, jolle urheiluauto laitettiin paikalle ker\u00e4\u00e4ntyneen yleis\u00f6n taputtaessa. Vahingonilo on universaali valuutta.<\/p>\n<p>Artikkeli jatkuu mainoksen j\u00e4lkeen<br \/>\nMainos p\u00e4\u00e4ttyy<\/p>\n<p>Kuten Dubaissa joka paikassa, merkkaritiskikin oli mallia h\u00e4r\u00f6pallo. Jahka sekavat jonot ja etuilevat it\u00e4naapurit oli selvitetty, p\u00e4\u00e4si kysym\u00e4\u00e4n malleja ja hintoja. Kiertueen t-paidat olivat esimerkiksi noin 25 euroa, ja taas sai mietti\u00e4, kuinka ne Suomessa ovat j\u00e4rjest\u00e4\u00e4n jo 30-50 euroa ainakin. Keikkaliput itsess\u00e4\u00e4n olivat hintahaarukassa 60-150 euroa, enk\u00e4 nyt mit\u00e4\u00e4n \u201dVIP Meet and Greet\u201d hummeri-illallisia edes katsonut.<\/p>\n<p><img loading=\"lazy\" decoding=\"async\" width=\"1300\" height=\"796\" src=\"https:\/\/www.europesays.com\/fi\/wp-content\/uploads\/2026\/01\/img-20260104-212526-1300x796.jpg\" alt=\"\" class=\"wp-image-731268\"  \/><\/p>\n<p>Keikka alkoi noin kello 20.30 ja kesti puolitoista tuntia, jonka aikana sai varsin hyv\u00e4n shown katseltua. Peter T\u00e4gtgrenin kanssa tehdyt <strong>Lindemann<\/strong>-levyt olivat toki settilistassa my\u00f6s hyvin edustettuna, ja nykyb\u00e4ndi voisi hyvinkin olla <strong>Painin<\/strong> kuuloista, jossei n\u00e4kisi soittajia. Soittajien teht\u00e4v\u00e4 on toki kompata p\u00e4\u00e4t\u00e4hte\u00e4, ja varsinkin naispuolinen kosketinsoittaja Brynn Route sai melkoisen lis\u00e4n ty\u00f6kentt\u00e4\u00e4ns\u00e4, kun h\u00e4n l\u00e4hinn\u00e4 kiemurteli koko keikan samaan tapaan, kuin olisi ollut strippiklubilla ennemmin kuin rock-keikalla. Vai liek\u00f6 sama asia? Tarkistaessani asian, h\u00e4nen CV:st\u00e4\u00e4n paljastui, ett\u00e4 h\u00e4n onkin tankotanssija, kontortionisti ja kosketinsoittaja.. Nimenomaan tuossa j\u00e4rjestyksess\u00e4. Muista b\u00e4ndin j\u00e4senist\u00e4 kitaristi Danny Lohner on tuttu mm. sellaisesta pikkuporukasta kuin <strong>Nine Inch Nails<\/strong>. Rumpalisti Joe Letz itse asiassa esitt\u00e4\u00e4 entist\u00e4 pornot\u00e4htihahmoa, nimelt\u00e4 Sandy Beaches ja sirkuksen t\u00e4ydent\u00e4v\u00e4t Emily Rudivich kitarassa ja Kristin Kaminski bassossa.<\/p>\n<p><img loading=\"lazy\" decoding=\"async\" width=\"1300\" height=\"1190\" src=\"https:\/\/www.europesays.com\/fi\/wp-content\/uploads\/2026\/01\/img-20260104-211511-1300x1190.jpg\" alt=\"\" class=\"wp-image-731269\"  \/><\/p>\n<p>Taustakankaalle projisoitiin Lindemannin musiikkivideoista tuttua kuvastoa, joten meininki oli varsin h\u00e4iriintynytt\u00e4 v\u00e4lill\u00e4. Toki mit\u00e4\u00e4n <strong>Rammsteinin<\/strong> \u201dPussyn\u201d veroista ei n\u00e4hty, eik\u00e4 spermatykkej\u00e4k\u00e4\u00e4n, mutta toki masturbaatioeleit\u00e4 oli aavistus liikaa. Tulielementtej\u00e4 ei juurikaan n\u00e4hty, kenties bensan maku p\u00e4\u00e4b\u00e4ndin keikoilta on liian korkeaoktaanista omiin keikkoihin. Syntt\u00e4rin kunniaksi mikrofonitelineet saivat kyll\u00e4 kovaa kyyti\u00e4 koko keikan ajan, ja eturivin p\u00e4\u00e4llekin taisi pari kertaa osua teline, kun p\u00e4iv\u00e4nsankari nakkasi tai potkaisi telineet lavalta. Valot olivat maltillisen hyv\u00e4t mielest\u00e4ni koko shown ajan, eik\u00e4 epileptisi\u00e4 strobojakaan v\u00e4lkytetty kuin vain muutamassa kohtaa.<\/p>\n<p>Artikkeli jatkuu mainoksen j\u00e4lkeenMainos p\u00e4\u00e4ttyy<\/p>\n<p><img loading=\"lazy\" decoding=\"async\" width=\"1217\" height=\"1300\" src=\"https:\/\/www.europesays.com\/fi\/wp-content\/uploads\/2026\/01\/img-20260104-205958-1217x1300.jpg\" alt=\"\" class=\"wp-image-731267\"  \/><\/p>\n<p>Kohokohdaksi nostaisin muutaman biisin kimaran \u201dSport Freist\u00e4\u201d \u201dAllesfresseriin\u201d, joiden aikana hevijunttaus oli parhaimmillaan ja setti\u00e4 tasapainotettiin \u201dTanzlehrerin\u201d akustisuudella, jonka j\u00e4lkeen vedettiin taas turpaan paremmin. Aavistuksen tietysti tuli v\u00e4lill\u00e4 semmoinen <strong>Rammstein<\/strong> Lite -versio mieleen, mutta b\u00e4ndin kova ty\u00f6nteko kyll\u00e4 pyyhki pois mink\u00e4\u00e4n rahastuksen tai maineella ratsastamisen makua.<\/p>\n<p>Settilista:<\/p>\n<p>1. Meine Welt (Intro)<br \/>2. Fat<br \/>3. Und die Engel singen<br \/>4. Schweiss<br \/>5. Altes Fleisch<br \/>6. Golden Shower<br \/>7. Sport frei<br \/>8. Tanzlehrerin (akustinen)<br \/>9. Blut<br \/>10. Allesfresser (syntt\u00e4rikakkuja yleis\u00f6n niskaan)<br \/>11. Prostitution<br \/>12. Praise Abort<br \/>13. Platz Eins (yleis\u00f6n seassa hortoilua)<br \/>14. Du hast kein Herz<br \/>15. Skills in Pills<br \/>Encore:<br \/>16. \u00dcbers Meer<br \/>17. Knebel<br \/>18. Fish On (kaloja heiteltiin yleis\u00f6n niskaan, n\u00e4ytet\u00e4\u00e4n my\u00f6s mallia kuinka moshataan kala suussa)<br \/>19. Ich hasse Kinder<br \/>20. Home Sweet Home (Outro)<\/p>\n<p><img loading=\"lazy\" decoding=\"async\" width=\"1300\" height=\"722\" src=\"https:\/\/www.europesays.com\/fi\/wp-content\/uploads\/2026\/01\/img-20260104-220210-1300x722.jpg\" alt=\"\" class=\"wp-image-731266\"  \/><\/p>\n<p>En ollut mitenk\u00e4\u00e4n tietoinen ennen reissuani t\u00e4st\u00e4 konsertista, joten en ehtinyt sin\u00e4ns\u00e4 valmistautua keikalle. Toki Lindemannin levyt l\u00f6ytyv\u00e4t hyllyst\u00e4ni ihan fanipohjalta, joten neutraalitkin arvostelulasit p\u00e4\u00e4ss\u00e4 keikka oli kuitenkin v\u00e4hint\u00e4\u00e4n 7\/10. Ja mik\u00e4s sen mukavampaa, kuin menn\u00e4 vaikkapa ensi hein\u00e4kuussa ensimm\u00e4isille Tillfesteille, jotka artisti j\u00e4rjest\u00e4\u00e4 kotikaupungissaan Leipzigiss\u00e4. Kirjoitushetkell\u00e4 kaksip\u00e4iv\u00e4isen festivaalin esiintyjist\u00e4 ei ollut viel\u00e4 selvill\u00e4 kuin <strong>Ministry<\/strong> ja Till itse.<\/p>\n<p>Artikkeli jatkuu mainoksen j\u00e4lkeen<br \/>\nMainos p\u00e4\u00e4ttyy<\/p>\n<p>Ja jos ihmettelette kuvien surkeutta, se johtuu siit\u00e4, ett\u00e4 puhelimeni kamerasovellus on aivan sekaisin ja yht\u00e4\u00e4n \u201dpainokelpoista\u201d kuvaa ei tallentunut, miltei kokonaan pelk\u00e4st\u00e4\u00e4n suttuista pikselitavaraa. Pahoitteluni siit\u00e4. Scheisse.<\/p>\n<p><img loading=\"lazy\" decoding=\"async\" width=\"1300\" height=\"803\" src=\"https:\/\/www.europesays.com\/fi\/wp-content\/uploads\/2026\/01\/img-20260104-215952-1300x803.jpg\" alt=\"\" class=\"wp-image-731273\"  \/><\/p>\n","protected":false},"excerpt":{"rendered":"Rammsteinin laulaja Till Lindemannin soolokeikka sattui osumaan h\u00e4nen syntym\u00e4p\u00e4iv\u00e4lleen Dubaissa tammikuun alussa. 63 vuotta t\u00e4ytt\u00e4nyt Leipzigin lahja saksalaiselle&hellip;\n","protected":false},"author":2,"featured_media":137816,"comment_status":"","ping_status":"","sticky":false,"template":"","format":"standard","meta":{"footnotes":""},"categories":[132],"tags":[137,33,31,30,8912,195,47,23982,32,16522,109],"class_list":{"0":"post-137815","1":"post","2":"type-post","3":"status-publish","4":"format-standard","5":"has-post-thumbnail","7":"category-musiikki","8":"tag-entertainment","9":"tag-fi","10":"tag-finland","11":"tag-finnish","12":"tag-industrial-metal","13":"tag-music","14":"tag-musiikki","15":"tag-rammstein","16":"tag-suomi","17":"tag-till-lindemann","18":"tag-viihde"},"share_on_mastodon":{"url":"https:\/\/pubeurope.com\/@fi\/115865825127167608","error":""},"_links":{"self":[{"href":"https:\/\/www.europesays.com\/fi\/wp-json\/wp\/v2\/posts\/137815","targetHints":{"allow":["GET"]}}],"collection":[{"href":"https:\/\/www.europesays.com\/fi\/wp-json\/wp\/v2\/posts"}],"about":[{"href":"https:\/\/www.europesays.com\/fi\/wp-json\/wp\/v2\/types\/post"}],"author":[{"embeddable":true,"href":"https:\/\/www.europesays.com\/fi\/wp-json\/wp\/v2\/users\/2"}],"replies":[{"embeddable":true,"href":"https:\/\/www.europesays.com\/fi\/wp-json\/wp\/v2\/comments?post=137815"}],"version-history":[{"count":0,"href":"https:\/\/www.europesays.com\/fi\/wp-json\/wp\/v2\/posts\/137815\/revisions"}],"wp:featuredmedia":[{"embeddable":true,"href":"https:\/\/www.europesays.com\/fi\/wp-json\/wp\/v2\/media\/137816"}],"wp:attachment":[{"href":"https:\/\/www.europesays.com\/fi\/wp-json\/wp\/v2\/media?parent=137815"}],"wp:term":[{"taxonomy":"category","embeddable":true,"href":"https:\/\/www.europesays.com\/fi\/wp-json\/wp\/v2\/categories?post=137815"},{"taxonomy":"post_tag","embeddable":true,"href":"https:\/\/www.europesays.com\/fi\/wp-json\/wp\/v2\/tags?post=137815"}],"curies":[{"name":"wp","href":"https:\/\/api.w.org\/{rel}","templated":true}]}}