{"id":137817,"date":"2026-01-09T15:22:07","date_gmt":"2026-01-09T15:22:07","guid":{"rendered":"https:\/\/www.europesays.com\/fi\/137817\/"},"modified":"2026-01-09T15:22:07","modified_gmt":"2026-01-09T15:22:07","slug":"the-last-of-us-tahdelle-kavi-ikavasti-avengers-doomsdayn-kuvauksissa-mina-rikoin-pedron","status":"publish","type":"post","link":"https:\/\/www.europesays.com\/fi\/137817\/","title":{"rendered":"The Last of Us -t\u00e4hdelle k\u00e4vi ik\u00e4v\u00e4sti Avengers: Doomsdayn kuvauksissa: \u201cMin\u00e4 rikoin Pedron\u201d"},"content":{"rendered":"<p>Pedro Pascal n\u00e4hd\u00e4\u00e4n j\u00e4lleen Fantastic Four -roolissaan Avengers: Doomsdayssa.<\/p>\n<p>X-Men-t\u00e4hti Alan Cumming palaa tuttuun rooliinsa Nightcrawleriksi joulukuussa julkaistavassa <a href=\"https:\/\/muropaketti.com\/avainsana\/avengers-doomsday\/\" rel=\"nofollow noopener\" target=\"_blank\">Avengers: Doomsdayssa.<\/a> <a href=\"https:\/\/youtu.be\/4Uqoqcd9o4s?si=MOlH4lIINH6MAPtU\" target=\"_blank\" rel=\"noreferrer noopener nofollow\">Jimmy Kimmel Show\u2019n<\/a> haastattelussa n\u00e4yttelij\u00e4 kertoo, ett\u00e4 h\u00e4nen paluunsa ei tapahtunut ihan toivotulla tavalla.<\/p>\n<p>\u201dHuvittavaa oli ensimm\u00e4inen kohtaukseni Pedron [Pascal] kanssa. H\u00e4n satutti niskansa ja joutui l\u00e4htem\u00e4\u00e4n kotiin. Min\u00e4 rikoin Pedron\u201d, Cumming kertoo.<\/p>\n<p>Cumming kuitenkin kiist\u00e4\u00e4, ett\u00e4 kyseess\u00e4 olisi ollut taistelukohtaus. H\u00e4n ei halua paljastaa viel\u00e4 mit\u00e4\u00e4n hahmojensa v\u00e4lisest\u00e4 kanssak\u00e4ymisest\u00e4.<\/p>\n<p>\u201cOlimme vain yhdess\u00e4 kohtauksessa. Emmek\u00e4 me taistelleet! Mutta h\u00e4nell\u00e4 on n\u00e4m\u00e4 pitk\u00e4t k\u00e4det ja kaikki, joten se oli aika monimutkaista.\u201d<\/p>\n<p>Katso koko haastattelu t\u00e4st\u00e4 videosta:<\/p>\n<p>Cummingin ja Pascalin lis\u00e4ksi Anthony ja Joe Russon ohjaamassa Avengers: Doomsdayssa ovat mukana ainakin Chris Hemsworth, Tom Hiddleston, Chris Evans, Paul Rudd, Letitia Wright, Anthony Mackie, Simu Liu, Danny Ramirez, Winston Duke, Sebastian Stan, Florence Pugh, Wyatt Russell, David Harbour, Hannah John-Kamen, Lewis Pullman, Patrick Stewart, Ian McKellen, James Marsden, Rebecca Romijn, Kelsey Grammer, Channing Tatum, Vanessa Kirby, Ebon Moss-Bachrach, Joseph Quinn, Tenoch Huerta Mej\u00eda ja Robert Downey Jr.<\/p>\n<p>Katso t\u00e4st\u00e4 kaikki t\u00e4h\u00e4n menness\u00e4 julkaistut Doomsday-teaserit:<\/p>\n","protected":false},"excerpt":{"rendered":"Pedro Pascal n\u00e4hd\u00e4\u00e4n j\u00e4lleen Fantastic Four -roolissaan Avengers: Doomsdayssa. X-Men-t\u00e4hti Alan Cumming palaa tuttuun rooliinsa Nightcrawleriksi joulukuussa julkaistavassa&hellip;\n","protected":false},"author":2,"featured_media":137818,"comment_status":"","ping_status":"","sticky":false,"template":"","format":"standard","meta":{"footnotes":""},"categories":[131],"tags":[5449,809,155,137,33,173,31,30,172,650,32,109],"class_list":{"0":"post-137817","1":"post","2":"type-post","3":"status-publish","4":"format-standard","5":"has-post-thumbnail","7":"category-elokuvat","8":"tag-alan-cumming","9":"tag-avengers-doomsday","10":"tag-elokuvat","11":"tag-entertainment","12":"tag-fi","13":"tag-film","14":"tag-finland","15":"tag-finnish","16":"tag-movies","17":"tag-pedro-pascal","18":"tag-suomi","19":"tag-viihde"},"share_on_mastodon":{"url":"https:\/\/pubeurope.com\/@fi\/115865828871342232","error":""},"_links":{"self":[{"href":"https:\/\/www.europesays.com\/fi\/wp-json\/wp\/v2\/posts\/137817","targetHints":{"allow":["GET"]}}],"collection":[{"href":"https:\/\/www.europesays.com\/fi\/wp-json\/wp\/v2\/posts"}],"about":[{"href":"https:\/\/www.europesays.com\/fi\/wp-json\/wp\/v2\/types\/post"}],"author":[{"embeddable":true,"href":"https:\/\/www.europesays.com\/fi\/wp-json\/wp\/v2\/users\/2"}],"replies":[{"embeddable":true,"href":"https:\/\/www.europesays.com\/fi\/wp-json\/wp\/v2\/comments?post=137817"}],"version-history":[{"count":0,"href":"https:\/\/www.europesays.com\/fi\/wp-json\/wp\/v2\/posts\/137817\/revisions"}],"wp:featuredmedia":[{"embeddable":true,"href":"https:\/\/www.europesays.com\/fi\/wp-json\/wp\/v2\/media\/137818"}],"wp:attachment":[{"href":"https:\/\/www.europesays.com\/fi\/wp-json\/wp\/v2\/media?parent=137817"}],"wp:term":[{"taxonomy":"category","embeddable":true,"href":"https:\/\/www.europesays.com\/fi\/wp-json\/wp\/v2\/categories?post=137817"},{"taxonomy":"post_tag","embeddable":true,"href":"https:\/\/www.europesays.com\/fi\/wp-json\/wp\/v2\/tags?post=137817"}],"curies":[{"name":"wp","href":"https:\/\/api.w.org\/{rel}","templated":true}]}}