{"id":137825,"date":"2026-01-09T15:29:07","date_gmt":"2026-01-09T15:29:07","guid":{"rendered":"https:\/\/www.europesays.com\/fi\/137825\/"},"modified":"2026-01-09T15:29:07","modified_gmt":"2026-01-09T15:29:07","slug":"orpo-ylelle-yhdysvaltain-sotilaallinen-puuttuminen-gronlantiin-olisi-katastrofaalinen-tilanne-uutissuomalainen","status":"publish","type":"post","link":"https:\/\/www.europesays.com\/fi\/137825\/","title":{"rendered":"Orpo Ylelle: Yhdysvaltain sotilaallinen puuttuminen Gr\u00f6nlantiin olisi katastrofaalinen tilanne | Uutissuomalainen"},"content":{"rendered":"<p>Jos Yhdysvallat ottaisi Gr\u00f6nlannin haltuunsa sotilasvoimin, t\u00e4m\u00e4 ajaisi sotilasliitto Naton eritt\u00e4in suuriin vaikeuksiin, sanoo p\u00e4\u00e4ministeri Petteri Orpo (kok.) <a href=\"https:\/\/yle.fi\/a\/74-20203331\" rel=\"nofollow noopener\" target=\"_blank\">Ylelle<\/a>.<\/p>\n<p>Orpon mukaan Gr\u00f6nlannin valtaus olisi katastrofaalinen tilanne, kun Nato-maa puuttuisi sotilaallisesti toisen Nato-maan eli Tanskan alueisiin.<\/p>\n<p>Orpo ei usko Gr\u00f6nlannin sotilaalliseen valtaukseen, vaan pit\u00e4\u00e4 siihen viittaavia puheita retoriikkana ja neuvottelutaktiikkana. H\u00e4n ei usko Yhdysvaltojen menev\u00e4n niin pitk\u00e4lle, koska Nato on Yhdysvalloille arvokas.<\/p>\n","protected":false},"excerpt":{"rendered":"Jos Yhdysvallat ottaisi Gr\u00f6nlannin haltuunsa sotilasvoimin, t\u00e4m\u00e4 ajaisi sotilasliitto Naton eritt\u00e4in suuriin vaikeuksiin, sanoo p\u00e4\u00e4ministeri Petteri Orpo (kok.)&hellip;\n","protected":false},"author":2,"featured_media":137826,"comment_status":"","ping_status":"","sticky":false,"template":"","format":"standard","meta":{"footnotes":""},"categories":[14],"tags":[22,23,26,27,33,31,30,863,17,24,25,28,29,2579,15,18,21,142,637,886,32,19,20,2534,56,16,638,59,60,61],"class_list":{"0":"post-137825","1":"post","2":"type-post","3":"status-publish","4":"format-standard","5":"has-post-thumbnail","7":"category-ulkomaat","8":"tag-breaking-news","9":"tag-breakingnews","10":"tag-featured-news","11":"tag-featurednews","12":"tag-fi","13":"tag-finland","14":"tag-finnish","15":"tag-hallitus","16":"tag-headlines","17":"tag-latest-news","18":"tag-latestnews","19":"tag-main-news","20":"tag-mainnews","21":"tag-nato","22":"tag-news","23":"tag-otsikot","24":"tag-paauutiset","25":"tag-poliitikot","26":"tag-politiikka","27":"tag-puolueet","28":"tag-suomi","29":"tag-top-stories","30":"tag-topstories","31":"tag-turvallisuuspolitiikka","32":"tag-ulkomaat","33":"tag-uutiset","34":"tag-valtiovalta","35":"tag-world","36":"tag-world-news","37":"tag-worldnews"},"share_on_mastodon":{"url":"https:\/\/pubeurope.com\/@fi\/115865856550210022","error":""},"_links":{"self":[{"href":"https:\/\/www.europesays.com\/fi\/wp-json\/wp\/v2\/posts\/137825","targetHints":{"allow":["GET"]}}],"collection":[{"href":"https:\/\/www.europesays.com\/fi\/wp-json\/wp\/v2\/posts"}],"about":[{"href":"https:\/\/www.europesays.com\/fi\/wp-json\/wp\/v2\/types\/post"}],"author":[{"embeddable":true,"href":"https:\/\/www.europesays.com\/fi\/wp-json\/wp\/v2\/users\/2"}],"replies":[{"embeddable":true,"href":"https:\/\/www.europesays.com\/fi\/wp-json\/wp\/v2\/comments?post=137825"}],"version-history":[{"count":0,"href":"https:\/\/www.europesays.com\/fi\/wp-json\/wp\/v2\/posts\/137825\/revisions"}],"wp:featuredmedia":[{"embeddable":true,"href":"https:\/\/www.europesays.com\/fi\/wp-json\/wp\/v2\/media\/137826"}],"wp:attachment":[{"href":"https:\/\/www.europesays.com\/fi\/wp-json\/wp\/v2\/media?parent=137825"}],"wp:term":[{"taxonomy":"category","embeddable":true,"href":"https:\/\/www.europesays.com\/fi\/wp-json\/wp\/v2\/categories?post=137825"},{"taxonomy":"post_tag","embeddable":true,"href":"https:\/\/www.europesays.com\/fi\/wp-json\/wp\/v2\/tags?post=137825"}],"curies":[{"name":"wp","href":"https:\/\/api.w.org\/{rel}","templated":true}]}}