{"id":137829,"date":"2026-01-09T15:31:08","date_gmt":"2026-01-09T15:31:08","guid":{"rendered":"https:\/\/www.europesays.com\/fi\/137829\/"},"modified":"2026-01-09T15:31:08","modified_gmt":"2026-01-09T15:31:08","slug":"parikymppinen-mies-tappoi-entisen-isapuolensa-kuopiossa-viime-helatorstaina-oikeus-passitti-8-vuodeksi-vankilaan-kotimaa","status":"publish","type":"post","link":"https:\/\/www.europesays.com\/fi\/137829\/","title":{"rendered":"Parikymppinen mies tappoi entisen is\u00e4puolensa Kuopiossa viime helatorstaina \u2013 oikeus passitti 8 vuodeksi vankilaan | Kotimaa"},"content":{"rendered":"<p class=\"aw-1gybjub aw-5vja16 kEtdKx kmuxyA yle__article__paragraph\">Tuomittu kuristi uhriaan voimakkaasti ja teki h\u00e4nelle muutakin v\u00e4kivaltaa. Tapaus sattui yksityis\u00adasunnossa toukokuussa 2025.<\/p>\n<p><img decoding=\"async\" alt=\"Pohjois-Savon k\u00e4r\u00e4j\u00e4oikeuden rakennus Kuopiossa.\" src=\"https:\/\/www.europesays.com\/fi\/wp-content\/uploads\/2025\/09\/39-133496566c2edcdd2494.jpeg\" class=\"aw-1l9m598 hKVVvP\"\/><\/p>\n<p>Avaa kuvien katselu<\/p>\n<p>Viime helatorstaina tapahtunutta henkirikosta k\u00e4siteltiin Pohjois-Savon k\u00e4r\u00e4j\u00e4oikeudessa. Arkistokuva. Kuva: Keijo Salokangas \/ Yle<\/p>\n<p class=\"aw-1gybjub aw-1p7kakr kEtdKx cEmitX yle__article__paragraph\">Pohjois-Savon k\u00e4r\u00e4j\u00e4oikeus on antanut tuomion Kuopiossa toukokuun lopulla vuonna 2025 <a class=\"aw-iao6s4 iHOxEa yle__article__link\" href=\"https:\/\/yle.fi\/a\/74-20164942\" role=\"link\" rel=\"nofollow noopener\" target=\"_blank\">tapahtuneesta henkirikoksesta.<\/a><\/p>\n<p class=\"aw-1gybjub aw-1p7kakr kEtdKx cEmitX yle__article__paragraph\">Oikeuden mukaan 20-vuotias mies tappoi yksityisasunnossa noin 50-vuotiaan miehen helatorstaina aamuy\u00f6ll\u00e4. Vastaaja tuomittiin vankeuteen kahdeksaksi vuodeksi. Uhri oli tuomitun entinen is\u00e4puoli.<\/p>\n<p class=\"aw-1gybjub aw-1p7kakr kEtdKx cEmitX yle__article__paragraph\">Tuomittu oli ly\u00f6nyt uhria p\u00e4\u00e4h\u00e4n ja kuristanut h\u00e4nt\u00e4 voimakkaasti useita minuutteja. Mies kuoli tukehtumiseen ja sai muitakin vammoja.<\/p>\n<p class=\"aw-1gybjub aw-1p7kakr kEtdKx cEmitX yle__article__paragraph\">Tuomittu kiisti oikeudessa tapon, mutta my\u00f6nsi syyllistyneens\u00e4 pahoinpitelyyn ja kuolemantuottamukseen. Tuomion mukaan v\u00e4kivalta oli niin voimakasta, ett\u00e4 miehen t\u00e4ytyi pit\u00e4\u00e4 uhrin kuolemaa todenn\u00e4k\u00f6isen\u00e4 seurauksena.<\/p>\n<p class=\"aw-1gybjub aw-1p7kakr kEtdKx cEmitX yle__article__paragraph\">Mies oli tuonut aiemmin usein esille, ett\u00e4 h\u00e4n muuttuu p\u00e4ihtyneen\u00e4 aggressiiviseksi. H\u00e4n oli tapahtumay\u00f6n\u00e4 noin 1,6 promillen humalassa.<\/p>\n<p class=\"aw-1gybjub aw-1p7kakr kEtdKx cEmitX yle__article__paragraph\">Tuomitulle tehtiin mielentilatutkimus, jonka mukaan h\u00e4n oli syyntakeinen. H\u00e4n siis ymm\u00e4rsi tekonsa.<\/p>\n<p class=\"aw-1gybjub aw-1p7kakr kEtdKx cEmitX yle__article__paragraph\">Oikeus totesi, ett\u00e4 syyntakeisuudesta huolimatta tuomitun kyky tulkita tilannetta ja s\u00e4\u00e4dell\u00e4 k\u00e4ytt\u00e4ytymist\u00e4\u00e4n oli kuitenkin terveydentilan vuoksi jossain m\u00e4\u00e4rin alentunut. T\u00e4m\u00e4 otettiin huomioon rangaistuksen pituudessa.<\/p>\n<p class=\"aw-1gybjub aw-1p7kakr kEtdKx cEmitX yle__article__paragraph\">Tuomio ei ole lainvoimainen, ja siit\u00e4 voi valittaa hovioikeuteen.<\/p>\n<p class=\"aw-1gybjub aw-1p7kakr kEtdKx cEmitX yle__article__paragraph\">Yle ei julkaise tuomitun nime\u00e4 uhrin ja h\u00e4nen l\u00e4heistens\u00e4 suojelemiseksi.<\/p>\n","protected":false},"excerpt":{"rendered":"Tuomittu kuristi uhriaan voimakkaasti ja teki h\u00e4nelle muutakin v\u00e4kivaltaa. Tapaus sattui yksityis\u00adasunnossa toukokuussa 2025. Avaa kuvien katselu Viime&hellip;\n","protected":false},"author":2,"featured_media":43186,"comment_status":"","ping_status":"","sticky":false,"template":"","format":"standard","meta":{"footnotes":""},"categories":[5],"tags":[22,23,26,27,33,31,30,17,4918,71,1132,24,25,28,29,15,1915,18,21,1136,12621,32,19999,19,20,16],"class_list":{"0":"post-137829","1":"post","2":"type-post","3":"status-publish","4":"format-standard","5":"has-post-thumbnail","7":"category-otsikot","8":"tag-breaking-news","9":"tag-breakingnews","10":"tag-featured-news","11":"tag-featurednews","12":"tag-fi","13":"tag-finland","14":"tag-finnish","15":"tag-headlines","16":"tag-henkirikokset","17":"tag-kotimaa","18":"tag-kuopio","19":"tag-latest-news","20":"tag-latestnews","21":"tag-main-news","22":"tag-mainnews","23":"tag-news","24":"tag-oikeus","25":"tag-otsikot","26":"tag-paauutiset","27":"tag-pohjois-savo","28":"tag-pohjois-savon-karajaoikeus","29":"tag-suomi","30":"tag-tappo","31":"tag-top-stories","32":"tag-topstories","33":"tag-uutiset"},"share_on_mastodon":{"url":"https:\/\/pubeurope.com\/@fi\/115865864280859179","error":""},"_links":{"self":[{"href":"https:\/\/www.europesays.com\/fi\/wp-json\/wp\/v2\/posts\/137829","targetHints":{"allow":["GET"]}}],"collection":[{"href":"https:\/\/www.europesays.com\/fi\/wp-json\/wp\/v2\/posts"}],"about":[{"href":"https:\/\/www.europesays.com\/fi\/wp-json\/wp\/v2\/types\/post"}],"author":[{"embeddable":true,"href":"https:\/\/www.europesays.com\/fi\/wp-json\/wp\/v2\/users\/2"}],"replies":[{"embeddable":true,"href":"https:\/\/www.europesays.com\/fi\/wp-json\/wp\/v2\/comments?post=137829"}],"version-history":[{"count":0,"href":"https:\/\/www.europesays.com\/fi\/wp-json\/wp\/v2\/posts\/137829\/revisions"}],"wp:featuredmedia":[{"embeddable":true,"href":"https:\/\/www.europesays.com\/fi\/wp-json\/wp\/v2\/media\/43186"}],"wp:attachment":[{"href":"https:\/\/www.europesays.com\/fi\/wp-json\/wp\/v2\/media?parent=137829"}],"wp:term":[{"taxonomy":"category","embeddable":true,"href":"https:\/\/www.europesays.com\/fi\/wp-json\/wp\/v2\/categories?post=137829"},{"taxonomy":"post_tag","embeddable":true,"href":"https:\/\/www.europesays.com\/fi\/wp-json\/wp\/v2\/tags?post=137829"}],"curies":[{"name":"wp","href":"https:\/\/api.w.org\/{rel}","templated":true}]}}