{"id":137836,"date":"2026-01-09T15:51:11","date_gmt":"2026-01-09T15:51:11","guid":{"rendered":"https:\/\/www.europesays.com\/fi\/137836\/"},"modified":"2026-01-09T15:51:11","modified_gmt":"2026-01-09T15:51:11","slug":"haastemies-lahtee-pian-peraan-karita-tykan-erosaaga-jatkuu","status":"publish","type":"post","link":"https:\/\/www.europesays.com\/fi\/137836\/","title":{"rendered":"&#8221;Haastemies l\u00e4htee pian per\u00e4\u00e4n&#8221; \u2013 Karita Tyk\u00e4n erosaaga jatkuu!"},"content":{"rendered":"<p>            Allerin arkisto\n        <\/p>\n<p class=\"subtitle \">Karitan ja Petrin eroa on seurattu tiiviistii. Karita on somessa jakanut seuraajilleen tuntemuksiaan avoimesti, Petri taas ei ole eroaan juuri mediassa kommentoinut.<\/p>\n<p class=\"article-content article-content-width !bg-background\">Hyvinvointivaikuttaja \u00a0ja liikemies  avioero on ollut median yksi ykk\u00f6saiheista viime vuonna.<\/p>\n<p class=\"article-content article-content-width !bg-background\">Karita \u2013 silloinen Tuomola \u2013 tuli aikanaan julkisuuteen kauneuskilpailuista, sill\u00e4 h\u00e4n on Miss Suomi vuosimallia 1997 ja Miss Baltic Sea 1998.<\/p>\n<p class=\"article-content article-content-width !bg-background\">Karita seurusteli 2000-luvun alussa  kanssa, ja he olivatkin aikansa seuratuimpia julkkispareja.<\/p>\n<p>        <a itemprop=\"url\" href=\"https:\/\/www.seiska.fi\/vain-seiskassa\/salakuvat-karita-tykka-heratti-hammastysta-ruokakaupassa-tarkkaili-pitkaan\/2032008\" rel=\"nofollow noopener\" target=\"_blank\"><\/p>\n<p>\nSalakuvat Karita Tyk\u00e4st\u00e4 ruokakaupassa\n<\/p>\n<p class=\"section-date\">\n        <strong class=\"article-section\" data-section=\"vain seiskassa\"><br \/>\n            vain seiskassa<br \/>\n        <\/strong><br \/>\n        2.1. 17:00\n    <\/p>\n<p>Salakuvat! Karita Tykk\u00e4 her\u00e4tti h\u00e4mm\u00e4styst\u00e4 ruokakaupassa: \u201dTarkkaili pitk\u00e4\u00e4n\u201d\n    <\/p>\n<p itemprop=\"description\" class=\"subtitle \">\n    Karita Tyk\u00e4n vuoteen on mahtunut muun muassa avioero sek\u00e4 uuden asunnon osto.\n<\/p>\n<p>        <\/a><\/p>\n<p class=\"article-content article-content-width !bg-background\">Sittemmin he kuitenkin erosivat, kun Karita l\u00f6ysi lis\u00e4ravinneyritt\u00e4j\u00e4n\u00e4 toimineen Petrin.<\/p>\n<p>                <img decoding=\"async\" src=\"https:\/\/www.europesays.com\/fi\/wp-content\/uploads\/2026\/01\/2041581.webp.jpeg\" width=\"576\" height=\"716\" alt=\"Karita Tyk\u00e4n (silloinen Tuomola) p\u00e4\u00e4h\u00e4n aseteltiin tiara vuonna 1997 Miss Suomi -tittelin merkiksi.\" loading=\"lazy\" \/>            <\/p>\n<p>\n            Karita Tyk\u00e4n (silloinen Tuomola) p\u00e4\u00e4h\u00e4n aseteltiin tiara vuonna 1997 Miss Suomi -tittelin merkiksi.<br \/>\n            Seiskan arkisto\n        <\/p>\n<p>H\u00e4\u00e4t olivat mediatapahtuma<\/p>\n<p class=\"article-content article-content-width !bg-background\">Karita ja Petri sanoivat toisilleen \u201dtahdon\u201d\u00a0elokuussa 2008 Helsingin Saksalaisessa kirkossa.<\/p>\n<p class=\"article-content article-content-width !bg-background\">\u2013 P\u00e4iv\u00e4n kaunein nainen oli luonnollisesti Karita itse. Kun tyrm\u00e4\u00e4v\u00e4n kaunis morsian asteli kirkon ovesta ulos tuoreena vaimona, huusi ulkona odottanut vierasjoukko ihastuksesta. Karita n\u00e4ytti hetken vakavalta, mutta kun vieraat heittiv\u00e4t ilmaan valkoisia ruusun ter\u00e4lehti\u00e4, jotka satoivat pariskunnan p\u00e4\u00e4lle, ilmestyi h\u00e4nen kasvoilleen leve\u00e4 hymy, <a href=\"https:\/\/www.is.fi\/viihde\/art-2000000152282.html\" target=\"_blank\" rel=\"nofollow noopener\">Ilta-Sanomat kirjoitti tuolloin<\/a>.<\/p>\n<p>        <a itemprop=\"url\" href=\"https:\/\/www.seiska.fi\/kotimaa\/karita-tykan-ex-mies-julkaisi-hurjan-kuvan\/1960521\" rel=\"nofollow noopener\" target=\"_blank\"><\/p>\n<p>\nKarita Tyk\u00e4n ex-mies\n<\/p>\n<p class=\"section-date\">\n        <strong class=\"article-section\" data-section=\"kotimaa\"><br \/>\n            kotimaa<br \/>\n        <\/strong><br \/>\n        14.10.2025 19:00\n    <\/p>\n<p>Karita Tyk\u00e4n ex-mies julkaisi hurjan kuvan!\n    <\/p>\n<p itemprop=\"description\" class=\"subtitle \">\n    Siin\u00e4 miss\u00e4 Karita on ollut paljon esill\u00e4 eroilmoituksen j\u00e4lkeenkin, on Petri ollut hiljempaa.\n<\/p>\n<p>        <\/a><\/p>\n<p class=\"article-content article-content-width !bg-background\">Isossa mediatapahtumassa paikalla oli muun muassa useita aikansa superjulkkiksia, kuten missi  sek\u00e4 .<\/p>\n<p>                <img decoding=\"async\" src=\"https:\/\/www.europesays.com\/fi\/wp-content\/uploads\/2026\/01\/2041585.webp.jpeg\" width=\"576\" height=\"322\" alt=\"Karita Tuomolasta tuli Tykk\u00e4 vuonna 2008, kun h\u00e4n avioitui Petri Tyk\u00e4n kanssa.\" loading=\"lazy\" \/>            <\/p>\n<p>\n            Karita Tuomolasta tuli Tykk\u00e4 vuonna 2008, kun h\u00e4n avioitui Petri Tyk\u00e4n kanssa.<br \/>\n            Pasi Murto\n        <\/p>\n<p>Erosaaga jatkuu edelleen<\/p>\n<p class=\"article-content article-content-width !bg-background\">Karitan ja Petrin onni t\u00e4ydentyi vuonna 2010 -pojan my\u00f6t\u00e4.<\/p>\n<p class=\"article-content article-content-width !bg-background\">Ex-parin erosaaga jatkuu yh\u00e4 vuonna 2026.<\/p>\n<p>        <a itemprop=\"url\" href=\"https:\/\/www.seiska.fi\/kotimaa\/karita-tykan-ex-miehelta-mystinen-paivitys-avioerossa-erikoinen-kaanne\/2028292\" rel=\"nofollow noopener\" target=\"_blank\"><\/p>\n<p>\nKarita Tyk\u00e4n avioerossa erikoinen k\u00e4\u00e4nne\n<\/p>\n<p class=\"section-date\">\n        <strong class=\"article-section\" data-section=\"kotimaa\"><br \/>\n            kotimaa<br \/>\n        <\/strong><br \/>\n        22.12.2025 09:53\n    <\/p>\n<p>Karita Tyk\u00e4n ex-miehelt\u00e4 mystinen p\u00e4ivitys \u2013 avioerossa erikoinen k\u00e4\u00e4nne\n    <\/p>\n<p itemprop=\"description\" class=\"subtitle \">\n    Petri Tykk\u00e4 on avannut sanaisen arkkunsa.\n<\/p>\n<p>        <\/a><\/p>\n<p class=\"article-content article-content-width !bg-background\">Karita j\u00e4tti avioerohakemuksen maaliskuussa 2025.<\/p>\n<p class=\"article-content article-content-width !bg-background\">Avioeron toista vaihetta Karita haki 24. marraskuuta.<\/p>\n<p>                <img decoding=\"async\" src=\"https:\/\/www.europesays.com\/fi\/wp-content\/uploads\/2026\/01\/2041588.webp.jpeg\" width=\"576\" height=\"720\" alt=\"Karita on joutunut viime kev\u00e4\u00e4st\u00e4 l\u00e4htien vastailemaan toimittajien kysymyksiin unelmaliittonsa p\u00e4\u00e4ttymisen tiimoilta. Kuvassa Karita puhuu toimittajalle Reino Nordinin Random -lanseeraustilaisuudessa huhtikuussa 2025.\" loading=\"lazy\" \/>            <\/p>\n<p>\n            Karita on joutunut viime kev\u00e4\u00e4st\u00e4 l\u00e4htien vastailemaan toimittajien kysymyksiin unelmaliittonsa p\u00e4\u00e4ttymisen tiimoilta. Kuvassa Karita puhuu toimittajalle Reino Nordinin Random -lanseeraustilaisuudessa huhtikuussa 2025.<br \/>\n            ATTE KAJOVA\n        <\/p>\n<p>Luuri korvaan<\/p>\n<p class=\"article-content article-content-width !bg-background\">L\u00e4nsi-Uudenmaan k\u00e4r\u00e4j\u00e4oikeudesta kerrotaan Seiskalle, ett\u00e4 asia on j\u00e4iss\u00e4 ja odottaa sit\u00e4, ett\u00e4 \u201dPetri saa tiedon\u201d Karitan toisen vaiheen erohakemuksesta, mink\u00e4 j\u00e4lkeen k\u00e4r\u00e4j\u00e4oikeus ratkaisee asian.<\/p>\n<p class=\"article-content article-content-width !bg-background\">\u2013 Petri ei ole siis saanut tiedoksiantoa, sill\u00e4 h\u00e4n ei ole palauttanut vastaanottotodistusta, k\u00e4r\u00e4j\u00e4oikeudesta kerrotaan.<\/p>\n<p>        <a itemprop=\"url\" href=\"https:\/\/www.seiska.fi\/kotimaa\/petri-tykan-karmea-joulu-paljonpuhuva-kuva\/2031488\" rel=\"nofollow noopener\" target=\"_blank\"><\/p>\n<p>\nPaljonpuhuva kuva\n<\/p>\n<p class=\"section-date\">\n        <strong class=\"article-section\" data-section=\"kotimaa\"><br \/>\n            kotimaa<br \/>\n        <\/strong><br \/>\n        27.12.2025 17:30\n    <\/p>\n<p>Petri Tyk\u00e4n karmea joulu \u2013 paljonpuhuva kuva!\n    <\/p>\n<p itemprop=\"description\" class=\"subtitle \">\n    Petri avasi taannoin sanaisen arkkunsa ja syytti Karitaa muun muassa &#8221;suurimmaksi virheeksi&#8221;.\n<\/p>\n<p>        <\/a><\/p>\n<p class=\"article-content article-content-width !bg-background\">\u2013 Tapaus on ty\u00f6jonossa pyhien takia, ja haastemies l\u00e4htee pian per\u00e4\u00e4n, k\u00e4r\u00e4j\u00e4oikeudesta jatketaan.<\/p>\n<p class=\"article-content article-content-width !bg-background\">Seiska tavoitti Petrin, joka ei kuitenkaan kommentoinut asiaa.<\/p>\n<p class=\"article-content article-content-width !bg-background\">Seiska tavoitti my\u00f6s Ponterosa-elokuvasta tutun Karitan, joka tosin l\u00f6i luurin korvaan ennen kuin mit\u00e4\u00e4n ehdittiin kysy\u00e4.<\/p>\n<p>                <img decoding=\"async\" src=\"https:\/\/www.europesays.com\/fi\/wp-content\/uploads\/2026\/01\/2041613.webp.jpeg\" width=\"576\" height=\"720\" alt=\"Karita n\u00e4ytteli 2000-luvun alussa kulttielokuva Ponterosassa, jota on pidetty yhten\u00e4 maailman huonoimpana elokuvana.\" loading=\"lazy\" \/>            <\/p>\n<p>\n            Karita n\u00e4ytteli 2000-luvun alussa kulttielokuva Ponterosassa, jota on pidetty yhten\u00e4 maailman huonoimpana elokuvana.<br \/>\n            Mancantoo\n        <\/p>\n","protected":false},"excerpt":{"rendered":"Allerin arkisto Karitan ja Petrin eroa on seurattu tiiviistii. Karita on somessa jakanut seuraajilleen tuntemuksiaan avoimesti, Petri taas&hellip;\n","protected":false},"author":2,"featured_media":137837,"comment_status":"","ping_status":"","sticky":false,"template":"","format":"standard","meta":{"footnotes":""},"categories":[130],"tags":[2759,137,33,31,30,3053,2288,4835,212,6331,32,109],"class_list":{"0":"post-137836","1":"post","2":"type-post","3":"status-publish","4":"format-standard","5":"has-post-thumbnail","7":"category-viihde","8":"tag-avioero","9":"tag-entertainment","10":"tag-fi","11":"tag-finland","12":"tag-finnish","13":"tag-julkisuus","14":"tag-karajaoikeus","15":"tag-karita-tykka","16":"tag-lifestyle","17":"tag-petri-tykka","18":"tag-suomi","19":"tag-viihde"},"share_on_mastodon":{"url":"https:\/\/pubeurope.com\/@fi\/115865942950182917","error":""},"_links":{"self":[{"href":"https:\/\/www.europesays.com\/fi\/wp-json\/wp\/v2\/posts\/137836","targetHints":{"allow":["GET"]}}],"collection":[{"href":"https:\/\/www.europesays.com\/fi\/wp-json\/wp\/v2\/posts"}],"about":[{"href":"https:\/\/www.europesays.com\/fi\/wp-json\/wp\/v2\/types\/post"}],"author":[{"embeddable":true,"href":"https:\/\/www.europesays.com\/fi\/wp-json\/wp\/v2\/users\/2"}],"replies":[{"embeddable":true,"href":"https:\/\/www.europesays.com\/fi\/wp-json\/wp\/v2\/comments?post=137836"}],"version-history":[{"count":0,"href":"https:\/\/www.europesays.com\/fi\/wp-json\/wp\/v2\/posts\/137836\/revisions"}],"wp:featuredmedia":[{"embeddable":true,"href":"https:\/\/www.europesays.com\/fi\/wp-json\/wp\/v2\/media\/137837"}],"wp:attachment":[{"href":"https:\/\/www.europesays.com\/fi\/wp-json\/wp\/v2\/media?parent=137836"}],"wp:term":[{"taxonomy":"category","embeddable":true,"href":"https:\/\/www.europesays.com\/fi\/wp-json\/wp\/v2\/categories?post=137836"},{"taxonomy":"post_tag","embeddable":true,"href":"https:\/\/www.europesays.com\/fi\/wp-json\/wp\/v2\/tags?post=137836"}],"curies":[{"name":"wp","href":"https:\/\/api.w.org\/{rel}","templated":true}]}}