{"id":137838,"date":"2026-01-09T15:54:08","date_gmt":"2026-01-09T15:54:08","guid":{"rendered":"https:\/\/www.europesays.com\/fi\/137838\/"},"modified":"2026-01-09T15:54:08","modified_gmt":"2026-01-09T15:54:08","slug":"kosmetiikkaketju-hajusti-koko-kauppakeskuksen-tampereella-asiakkaat-valttavat-kaytavaa-ja-ilmanvaihto-on-kovilla","status":"publish","type":"post","link":"https:\/\/www.europesays.com\/fi\/137838\/","title":{"rendered":"Kosmetiikkaketju hajusti koko kauppakeskuksen Tampereella \u2013 Asiakkaat v\u00e4ltt\u00e4v\u00e4t k\u00e4yt\u00e4v\u00e4\u00e4 ja ilmanvaihto on kovilla"},"content":{"rendered":"<p>Voimakas tuoksu on pakottanut kauppakeskuksen ryhtym\u00e4\u00e4n poikkeuksellisiin toimiin haittojen ehk\u00e4isyss\u00e4 K\u00e4sintehty\u00e4 tuorekosmetiikkaa myyv\u00e4 Lush on saanut sek\u00e4 kiitosta ett\u00e4 kritiikki\u00e4 Koskikeskuksessa.<\/p>\n<p class=\"article-body mb-nof-24 px-nof-16\">Moro, Koskikeskus<\/p>\n<p class=\"article-body mb-nof-24 px-nof-16\">Kun <a class=\"font-bold underline-offset-[0.12em] [text-decoration:var(--person-link-text-decoration)] ![text-decoration-color:var(--person-link-text-decoration-color)]\" href=\"https:\/\/www.aamulehti.fi\/haku\/?query=Ismo%20Rajalalla\" rel=\"nofollow noopener\" target=\"_blank\">Ismo Rajalalla<\/a> on asiaa Koskikeskukseen, on reitti sis\u00e4tiloissa ja erityisesti ensimm\u00e4isess\u00e4 kerroksessa suunniteltava etuk\u00e4teen. Syyn\u00e4 on yksi liike, jonka ymp\u00e4rist\u00f6ss\u00e4 k\u00e4yt\u00e4v\u00e4ll\u00e4 tuoksuu eritt\u00e4in voimakkaasti.<\/p>\n<p class=\"article-body mb-nof-24 px-nof-16\">Joko h\u00e4n kulkee Ratinan puoleisesta ulko-ovesta tai sitten h\u00e4n kiert\u00e4\u00e4 aukion ja niiden kulmassa kulkevien rullaportaiden kautta. Muussa tapauksessa h\u00e4n kertoo k\u00e4rsiv\u00e4ns\u00e4 voimakkaasta pahoinvoinnista ja migreenist\u00e4 usean p\u00e4iv\u00e4n ajan.<\/p>\n<p class=\"article-body mb-nof-24 px-nof-16\">\u201dKunhan tuon nurkan saa jotenkin v\u00e4ltetty\u00e4, kaikki hyvin\u201d, Rajala summaa ja osoittaa lokakuun lopulla avannutta kosmetiikkaliike Lushia.<\/p>\n<p class=\"article-body mb-nof-24 px-nof-16\">Itse myym\u00e4l\u00e4\u00e4 vastaan Rajalla ei tietenk\u00e4\u00e4n ole mit\u00e4\u00e4n.<\/p>\n<p class=\"article-body mb-nof-24 px-nof-16\">Kyse on liikkeen levitt\u00e4m\u00e4st\u00e4 eritt\u00e4in voimakkaasta tuoksusta, jonka vuoksi my\u00f6s Koskikeskus on joutunut toimenpiteisiin.<\/p>\n<p>Palautetta on tullut<\/p>\n<p class=\"article-body mb-nof-24 px-nof-16\">Voimakas kukkaistuoksu tervehtii Koskikeskuksen alakerrokseen saapuvaa jo ulko-ovella.<\/p>\n<p class=\"article-body mb-nof-24 px-nof-16\">Ei j\u00e4\u00e4 ep\u00e4selv\u00e4ksi, ett\u00e4 lokakuussa Tampereelle avattu kosmetiikkamyym\u00e4l\u00e4 Lush sijaitsee nimenomaan t\u00e4\u00e4ll\u00e4.<\/p>\n<p><img decoding=\"async\" src=\"https:\/\/www.europesays.com\/fi\/wp-content\/uploads\/2026\/01\/1767974048_464_468.jpg\" alt=\"Liiketilojen v\u00e4lisi\u00e4 ilmavuotorakoja on paikallistettu ja tiivistetty. My\u00f6s kosmetiikkamyym\u00e4l\u00e4n ilmastointia on tehostettu.\" class=\"_Img_1rerz_1\" style=\"aspect-ratio:1.5011727912431587\" loading=\"eager\"\/><\/p>\n<p class=\"article-picture-caption\">Liiketilojen v\u00e4lisi\u00e4 ilmavuotorakoja on paikallistettu ja tiivistetty. My\u00f6s kosmetiikkamyym\u00e4l\u00e4n ilmastointia on tehostettu. Kuva:\u00a0Sanna-Katja Pohjalahti \/ Aamulehti <\/p>\n<p class=\"article-body mb-nof-24 px-nof-16\">Koskikeskuksen keskusp\u00e4\u00e4llikk\u00f6 <a class=\"font-bold underline-offset-[0.12em] [text-decoration:var(--person-link-text-decoration)] ![text-decoration-color:var(--person-link-text-decoration-color)]\" href=\"https:\/\/www.aamulehti.fi\/haku\/?query=Reeta%20Thure\" rel=\"nofollow noopener\" target=\"_blank\">Reeta Thure<\/a> kertoo, ett\u00e4 myym\u00e4l\u00e4st\u00e4 kantautuvat tuoksut ovat kirvoittaneet jonkin verran asiakaspalautetta.<\/p>\n<p class=\"article-body mb-nof-24 px-nof-16\">\u201dToisaalta moni on my\u00f6s kiitellyt sit\u00e4, ett\u00e4 ketju on tullut p\u00e4\u00e4kaupunkiseudun ulkopuolelle. Se on selke\u00e4sti ollut kaivattu sek\u00e4 haluttu.\u201d<\/p>\n<p>Tuotteet pakkauksettomia<\/p>\n<p class=\"article-body mb-nof-24 px-nof-16\">K\u00e4sintehty\u00e4 tuorekosmetiikkaa myyv\u00e4n Lushin tuotteista iso osa on pakkauksettomia, jonka vuoksi tuoksut p\u00e4\u00e4sev\u00e4t voimakkaasti my\u00f6s kauppakeskuksen k\u00e4yt\u00e4v\u00e4lle.<\/p>\n<p class=\"article-body mb-nof-24 px-nof-16\">T\u00e4m\u00e4n takia kauppakeskus on tiivist\u00e4nyt liiketilaa ja tehostanut ilmanvaihtoa.<\/p>\n<p class=\"article-body mb-nof-24 px-nof-16\">Lokakuun lopulla avautuneen myym\u00e4l\u00e4ss\u00e4 on umpinainen rullaovi, tiivistetty, lasinen frontti eli myym\u00e4l\u00e4n julkisivu sek\u00e4 ilmaverho, joka est\u00e4\u00e4 tuoksujen levi\u00e4mist\u00e4.<\/p>\n<p class=\"article-body mb-nof-24 px-nof-16\">\u201dLiiketilojen v\u00e4listen seinien mahdollisia ilmavuotorakoja on paikallistettu ja tiivistetty\u201d, Thure kertoo.<\/p>\n<p><img decoding=\"async\" src=\"https:\/\/www.europesays.com\/fi\/wp-content\/uploads\/2026\/01\/1767974048_431_468.jpg\" alt=\"Tuorekosmetiikkaa myyv\u00e4 Lush avasi ovensa Koskikeskuksessa lokakuun lopulla.\" class=\"_Img_1rerz_1\" style=\"aspect-ratio:1.5011727912431587\" loading=\"eager\"\/><\/p>\n<p class=\"article-picture-caption\">Tuorekosmetiikkaa myyv\u00e4 Lush avasi ovensa Koskikeskuksessa lokakuun lopulla. Kuva:\u00a0Sanna-Katja Pohjalahti \/ Aamulehti <\/p>\n<p>Ilmanvaihtoa tehostettu<\/p>\n<p class=\"article-body mb-nof-24 px-nof-16\">Loka-marraskuun aikana my\u00f6s ilmanvaihtoon on tehty monenlaisia tehostuksia. Liiketilaa on alipaineistettu ja tehostettu poistoilmanvaihto kolminkertaiseksi.<\/p>\n<p class=\"article-body mb-nof-24 px-nof-16\">\u201dIlmanvaihtokoneet ovat p\u00e4\u00e4ll\u00e4 ymp\u00e4ri vuorokauden, ja my\u00f6s takatilojen poistoilmanvaihtoa on tehostettu.\u201d<\/p>\n<p class=\"article-body mb-nof-24 px-nof-16\">Jo nyt tehdyt toimenpiteet saattavat Thuren mukaan aiheuttaa vedon tunnetta muualla kauppakeskuksessa ja vaikuttaa sis\u00e4ilmaolosuhteisiin.<\/p>\n<p>Ei t\u00e4ysin tuoksuton<\/p>\n<p class=\"article-body mb-nof-24 px-nof-16\">Koskikeskuksessa asioiva ei voi olla tuoksua huomaamatta. Toisaalta Thure muistuttaa, ett\u00e4 my\u00f6s esimerkiksi eri ravintoloiden edustalla tuoksut saatavat olla voimakkaita.<\/p>\n<p class=\"article-body mb-nof-24 px-nof-16\">T\u00e4ysin tuoksutonta kauppakeskuksesta tuskin saadaankaan.<\/p>\n<p class=\"article-body mb-nof-24 px-nof-16\">\u201dKosmetiikkaliikkeess\u00e4 asioivat asiakkaat tuovat tuoksuja mukaan sek\u00e4 k\u00e4yt\u00e4ville ett\u00e4 muihin liikkeisiin. Sis\u00e4\u00e4nk\u00e4ynnist\u00e4 sek\u00e4 tilan ohi kuljettaessa ilmavirrat liikkuvat my\u00f6s kauppak\u00e4yt\u00e4v\u00e4n puolelle.\u201d<\/p>\n<p>Umpinainen rullaovi<\/p>\n<p class=\"article-body mb-nof-24 px-nof-16\">Lushin maajohtaja <a class=\"font-bold underline-offset-[0.12em] [text-decoration:var(--person-link-text-decoration)] ![text-decoration-color:var(--person-link-text-decoration-color)]\" href=\"https:\/\/www.aamulehti.fi\/haku\/?query=Susanna%20Takki\" rel=\"nofollow noopener\" target=\"_blank\">Susanna Takki <\/a>kommentoi Morolle, ett\u00e4 voimakkaasta tuoksusta on tullut my\u00f6s heille palautetta.<\/p>\n<p class=\"article-body mb-nof-24 px-nof-16\">\u201dT\u00e4m\u00e4n vuoksi myym\u00e4l\u00e4n rullaovi uusittiin kokonaan umpinaiseen, jolloin tila on t\u00e4ysin suljettu aukiolojen ulkopuolella. Ty\u00f6ntekij\u00f6ilt\u00e4mme emme ole saaneet palautetta asiassa.\u201d<\/p>\n","protected":false},"excerpt":{"rendered":"Voimakas tuoksu on pakottanut kauppakeskuksen ryhtym\u00e4\u00e4n poikkeuksellisiin toimiin haittojen ehk\u00e4isyss\u00e4 K\u00e4sintehty\u00e4 tuorekosmetiikkaa myyv\u00e4 Lush on saanut sek\u00e4 kiitosta&hellip;\n","protected":false},"author":2,"featured_media":137839,"comment_status":"","ping_status":"","sticky":false,"template":"","format":"standard","meta":{"footnotes":""},"categories":[76],"tags":[157,79,77,33,31,30,32,78],"class_list":{"0":"post-137838","1":"post","2":"type-post","3":"status-publish","4":"format-standard","5":"has-post-thumbnail","7":"category-talous","8":"tag-aamulehti","9":"tag-business","10":"tag-economy","11":"tag-fi","12":"tag-finland","13":"tag-finnish","14":"tag-suomi","15":"tag-talous"},"share_on_mastodon":{"url":"https:\/\/pubeurope.com\/@fi\/115865955203828603","error":""},"_links":{"self":[{"href":"https:\/\/www.europesays.com\/fi\/wp-json\/wp\/v2\/posts\/137838","targetHints":{"allow":["GET"]}}],"collection":[{"href":"https:\/\/www.europesays.com\/fi\/wp-json\/wp\/v2\/posts"}],"about":[{"href":"https:\/\/www.europesays.com\/fi\/wp-json\/wp\/v2\/types\/post"}],"author":[{"embeddable":true,"href":"https:\/\/www.europesays.com\/fi\/wp-json\/wp\/v2\/users\/2"}],"replies":[{"embeddable":true,"href":"https:\/\/www.europesays.com\/fi\/wp-json\/wp\/v2\/comments?post=137838"}],"version-history":[{"count":0,"href":"https:\/\/www.europesays.com\/fi\/wp-json\/wp\/v2\/posts\/137838\/revisions"}],"wp:featuredmedia":[{"embeddable":true,"href":"https:\/\/www.europesays.com\/fi\/wp-json\/wp\/v2\/media\/137839"}],"wp:attachment":[{"href":"https:\/\/www.europesays.com\/fi\/wp-json\/wp\/v2\/media?parent=137838"}],"wp:term":[{"taxonomy":"category","embeddable":true,"href":"https:\/\/www.europesays.com\/fi\/wp-json\/wp\/v2\/categories?post=137838"},{"taxonomy":"post_tag","embeddable":true,"href":"https:\/\/www.europesays.com\/fi\/wp-json\/wp\/v2\/tags?post=137838"}],"curies":[{"name":"wp","href":"https:\/\/api.w.org\/{rel}","templated":true}]}}