{"id":137840,"date":"2026-01-09T15:55:07","date_gmt":"2026-01-09T15:55:07","guid":{"rendered":"https:\/\/www.europesays.com\/fi\/137840\/"},"modified":"2026-01-09T15:55:07","modified_gmt":"2026-01-09T15:55:07","slug":"ammuttu-nainen-oli-vienyt-lapsensa-paivakotiin-vain-hetkea-ennen-kuolemaansa","status":"publish","type":"post","link":"https:\/\/www.europesays.com\/fi\/137840\/","title":{"rendered":"Ammuttu nainen oli vienyt lapsensa p\u00e4iv\u00e4kotiin vain hetke\u00e4 ennen kuolemaansa"},"content":{"rendered":"<p>Minneapolisin ampuminen|Keskiviikkona ICE-agentin luoteihin kuollut Renee Good asui mediatietojen mukaan vain muutaman korttelin p\u00e4\u00e4ss\u00e4 paikasta, jossa h\u00e4net ammuttiin.<\/p>\n<p>Lue tiivistelm\u00e4<\/p>\n<p class=\"article-body mb-nof-24 px-nof-16 sndp-summary-bullet-point-font\">Yhdysvaltain maahanmuuttoviranomaisen ICE:n keskiviikkona Minnesotassa ampuma Renee Nicole Good oli 37-vuotias kolmen lapsen \u00e4iti ja runoilija.<\/p>\n<p class=\"article-body mb-nof-24 px-nof-16 sndp-summary-bullet-point-font\">Presidentti Donald Trumpin hallinto kutsuu Goodia kotimaiseksi terroristiksi, mutta Minnesotan kuvern\u00f6\u00f6ri Tim Walz syytt\u00e4\u00e4 liittovaltion hallintoa tapahtumasta.<\/p>\n<p class=\"article-body mb-nof-24 px-nof-16 sndp-summary-bullet-point-font\">Goodin entisen aviomiehen mukaan h\u00e4n oli vienyt 6-vuotiaan poikansa p\u00e4iv\u00e4kotiin vain hieman ennen ampumista, eik\u00e4 ollut aktivisti.<\/p>\n<p class=\"article-body mb-nof-24 px-nof-16 sndp-summary-bullet-point-font\">Uutistoimisto AP:n mukaan Goodin lis\u00e4ksi ainakin 4 ihmist\u00e4 on kuollut Trumpin aggressiivisen ICE-politiikan seurauksena.<\/p>\n<p class=\"article-body mb-nof-24 px-nof-16\">Yhdysvaltain maahanmuuttoviranomaisen (ICE) keskiviikkona ampuma nainen, <a class=\"font-bold underline-offset-[0.12em] [text-decoration:var(--person-link-text-decoration)] ![text-decoration-color:var(--person-link-text-decoration-color)]\" href=\"https:\/\/www.hs.fi\/haku\/?query=Renee%20Nicole%20Good\" rel=\"nofollow noopener\" target=\"_blank\">Renee Nicole Good<\/a>, oli 37-vuotias kolmen lapsen \u00e4iti ja runoilija. Kaupungin johdon mukaan h\u00e4n oli laillisesti tarkkailemassa juuri ICE:n toimintaa.<\/p>\n<p class=\"article-body mb-nof-24 px-nof-16\">Goodin \u00e4iti kertoi <a class=\"underline underline-offset-[0.12em] [text-decoration-thickness:var(--generic-link-underline-thickness)] [text-decoration-color:var(--generic-link-underline-color)] [text-decoration-skip-ink:var(--generic-link-underline-skip-ink)] break-words\" href=\"https:\/\/www.startribune.com\/she-was-an-amazing-human-being-mother-identifies-woman-shot-killed-by-ice-agent\/601559922\" rel=\"nofollow noopener\" target=\"_blank\">Minnesota Star Tribune<\/a> -lehdelle Goodin olleen \u201dupea ihminen\u201d ja \u201dyksi lempeimmist\u00e4 ihmisist\u00e4, joita olen tuntenut\u201d.<\/p>\n<p class=\"article-body mb-nof-24 px-nof-16\">\u201dH\u00e4n oli huolehtinut ihmisist\u00e4 koko el\u00e4m\u00e4ns\u00e4 ajan. H\u00e4n oli rakastava, anteeksiantava ja hell\u00e4.\u201d<\/p>\n<p class=\"article-body mb-nof-24 px-nof-16\">Presidentti <a class=\"font-bold underline-offset-[0.12em] [text-decoration:var(--person-link-text-decoration)] ![text-decoration-color:var(--person-link-text-decoration-color)]\" href=\"https:\/\/www.hs.fi\/haku\/?query=Donald%20Trumpin\" rel=\"nofollow noopener\" target=\"_blank\">Donald Trumpin<\/a> hallinto taas kutsuu Goodia kotimaiseksi terroristiksi.<\/p>\n<p class=\"article-body mb-nof-24 px-nof-16\">Coloradon osavaltiossa syntynyt Good oli muuttanut Minneapolisiin vaimonsa ja nuorimman lapsensa kanssa vasta viime vuonna. Mediatietojen mukaan h\u00e4n asui vain muutaman korttelin p\u00e4\u00e4ss\u00e4 paikasta, jossa h\u00e4net ammuttiin.<\/p>\n<p class=\"article-body mb-nof-24 px-nof-16\">Good oli Yhdysvaltain kansalainen ja ennen Minneapolisiin muuttamista h\u00e4n oli asunut muun muassa Kansas Cityss\u00e4. H\u00e4n oli p\u00e4\u00e4asiallisesti koti\u00e4iti, mutta h\u00e4n oli ty\u00f6skennellyt my\u00f6s aikaisemmin muun muassa hammasl\u00e4\u00e4k\u00e4riklinikalla ja osuuspankissa.<\/p>\n<p class=\"article-body mb-nof-24 px-nof-16\">Washington Postin <a class=\"underline underline-offset-[0.12em] [text-decoration-thickness:var(--generic-link-underline-thickness)] [text-decoration-color:var(--generic-link-underline-color)] [text-decoration-skip-ink:var(--generic-link-underline-skip-ink)] break-words\" href=\"https:\/\/www.washingtonpost.com\/immigration\/2026\/01\/08\/renee-good-ice-who-is\/\" rel=\"nofollow noopener\" target=\"_blank\">mukaan<\/a> Good valmistui Virginian Norfolkissa sijaitsevasta Old Dominion -yliopistosta joulukuussa 2020. Good opiskeli yliopistolla englantia.<\/p>\n<p><img decoding=\"async\" src=\"https:\/\/www.europesays.com\/fi\/wp-content\/uploads\/2026\/01\/1767974107_870_468.jpg\" alt=\"Renee Nicole Good\" class=\"_Img_1rerz_1\" style=\"aspect-ratio:1\" loading=\"eager\"\/><\/p>\n<p class=\"article-picture-caption\">Renee Nicole Good Kuva:\u00a0Sosiaalinen media \/ Reuters<\/p>\n<p class=\"article-body mb-nof-24 px-nof-16\">Uutistoimisto AP:lle <a class=\"underline underline-offset-[0.12em] [text-decoration-thickness:var(--generic-link-underline-thickness)] [text-decoration-color:var(--generic-link-underline-color)] [text-decoration-skip-ink:var(--generic-link-underline-skip-ink)] break-words\" href=\"https:\/\/apnews.com\/article\/ice-shooting-minneapolis-minnesota-9aa822670b705c89906f2c699f1d16c5\" rel=\"nofollow noopener\" target=\"_blank\">puhunut<\/a> Goodin entinen aviomies kertoi, ett\u00e4 Good olisi vienyt 6-vuotiaan poikansa p\u00e4iv\u00e4kotiin vain hieman ennen ampumista.<\/p>\n<p class=\"article-body mb-nof-24 px-nof-16\">Goodilla oli kolme lasta edellisist\u00e4 avioliitoistaan. Vanhimmat lapset, 15-vuotias tyt\u00e4r ja 12-vuotias poika olivat h\u00e4nen ensimm\u00e4isest\u00e4 avioliitostaan. Nuorin lapsi taas oli h\u00e4nen toisesta avioliitostaan.<\/p>\n<p class=\"article-body mb-nof-24 px-nof-16\">Nuorimman lapsen is\u00e4 kuoli mediatietojen mukaan vuonna 2023.<\/p>\n<p class=\"article-body mb-nof-24 px-nof-16\">Entisen aviomiehen mukaan Good ei ollut aktivisti, eik\u00e4 h\u00e4n ollut osallistunut mink\u00e4\u00e4nlaisiin mielenosoituksiin. Good oli miehen mukaan ollut matkalla kotiin ennen kohtaamista ICE:n kanssa.<\/p>\n<p class=\"article-body mb-nof-24 px-nof-16\">Mediat eiv\u00e4t ole tavoittaneet Goodin nykyist\u00e4 vaimoa. AP:n mukaan er\u00e4\u00e4ll\u00e4 tapahtumapaikalla kuvatulla videolla esiintyy itkev\u00e4 nainen, joka sanoo Goodin olleen h\u00e4nen vaimonsa.<\/p>\n<p class=\"article-body mb-nof-24 px-nof-16\">Yhdysvaltain kansallisen turvallisuuden ministerin <a class=\"font-bold underline-offset-[0.12em] [text-decoration:var(--person-link-text-decoration)] ![text-decoration-color:var(--person-link-text-decoration-color)]\" href=\"https:\/\/www.hs.fi\/haku\/?query=Kristi%20Noemin\" rel=\"nofollow noopener\" target=\"_blank\">Kristi Noemin<\/a> mukaan Good olisi vainonnut ICE-agentteja koko p\u00e4iv\u00e4n ajan. Noem sanoi, ett\u00e4 Good yritti ajaa ICE-agentin ylitse. H\u00e4n kutsui Goodia my\u00f6s \u201dkotimaiseksi terroristiksi\u201d.<\/p>\n<p class=\"article-body mb-nof-24 px-nof-16\">Useat mediat ovat analysoineet tapahtuneesta <a class=\"underline underline-offset-[0.12em] [text-decoration-thickness:var(--generic-link-underline-thickness)] [text-decoration-color:var(--generic-link-underline-color)] [text-decoration-skip-ink:var(--generic-link-underline-skip-ink)] break-words\" href=\"https:\/\/www.hs.fi\/maailma\/art-2000011736688.html\" rel=\"nofollow noopener\" target=\"_blank\">julkaistuja videoita<\/a>. Muun muassa HS:n, <a class=\"underline underline-offset-[0.12em] [text-decoration-thickness:var(--generic-link-underline-thickness)] [text-decoration-color:var(--generic-link-underline-color)] [text-decoration-skip-ink:var(--generic-link-underline-skip-ink)] break-words\" href=\"https:\/\/www.nytimes.com\/video\/us\/100000010631041\/minneapolis-ice-shooting-video.html\" rel=\"nofollow noopener\" target=\"_blank\">New York Timesin<\/a> ja <a class=\"underline underline-offset-[0.12em] [text-decoration-thickness:var(--generic-link-underline-thickness)] [text-decoration-color:var(--generic-link-underline-color)] [text-decoration-skip-ink:var(--generic-link-underline-skip-ink)] break-words\" href=\"https:\/\/www.bbc.com\/news\/videos\/ceqzj9932wjo\" rel=\"nofollow noopener\" target=\"_blank\">BBC:n<\/a> mukaan Good n\u00e4ytt\u00e4\u00e4 yritt\u00e4neen k\u00e4\u00e4nt\u00e4\u00e4 autoaan, eik\u00e4 h\u00e4n vaikuta pyrkineen ajamaan agentin ylitse.<\/p>\n<p class=\"article-body mb-nof-24 px-nof-16\">Minnesotan kuvern\u00f6\u00f6ri <a class=\"font-bold underline-offset-[0.12em] [text-decoration:var(--person-link-text-decoration)] ![text-decoration-color:var(--person-link-text-decoration-color)]\" href=\"https:\/\/www.hs.fi\/haku\/?query=Tim%20Walz\" rel=\"nofollow noopener\" target=\"_blank\">Tim Walz<\/a> syytti presidentti Trumpin hallintoa tapahtuneesta. H\u00e4nen <a class=\"underline underline-offset-[0.12em] [text-decoration-thickness:var(--generic-link-underline-thickness)] [text-decoration-color:var(--generic-link-underline-color)] [text-decoration-skip-ink:var(--generic-link-underline-skip-ink)] break-words\" href=\"https:\/\/www.bbc.com\/news\/articles\/c99knmrx71go\" rel=\"nofollow noopener\" target=\"_blank\">mukaansa<\/a> liittovaltion hallinto on my\u00f6s est\u00e4nyt Minnesotan viranomaisia osallistumasta tapahtuneen tutkintaan.<\/p>\n<p class=\"article-body mb-nof-24 px-nof-16\">Minnesotan viranomaisten mukaan liittovaltion poliisi FBI olisi aluksi suostunut tutkimaan tapausta yhdess\u00e4 Minnesotan viranomaisten kanssa, mutta olisi my\u00f6hemmin est\u00e4nyt p\u00e4\u00e4syn tapauksen todistusaineistoon.<\/p>\n<p class=\"article-body mb-nof-24 px-nof-16\">Kuvern\u00f6\u00f6ri Walz ei usko, ett\u00e4 tapaus saa asianmukaista ja reilua tutkintaa liittovaltion viranomaisilta.<\/p>\n<p class=\"article-body mb-nof-24 px-nof-16\">Uutistoimisto AP:n mukaan Goodin lis\u00e4ksi ainakin nelj\u00e4 ihmist\u00e4 on kuollut Trumpin viime vuonna k\u00e4ynnist\u00e4m\u00e4n aggressiivisen maahanmuuttopolitiikan seurauksena.<\/p>\n<p class=\"article-body mb-nof-24 px-nof-16\">Tavoitteena on karkottaa maasta ainakin miljoona ihmist\u00e4 vuodessa. ICE:n budjettia on kasvatettu Trumpin toisella kaudella merkitt\u00e4v\u00e4sti, ja organisaatio <a class=\"underline underline-offset-[0.12em] [text-decoration-thickness:var(--generic-link-underline-thickness)] [text-decoration-color:var(--generic-link-underline-color)] [text-decoration-skip-ink:var(--generic-link-underline-skip-ink)] break-words\" href=\"https:\/\/www.theguardian.com\/us-news\/2025\/dec\/31\/ice-recruitment-media-campaign\" rel=\"nofollow noopener\" target=\"_blank\">rekrytoi<\/a> tuhansia uusia agentteja.<\/p>\n<p><img decoding=\"async\" src=\"https:\/\/www.europesays.com\/fi\/wp-content\/uploads\/2026\/01\/1767974107_478_468.jpg\" alt=\"Kynttil\u00f6it\u00e4 ja Renee Goodin kuva muistotilaisuudessa Seattlessa torstaina.\" class=\"_Img_1rerz_1\" style=\"aspect-ratio:1.5\" loading=\"eager\"\/><\/p>\n<p class=\"article-picture-caption\">Kynttil\u00f6it\u00e4 ja Renee Goodin kuva muistotilaisuudessa Seattlessa torstaina. Kuva:\u00a0David Ryder \/ Reuters<\/p>\n","protected":false},"excerpt":{"rendered":"Minneapolisin ampuminen|Keskiviikkona ICE-agentin luoteihin kuollut Renee Good asui mediatietojen mukaan vain muutaman korttelin p\u00e4\u00e4ss\u00e4 paikasta, jossa h\u00e4net ammuttiin.&hellip;\n","protected":false},"author":2,"featured_media":137841,"comment_status":"","ping_status":"","sticky":false,"template":"","format":"standard","meta":{"footnotes":""},"categories":[14],"tags":[22,23,26,27,33,31,30,17,46,24,25,28,29,15,18,21,32,19,20,56,16,59,60,61],"class_list":{"0":"post-137840","1":"post","2":"type-post","3":"status-publish","4":"format-standard","5":"has-post-thumbnail","7":"category-ulkomaat","8":"tag-breaking-news","9":"tag-breakingnews","10":"tag-featured-news","11":"tag-featurednews","12":"tag-fi","13":"tag-finland","14":"tag-finnish","15":"tag-headlines","16":"tag-helsingin-sanomat","17":"tag-latest-news","18":"tag-latestnews","19":"tag-main-news","20":"tag-mainnews","21":"tag-news","22":"tag-otsikot","23":"tag-paauutiset","24":"tag-suomi","25":"tag-top-stories","26":"tag-topstories","27":"tag-ulkomaat","28":"tag-uutiset","29":"tag-world","30":"tag-world-news","31":"tag-worldnews"},"share_on_mastodon":{"url":"https:\/\/pubeurope.com\/@fi\/115865958695708315","error":""},"_links":{"self":[{"href":"https:\/\/www.europesays.com\/fi\/wp-json\/wp\/v2\/posts\/137840","targetHints":{"allow":["GET"]}}],"collection":[{"href":"https:\/\/www.europesays.com\/fi\/wp-json\/wp\/v2\/posts"}],"about":[{"href":"https:\/\/www.europesays.com\/fi\/wp-json\/wp\/v2\/types\/post"}],"author":[{"embeddable":true,"href":"https:\/\/www.europesays.com\/fi\/wp-json\/wp\/v2\/users\/2"}],"replies":[{"embeddable":true,"href":"https:\/\/www.europesays.com\/fi\/wp-json\/wp\/v2\/comments?post=137840"}],"version-history":[{"count":0,"href":"https:\/\/www.europesays.com\/fi\/wp-json\/wp\/v2\/posts\/137840\/revisions"}],"wp:featuredmedia":[{"embeddable":true,"href":"https:\/\/www.europesays.com\/fi\/wp-json\/wp\/v2\/media\/137841"}],"wp:attachment":[{"href":"https:\/\/www.europesays.com\/fi\/wp-json\/wp\/v2\/media?parent=137840"}],"wp:term":[{"taxonomy":"category","embeddable":true,"href":"https:\/\/www.europesays.com\/fi\/wp-json\/wp\/v2\/categories?post=137840"},{"taxonomy":"post_tag","embeddable":true,"href":"https:\/\/www.europesays.com\/fi\/wp-json\/wp\/v2\/tags?post=137840"}],"curies":[{"name":"wp","href":"https:\/\/api.w.org\/{rel}","templated":true}]}}