{"id":137842,"date":"2026-01-09T15:56:06","date_gmt":"2026-01-09T15:56:06","guid":{"rendered":"https:\/\/www.europesays.com\/fi\/137842\/"},"modified":"2026-01-09T15:56:06","modified_gmt":"2026-01-09T15:56:06","slug":"sveitsin-turmaravintolan-omistaja-pidatetty-uutisia-lyhyesti","status":"publish","type":"post","link":"https:\/\/www.europesays.com\/fi\/137842\/","title":{"rendered":"Sveitsin turmaravintolan omistaja pid\u00e4tetty | Uutisia lyhyesti"},"content":{"rendered":"<p>16:41\u2022P\u00e4ivitetty 16:41<\/p>\n<p class=\"aw-1gybjub aw-1p7kakr kEtdKx cEmitX yle__article__paragraph\">Sveitsiss\u00e4 Crans-Montanan hiihtokeskuksessa sijaitsevan Constellation-baarin omistaja on pid\u00e4tetty, <a class=\"aw-iao6s4 iHOxEa yle__article__link\" href=\"https:\/\/www.24heures.ch\/crans-montana-le-patron-du-constellation-place-en-detention-365745170209\" role=\"link\" rel=\"nofollow noopener\" target=\"_blank\">verkkolehti 24 Heures<\/a> raportoi perjantaina.<\/p>\n<p class=\"aw-1gybjub aw-1p7kakr kEtdKx cEmitX yle__article__paragraph\">Uudenvuodeny\u00f6n\u00e4 ravintolassa syttyi tulipalo, jossa menehtyi nelj\u00e4kymment\u00e4 ihmist\u00e4.<\/p>\n<p class=\"aw-1gybjub aw-1p7kakr kEtdKx cEmitX yle__article__paragraph\">24 Heuresin tietojen mukaan syytt\u00e4j\u00e4nvirasto on vaatinut omistajan vangitsemista mahdollisen pakenemisriskin vuoksi.<\/p>\n<p class=\"aw-1gybjub aw-1p7kakr kEtdKx cEmitX yle__article__paragraph\">Vangitseminen t\u00e4ytyy vahvistaa Valaisin pakkokeinotuomioistuimessa 48 tunnin kuluessa.<\/p>\n","protected":false},"excerpt":{"rendered":"16:41\u2022P\u00e4ivitetty 16:41 Sveitsiss\u00e4 Crans-Montanan hiihtokeskuksessa sijaitsevan Constellation-baarin omistaja on pid\u00e4tetty, verkkolehti 24 Heures raportoi perjantaina. Uudenvuodeny\u00f6n\u00e4 ravintolassa syttyi&hellip;\n","protected":false},"author":2,"featured_media":74,"comment_status":"","ping_status":"","sticky":false,"template":"","format":"standard","meta":{"footnotes":""},"categories":[12],"tags":[22,23,26,27,33,31,30,17,24,25,28,29,15,837,18,21,1263,32,7906,19,20,1265,56,16],"class_list":{"0":"post-137842","1":"post","2":"type-post","3":"status-publish","4":"format-standard","5":"has-post-thumbnail","7":"category-suomi","8":"tag-breaking-news","9":"tag-breakingnews","10":"tag-featured-news","11":"tag-featurednews","12":"tag-fi","13":"tag-finland","14":"tag-finnish","15":"tag-headlines","16":"tag-latest-news","17":"tag-latestnews","18":"tag-main-news","19":"tag-mainnews","20":"tag-news","21":"tag-onnettomuudet","22":"tag-otsikot","23":"tag-paauutiset","24":"tag-rikosepailyt","25":"tag-suomi","26":"tag-sveitsi","27":"tag-top-stories","28":"tag-topstories","29":"tag-tulipalot","30":"tag-ulkomaat","31":"tag-uutiset"},"share_on_mastodon":{"url":"","error":""},"_links":{"self":[{"href":"https:\/\/www.europesays.com\/fi\/wp-json\/wp\/v2\/posts\/137842","targetHints":{"allow":["GET"]}}],"collection":[{"href":"https:\/\/www.europesays.com\/fi\/wp-json\/wp\/v2\/posts"}],"about":[{"href":"https:\/\/www.europesays.com\/fi\/wp-json\/wp\/v2\/types\/post"}],"author":[{"embeddable":true,"href":"https:\/\/www.europesays.com\/fi\/wp-json\/wp\/v2\/users\/2"}],"replies":[{"embeddable":true,"href":"https:\/\/www.europesays.com\/fi\/wp-json\/wp\/v2\/comments?post=137842"}],"version-history":[{"count":0,"href":"https:\/\/www.europesays.com\/fi\/wp-json\/wp\/v2\/posts\/137842\/revisions"}],"wp:featuredmedia":[{"embeddable":true,"href":"https:\/\/www.europesays.com\/fi\/wp-json\/wp\/v2\/media\/74"}],"wp:attachment":[{"href":"https:\/\/www.europesays.com\/fi\/wp-json\/wp\/v2\/media?parent=137842"}],"wp:term":[{"taxonomy":"category","embeddable":true,"href":"https:\/\/www.europesays.com\/fi\/wp-json\/wp\/v2\/categories?post=137842"},{"taxonomy":"post_tag","embeddable":true,"href":"https:\/\/www.europesays.com\/fi\/wp-json\/wp\/v2\/tags?post=137842"}],"curies":[{"name":"wp","href":"https:\/\/api.w.org\/{rel}","templated":true}]}}