{"id":137843,"date":"2026-01-09T15:57:07","date_gmt":"2026-01-09T15:57:07","guid":{"rendered":"https:\/\/www.europesays.com\/fi\/137843\/"},"modified":"2026-01-09T15:57:07","modified_gmt":"2026-01-09T15:57:07","slug":"media-sveitsissa-palaneen-yokerhon-omistaja-pidatetty","status":"publish","type":"post","link":"https:\/\/www.europesays.com\/fi\/137843\/","title":{"rendered":"Media: Sveitsiss\u00e4 palaneen y\u00f6kerhon omistaja pid\u00e4tetty"},"content":{"rendered":"<p>Omistajan pakoriski\u00e4 pidet\u00e4\u00e4n sveitsil\u00e4ismedian mukaan suurena.<\/p>\n<p>17-vuotias kertoo, kuinka onnistui pelastautumaan palavasta y\u00f6kerhosta.Video: REUTERS<\/p>\n<p class=\"article-body mb-nof-24 px-nof-16\">Toinen tulipalossa tuhoutuneen Le Constellation -y\u00f6kerhon omistajista on pid\u00e4tetty, kertoo uutistoimisto Reuters. Reutersin tiedot perustuvat sveitsil\u00e4ismedia 24 heures\u2019n julkaisemiin tietoihin.<\/p>\n<p class=\"article-body mb-nof-24 px-nof-16\">24 heures\u2019n <a class=\"underline underline-offset-[0.12em] [text-decoration-thickness:var(--generic-link-underline-thickness)] [text-decoration-color:var(--generic-link-underline-color)] [text-decoration-skip-ink:var(--generic-link-underline-skip-ink)] break-words\" href=\"https:\/\/www.24heures.ch\/crans-montana-le-patron-du-constellation-place-en-detention-365745170209\" rel=\"nofollow noopener\" target=\"_blank\">mukaan<\/a> y\u00f6kerhon omistajapariskuntaan kuuluva mies on pid\u00e4tetty perjantaina Sionin kaupungissa j\u00e4rjestetyn kuulustelun j\u00e4lkeen, koska t\u00e4m\u00e4n pakoriski\u00e4 pidet\u00e4\u00e4n suurena. Sveitsil\u00e4ismedia kertoo tiedon perustuvan useisiin l\u00e4hteisiin.<\/p>\n<p class=\"article-body mb-nof-24 px-nof-16\">Oikeuden pit\u00e4\u00e4 viel\u00e4 vahvistaa p\u00e4\u00e4t\u00f6s 48 tunnin sis\u00e4ll\u00e4.<\/p>\n<p class=\"article-body mb-nof-24 px-nof-16\">Ei ole tiedossa, miksi toinen omistajista p\u00e4\u00e4tettiin pid\u00e4tt\u00e4\u00e4 juuri nyt. Viel\u00e4 4. tammikuuta viranomaiset p\u00e4\u00e4ttiv\u00e4t, ett\u00e4 t\u00e4m\u00e4 saa pysy\u00e4 vapaalla jalalla, 24 heures kertoo.<\/p>\n<p class=\"article-body mb-nof-24 px-nof-16\">Crans-Montanassa sijaitsevassa y\u00f6kerhossa uutenavuotena tapahtuneessa tulipalossa kuoli 40 ja loukkaantui 119 ihmist\u00e4. Y\u00f6kerhon molempia omistajia ep\u00e4ill\u00e4\u00e4n rikoksista.<\/p>\n<p class=\"article-body mb-nof-24 px-nof-16\">BBC:n <a class=\"underline underline-offset-[0.12em] [text-decoration-thickness:var(--generic-link-underline-thickness)] [text-decoration-color:var(--generic-link-underline-color)] [text-decoration-skip-ink:var(--generic-link-underline-skip-ink)] break-words\" href=\"https:\/\/www.bbc.com\/news\/articles\/cjdjl303zxlo\" rel=\"nofollow noopener\" target=\"_blank\">mukaan<\/a> y\u00f6kerhoa py\u00f6ritt\u00e4nytt\u00e4 pariskuntaa ep\u00e4ill\u00e4\u00e4n muun muassa kuoleman\u00adtuottamuksista, vammantuottamuksista ja huolimattomuudesta palon syttymiseen liittyen.<\/p>\n<p class=\"article-body mb-nof-24 px-nof-16\">Palon uskotaan syttyneen tarjoilijoiden heiluttamista s\u00e4desuihkukynttil\u00f6ist\u00e4. Omistajapariskunta on kiist\u00e4nyt syyllisyytens\u00e4.<\/p>\n<p class=\"article-body mb-nof-24 px-nof-16\">\u2013 Kaikki tehtiin s\u00e4\u00e4nt\u00f6jen mukaan, pariskunnan 49-vuotias mies on v\u00e4itt\u00e4nyt.<\/p>\n<p class=\"article-body mb-nof-24 px-nof-16\">Crans-Montanan pormestari <a class=\"font-bold underline-offset-[0.12em] [text-decoration:var(--person-link-text-decoration)] ![text-decoration-color:var(--person-link-text-decoration-color)]\" href=\"https:\/\/www.is.fi\/haku\/?query=Nicolas%20Feraud\" rel=\"nofollow noopener\" target=\"_blank\">Nicolas Feraud<\/a> puolestaan on my\u00f6nt\u00e4nyt, ett\u00e4 Le Constellationissa ei ollut tehty turvallisuustarkastuksia vuoden 2019 j\u00e4lkeen, vaikka niiden piti olla vuosittaisia.<\/p>\n<p class=\"article-body mb-nof-24 px-nof-16\">\u2013 Kadumme sit\u00e4 katkerasti, Feraud kommentoi aiemmin medialle.<\/p>\n","protected":false},"excerpt":{"rendered":"Omistajan pakoriski\u00e4 pidet\u00e4\u00e4n sveitsil\u00e4ismedian mukaan suurena. 17-vuotias kertoo, kuinka onnistui pelastautumaan palavasta y\u00f6kerhosta.Video: REUTERS Toinen tulipalossa tuhoutuneen Le&hellip;\n","protected":false},"author":2,"featured_media":137844,"comment_status":"","ping_status":"","sticky":false,"template":"","format":"standard","meta":{"footnotes":""},"categories":[5],"tags":[22,23,26,27,33,31,30,17,34,24,25,28,29,15,18,21,32,19,20,16],"class_list":{"0":"post-137843","1":"post","2":"type-post","3":"status-publish","4":"format-standard","5":"has-post-thumbnail","7":"category-otsikot","8":"tag-breaking-news","9":"tag-breakingnews","10":"tag-featured-news","11":"tag-featurednews","12":"tag-fi","13":"tag-finland","14":"tag-finnish","15":"tag-headlines","16":"tag-ilta-sanomat","17":"tag-latest-news","18":"tag-latestnews","19":"tag-main-news","20":"tag-mainnews","21":"tag-news","22":"tag-otsikot","23":"tag-paauutiset","24":"tag-suomi","25":"tag-top-stories","26":"tag-topstories","27":"tag-uutiset"},"share_on_mastodon":{"url":"https:\/\/pubeurope.com\/@fi\/115865966503893936","error":""},"_links":{"self":[{"href":"https:\/\/www.europesays.com\/fi\/wp-json\/wp\/v2\/posts\/137843","targetHints":{"allow":["GET"]}}],"collection":[{"href":"https:\/\/www.europesays.com\/fi\/wp-json\/wp\/v2\/posts"}],"about":[{"href":"https:\/\/www.europesays.com\/fi\/wp-json\/wp\/v2\/types\/post"}],"author":[{"embeddable":true,"href":"https:\/\/www.europesays.com\/fi\/wp-json\/wp\/v2\/users\/2"}],"replies":[{"embeddable":true,"href":"https:\/\/www.europesays.com\/fi\/wp-json\/wp\/v2\/comments?post=137843"}],"version-history":[{"count":0,"href":"https:\/\/www.europesays.com\/fi\/wp-json\/wp\/v2\/posts\/137843\/revisions"}],"wp:featuredmedia":[{"embeddable":true,"href":"https:\/\/www.europesays.com\/fi\/wp-json\/wp\/v2\/media\/137844"}],"wp:attachment":[{"href":"https:\/\/www.europesays.com\/fi\/wp-json\/wp\/v2\/media?parent=137843"}],"wp:term":[{"taxonomy":"category","embeddable":true,"href":"https:\/\/www.europesays.com\/fi\/wp-json\/wp\/v2\/categories?post=137843"},{"taxonomy":"post_tag","embeddable":true,"href":"https:\/\/www.europesays.com\/fi\/wp-json\/wp\/v2\/tags?post=137843"}],"curies":[{"name":"wp","href":"https:\/\/api.w.org\/{rel}","templated":true}]}}