{"id":137847,"date":"2026-01-09T16:14:08","date_gmt":"2026-01-09T16:14:08","guid":{"rendered":"https:\/\/www.europesays.com\/fi\/137847\/"},"modified":"2026-01-09T16:14:08","modified_gmt":"2026-01-09T16:14:08","slug":"sotaleffasta-tuli-maailmanlaajuinen-suoratoistohitti-katsotuin-elokuva-17-maassa","status":"publish","type":"post","link":"https:\/\/www.europesays.com\/fi\/137847\/","title":{"rendered":"Sotaleffasta tuli maailmanlaajuinen suoratoistohitti \u2013 katsotuin elokuva 17 maassa!"},"content":{"rendered":"<p>Sotaelokuvasta The Tank (Der Tiger, 2025) on tullut maailmanlaajuinen suoratoistohitti.<\/p>\n<p>Suoratoistopalveluiden katsojalukuja seuraavan <a href=\"https:\/\/flixpatrol.com\/title\/the-tank-2025\/\" rel=\"nofollow noopener\" target=\"_blank\">FlixPatrol-sivuston<\/a> mukaan The Tank on t\u00e4ll\u00e4 hetkell\u00e4 Prime Videon katsotuin elokuva maailmanlaajuisesti. Elokuva on katsotuimpien elokuvien ykk\u00f6ssijalla t\u00e4ll\u00e4 hetkell\u00e4 17 maassa, mukaan lukien Suomessa. The Tank lis\u00e4ttiin Prime Videon valikoimaan 2. tammikuuta.<\/p>\n<p class=\"wp-embed-aspect-16-9 wp-has-aspect-ratio\">The Tank on Prime Videon alkuper\u00e4istuotantoa oleva saksalaiselokuva. Elokuva oli ensimm\u00e4inen Prime Videon alkuper\u00e4iselokuva, joka sai Saksassa elokuvateatterilevityksen ennen julkaisuaan suoratoistossa.<\/p>\n<p class=\"wp-embed-aspect-16-9 wp-has-aspect-ratio\"><strong>Dennis Ganselin<\/strong> ohjaama The Tank sijoittuu it\u00e4rintamalle toisen maailmansodan aikana. Vuonna 1943 saksalaisen Tiger-panssarivaunun viisihenkinen miehist\u00f6 l\u00e4hetet\u00e4\u00e4n salaiselle teht\u00e4v\u00e4lle.<\/p>\n<p class=\"wp-embed-aspect-16-9 wp-has-aspect-ratio\">Teht\u00e4v\u00e4 vie heid\u00e4t kauas kiivaasti kiisteltyjen etulinjojen taakse. Wehrmachtin metamfetamiinin vauhdittamana heid\u00e4n teht\u00e4v\u00e4st\u00e4\u00e4n tulee yh\u00e4 enemm\u00e4n matka pimeyden syd\u00e4meen.<\/p>\n<p>Lue my\u00f6s: <a href=\"https:\/\/www.episodi.fi\/uutiset\/nyt-netflixissa-k18-kauhuleffaa-on-kutsuttu-aikuisviihteeksi-paljasta-pintaa-ja-verta-riittaa\/\" title=\"Nyt Netflixiss\u00e4: K18-kauhuleffaa on kutsuttu aikuisviihteeksi \u2013 paljasta pintaa ja verta riitt\u00e4\u00e4!\" class=\"underline-custom !font-montserrat !font-bold !underline-offset-4 !decoration-4 !decoration-episodi-blue !text-md\" rel=\"nofollow noopener\" target=\"_blank\">Nyt Netflixiss\u00e4: K18-kauhuleffaa on kutsuttu aikuisviihteeksi \u2013 paljasta pintaa ja verta riitt\u00e4\u00e4!<\/a><\/p>\n<p>Lue my\u00f6s: <a href=\"https:\/\/www.episodi.fi\/uutiset\/nyt-suoratoistossa-ehka-kaikkien-aikojen-paras-sotaelokuva-julma-yksityiskohta-meni-katsojilta-ohi\/\" title=\"Nyt suoratoistossa: Ehk\u00e4 kaikkien aikojen paras sotaelokuva \u2013 julma yksityiskohta meni katsojilta ohi\" class=\"underline-custom !font-montserrat !font-bold !underline-offset-4 !decoration-4 !decoration-episodi-blue !text-md\" rel=\"nofollow noopener\" target=\"_blank\">Nyt suoratoistossa: Ehk\u00e4 kaikkien aikojen paras sotaelokuva \u2013 julma yksityiskohta meni katsojilta ohi<\/a><\/p>\n<p>Lue my\u00f6s: <a href=\"https:\/\/www.episodi.fi\/uutiset\/nyt-suoratoistossa-klaustrofobinen-sotaelokuva-vie-pimeyden-sydameen\/\" title=\"Nyt suoratoistossa: Klaustrofobinen sotaelokuva vie pimeyden syd\u00e4meen\" class=\"underline-custom !font-montserrat !font-bold !underline-offset-4 !decoration-4 !decoration-episodi-blue !text-md\" rel=\"nofollow noopener\" target=\"_blank\">Nyt suoratoistossa: Klaustrofobinen sotaelokuva vie pimeyden syd\u00e4meen<\/a><\/p>\n<p class=\"wp-embed-aspect-16-9 wp-has-aspect-ratio\">The Tankilla on t\u00e4ll\u00e4 hetkell\u00e4 IMDb:ss\u00e4 arvosana 6,6. <a href=\"https:\/\/www.rottentomatoes.com\/m\/the_tank_2025\" rel=\"nofollow noopener\" target=\"_blank\">Rotten Tomatoesissa<\/a> elokuvalle ei ole viel\u00e4 yht\u00e4\u00e4n kriitikkoarvioita, mutta katsoja-arvioiden prosenttiosuus on t\u00e4ll\u00e4 hetkell\u00e4 62.<\/p>\n<p class=\"wp-embed-aspect-16-9 wp-has-aspect-ratio\">Katso traileri alta.<\/p>\n<p><img loading=\"lazy\" decoding=\"async\" alt=\"YouTube video\" width=\"480\" height=\"360\" data-pin-nopin=\"true\" nopin=\"nopin\" class=\"perfmatters-lazy\" src=\"https:\/\/www.europesays.com\/fi\/wp-content\/uploads\/2026\/01\/1767494769_570_hqdefault.jpg\"\/><\/p>\n<p>Lue my\u00f6s: <a href=\"https:\/\/www.episodi.fi\/uutiskirje\/?uutiskirjemainos=tekstilinkkimainos\" title=\"Tilaa Episodin uutiskirje ja voit voittaa leffalippuja! Nappaa tv-vinkit suoraan s\u00e4hk\u00f6postiin t\u00e4st\u00e4.\" class=\"underline-custom !font-montserrat !font-bold !underline-offset-4 !decoration-4 !decoration-episodi-blue !text-md\" rel=\"nofollow noopener\" target=\"_blank\">Tilaa Episodin uutiskirje ja voit voittaa leffalippuja! Nappaa katseluvinkit suoraan s\u00e4hk\u00f6postiin t\u00e4st\u00e4.<\/a><\/p>\n","protected":false},"excerpt":{"rendered":"Sotaelokuvasta The Tank (Der Tiger, 2025) on tullut maailmanlaajuinen suoratoistohitti. Suoratoistopalveluiden katsojalukuja seuraavan FlixPatrol-sivuston mukaan The Tank on&hellip;\n","protected":false},"author":2,"featured_media":137848,"comment_status":"","ping_status":"","sticky":false,"template":"","format":"standard","meta":{"footnotes":""},"categories":[131],"tags":[155,137,33,173,31,30,172,175,32,109],"class_list":{"0":"post-137847","1":"post","2":"type-post","3":"status-publish","4":"format-standard","5":"has-post-thumbnail","7":"category-elokuvat","8":"tag-elokuvat","9":"tag-entertainment","10":"tag-fi","11":"tag-film","12":"tag-finland","13":"tag-finnish","14":"tag-movies","15":"tag-prime-video","16":"tag-suomi","17":"tag-viihde"},"share_on_mastodon":{"url":"https:\/\/pubeurope.com\/@fi\/115866033553495602","error":""},"_links":{"self":[{"href":"https:\/\/www.europesays.com\/fi\/wp-json\/wp\/v2\/posts\/137847","targetHints":{"allow":["GET"]}}],"collection":[{"href":"https:\/\/www.europesays.com\/fi\/wp-json\/wp\/v2\/posts"}],"about":[{"href":"https:\/\/www.europesays.com\/fi\/wp-json\/wp\/v2\/types\/post"}],"author":[{"embeddable":true,"href":"https:\/\/www.europesays.com\/fi\/wp-json\/wp\/v2\/users\/2"}],"replies":[{"embeddable":true,"href":"https:\/\/www.europesays.com\/fi\/wp-json\/wp\/v2\/comments?post=137847"}],"version-history":[{"count":0,"href":"https:\/\/www.europesays.com\/fi\/wp-json\/wp\/v2\/posts\/137847\/revisions"}],"wp:featuredmedia":[{"embeddable":true,"href":"https:\/\/www.europesays.com\/fi\/wp-json\/wp\/v2\/media\/137848"}],"wp:attachment":[{"href":"https:\/\/www.europesays.com\/fi\/wp-json\/wp\/v2\/media?parent=137847"}],"wp:term":[{"taxonomy":"category","embeddable":true,"href":"https:\/\/www.europesays.com\/fi\/wp-json\/wp\/v2\/categories?post=137847"},{"taxonomy":"post_tag","embeddable":true,"href":"https:\/\/www.europesays.com\/fi\/wp-json\/wp\/v2\/tags?post=137847"}],"curies":[{"name":"wp","href":"https:\/\/api.w.org\/{rel}","templated":true}]}}