{"id":137851,"date":"2026-01-09T16:16:09","date_gmt":"2026-01-09T16:16:09","guid":{"rendered":"https:\/\/www.europesays.com\/fi\/137851\/"},"modified":"2026-01-09T16:16:09","modified_gmt":"2026-01-09T16:16:09","slug":"kaikki-kaikkosivat-eduard-hallbergin-ymparilta-keskiviikkona-nain-han-selvisi","status":"publish","type":"post","link":"https:\/\/www.europesays.com\/fi\/137851\/","title":{"rendered":"Kaikki kaikkosivat Eduard Hallbergin ymp\u00e4rilt\u00e4 keskiviikkona \u2013 N\u00e4in h\u00e4n selvisi"},"content":{"rendered":"<p>Eduard Hallberg yll\u00e4ttyi omasta tasonnostostaan. Nyt suomalaiskomeetta kertoo olympiamitalijahdistaan ja tarkoista rutiineistaan.<\/p>\n<p><img decoding=\"async\" class=\"image image-show image-preview\" src=\"https:\/\/www.europesays.com\/fi\/wp-content\/uploads\/2026\/01\/19dcadb5f5c2b59971446258f55a9fbc932b064d94f10eea23ab6825f40291ec.jpg\" alt=\"\"\/><img decoding=\"async\" class=\"image image-show\" src=\"https:\/\/www.europesays.com\/fi\/wp-content\/uploads\/2026\/01\/1767975368_831_19dcadb5f5c2b59971446258f55a9fbc932b064d94f10eea23ab6825f40291ec.jpg\" alt=\"\"\/><\/p>\n<p>Eduard Hallberg laski Madonna di Campigliossa toiseksi. AOP<\/p>\n<ul>\n<li>Eduard Hallberg yll\u00e4ttyi menestyksest\u00e4\u00e4n. H\u00e4n jahtaa helmikuussa olympiamitalia.<\/li>\n<li>Hallbergilla on eritt\u00e4in tarkat rutiinit ennen kisaa.<\/li>\n<li>Alppit\u00e4hti tienasi mojovan palkintopotin.<\/li>\n<\/ul>\n<p class=\"paragraph\">Alppihiiht\u00e4j\u00e4 <strong>Eduard Hallberg<\/strong>, 22, uskaltaa sanoa kovan tavoitteen \u00e4\u00e4neen. H\u00e4n jahtaa alle kuukauden p\u00e4\u00e4st\u00e4 alkavista olympialaisista mitalia.<\/p>\n<p class=\"paragraph\">\u2013 En tied\u00e4, olenko mitalisuosikki, mutta l\u00e4hden hakemaan olympiamitalia. Ei arvokisoista pystyk\u00e4\u00e4n hakemaan kymmenett\u00e4 sijaa. Kun nyt on tullut kaksi palkintopallisijaa, on mielest\u00e4ni oikein hakea mitalia, Hallberg lataa.<\/p>\n<p class=\"paragraph\">Suomalaiskomeetan ura on rakettimaisessa nousussa.<\/p>\n<p class=\"paragraph\"><a href=\"https:\/\/abcnews.go.com\/Sports\/wireStory\/finnish-prodigy-hallberg-leads-night-slalom-end-finlands-128991116\" target=\"_blank\" rel=\"noopener nofollow\">Uutistoimisto AP<\/a> kutsui keskiviikkona Hallbergia ihmelapseksi. Asiantuntija <strong>Arttu Niemel\u00e4<\/strong> sanoi <a href=\"https:\/\/yle.fi\/a\/74-20203151\" target=\"_blank\" rel=\"noopener nofollow\">Ylelle<\/a>, ett\u00e4 Hallbergilla on realistiset mahdollisuudet taistella helmikuussa olympiamitalista.<\/p>\n<p class=\"paragraph\">Marraskuussa Hallberg nappasi uransa ensimm\u00e4isen palkintopallipaikan laskettuaan Levin pujottelussa kolmanneksi. Heti seuraavana viikonloppuna h\u00e4n oli iskussa Gurglin kisassa It\u00e4vallassa, mutta pieni virhe lopussa johti ulosajoon.<\/p>\n<p class=\"paragraph\">Mahtava kausi jatkui keskiviikkona, kun Hallberg sijoittui Madonna di Campiglion iltapujottelussa kakkoseksi.<\/p>\n<p class=\"paragraph\">Alppinisti luotti osaamiseensa, mutta nopea nousu huipulle yll\u00e4tti. Hallbergin kes\u00e4harjoittelun tavoitteena oli saada tulevaan kauteen tasaisuutta. Viime kaudella h\u00e4n oli maailmancup-pujotteluissa sijoilla 8., 15. ja 24. Kisa p\u00e4\u00e4ttyi kuudesti keskeytykseen.<\/p>\n<p class=\"paragraph\">\u2013 Oli ehk\u00e4 hieman yll\u00e4tys, ett\u00e4 minulla on t\u00e4ll\u00e4 kaudella viiden kisan j\u00e4lkeen kaksi palkintopallipaikkaa, Hallberg my\u00f6nt\u00e4\u00e4.<\/p>\n<p>Resepti ja rahaa<\/p>\n<p>Hallberg jahtaa olympiamitalia. AOP<\/p>\n<p class=\"paragraph\">Keskiviikkona 22-vuotias Hallberg oli uuden edess\u00e4. Madonna di Campiglion iltapujottelun l\u00e4ht\u00f6paikka hiljeni v\u00e4hitellen, sill\u00e4 suomalainen starttasi toiselle kierrokselle viimeisen\u00e4.<\/p>\n<p class=\"paragraph\">Hallberg oli avauskierroksen nopein 0,16 sekunnin erolla ja taisteli voitosta. Siin\u00e4 tilanteessa h\u00e4n ei ollut viel\u00e4 koskaan maailmancupissa ollut.<\/p>\n<p class=\"paragraph\">Suomalainen p\u00e4\u00e4tti luottaa tarkkoihin rutiineihinsa. H\u00e4n rauhoittaa mielt\u00e4\u00e4n tekem\u00e4ll\u00e4 asiat samalla tavalla aina ennen kisaa.<\/p>\n<p class=\"paragraph\">\u2013 Teen hyv\u00e4n l\u00e4mmittelyn, l\u00e4mmittelyvedot ja rataan tutustumisen aina samalla tavalla. Niin my\u00f6s sen, miten sy\u00f6n. L\u00e4hden samaan aikaan joukkueen tiloista starttiin, l\u00e4mmittelen aina yht\u00e4 kauan ja teen l\u00e4mmittelyss\u00e4 samat liikkeet, Hallberg luettelee ja jatkaa:<\/p>\n<p class=\"paragraph\">\u2013 Teen mielikuvaharjoittelua todella paljon radan katselmuksessa, sen j\u00e4lkeen ja aina starttiin asti. Kyse on pienist\u00e4 asioista. Kun ved\u00e4n rutiinini, p\u00e4\u00e4 tiet\u00e4\u00e4, ett\u00e4 osaan homman.<\/p>\n<p class=\"paragraph\">Keskiviikkona j\u00e4nnityst\u00e4 alkoi hiipi\u00e4 puseroon, kun kilpakumppanit l\u00e4htiv\u00e4t yksi kerrallaan rinnett\u00e4 alas ja l\u00e4ht\u00f6paikka tyhjeni. Tilanne oli selv\u00e4sti erilainen kuin ennen.<\/p>\n<p class=\"paragraph\">\u2013 Oli erilainen fiilis, kun olinkin viimeisen\u00e4 tunnelissa. Se oli normaalia j\u00e4nnitt\u00e4v\u00e4mp\u00e4\u00e4. Pystyin silti p\u00e4\u00e4sem\u00e4\u00e4n omaan kuplaani ja keskittym\u00e4\u00e4n siihen, mihin pitikin. Olihan se vaikeaa. Piti tehd\u00e4 t\u00f6it\u00e4, ett\u00e4 ajatukset pysyiv\u00e4t siin\u00e4, miss\u00e4 piti.<\/p>\n<p class=\"paragraph\">Toisessa laskussa riitti j\u00e4nnitett\u00e4v\u00e4\u00e4. Hallberg teki pienen virheen aivan lopussa. Ranskalainen <strong>Clement Noel<\/strong> voitti, ja suomalainen oli 0,12 sekunnin erolla kakkonen.<\/p>\n<p class=\"paragraph\">Hallberg kuittasi uransa parhaasta maailmancup-sijoituksesta 25\u00a0608 euroa palkintorahaa.<\/p>\n<p class=\"paragraph\">\u2013 Saa n\u00e4hd\u00e4 sitten, mihin k\u00e4yt\u00e4n rahat. En ole miettinyt asiaa hirve\u00e4sti. On ollut aika paljon kaikkea muuta, suomalaist\u00e4hti hymyilee.<\/p>\n<p>Puhelin tukossa<\/p>\n<p>Eduard Hallberg on nostanut tasoaan valtavasti. AOP<\/p>\n<p class=\"paragraph\">Hallbergin puhelin meni keskiviikon jytkyn j\u00e4lkeen niin tukkoon, ettei h\u00e4n ole viel\u00e4k\u00e4\u00e4n saanut viestitulvaa purettua. Heng\u00e4hdystaukoa ei juuri ole, sill\u00e4 alppinisti matkusti jo Sveitsiin.<\/p>\n<p class=\"paragraph\">Maailmancup jatkuu lauantaina Sveitsin Adelbodenissa.<\/p>\n<p class=\"paragraph\">\u2013 En ole viel\u00e4 ehtinyt k\u00e4yd\u00e4 kaikkia viestej\u00e4 l\u00e4pi. Niit\u00e4 on tullut todella paljon. On kivaa, kun jengi on innoissaan.<\/p>\n<p class=\"paragraph\">Pujottelussa loistava Hallberg on harjoitellut viimeisen kuukauden yht\u00e4 paljon pujottelua ja suurpujottelua. H\u00e4n kertoo saaneensa lis\u00e4\u00e4 vauhtia ja stabiiliutta.<\/p>\n<p class=\"paragraph\">Adelbodenissa kilpaillaan lauantaina suurpujottelu ja sunnuntaina pujottelu. Suomalainen starttaa sunnuntaina kuuman ryhm\u00e4n mukana. L\u00e4ht\u00f6paikalla voi olla erityist\u00e4 merkityst\u00e4, sill\u00e4 perjantaina kisapaikalla tuiskutti lunta ja s\u00e4\u00e4 oli Hallbergin mukaan huono.<\/p>\n<p class=\"paragraph\">\u2013 Uskon, ett\u00e4 kisat saadaan vedetty\u00e4. Jos tulee lunta, rata ei ole ehk\u00e4 yht\u00e4 hyv\u00e4ss\u00e4 kunnossa kuin Madonnassa. Paremmalla starttinumerolla l\u00e4htij\u00e4t voivat yritt\u00e4\u00e4 ensimm\u00e4isell\u00e4 kierroksella kamppailla k\u00e4rkisijoista.<\/p>\n<p class=\"paragraph\">Lauantain suurpujottelussa Hallberg tavoittelee sijoitusta 30 parhaan joukossa.<\/p>\n<p><a href=\"https:\/\/www.iltalehti.fi\/telkku\/?utm_source=iltalehti.fi&amp;utm_medium=almainternal&amp;utm_campaign=urheilu_artikkelibanneri&amp;utm_content=banner_612_a\" rel=\"nofollow noopener\" target=\"_blank\"><img decoding=\"async\" src=\"https:\/\/www.europesays.com\/fi\/wp-content\/uploads\/2025\/08\/7ef604e47d46ca174b7df4149bd3557dbde56a86d520f8e1b2125548b0a2e03a.png\" alt=\"TV-ohjelmat t\u00e4n\u00e4\u00e4n, TV-opas\"\/><\/a><\/p>\n","protected":false},"excerpt":{"rendered":"Eduard Hallberg yll\u00e4ttyi omasta tasonnostostaan. Nyt suomalaiskomeetta kertoo olympiamitalijahdistaan ja tarkoista rutiineistaan. Eduard Hallberg laski Madonna di Campigliossa&hellip;\n","protected":false},"author":2,"featured_media":137852,"comment_status":"","ping_status":"","sticky":false,"template":"","format":"standard","meta":{"footnotes":""},"categories":[158],"tags":[35,33,31,30,2096,41,3318,2668,159,32,1145,160],"class_list":{"0":"post-137851","1":"post","2":"type-post","3":"status-publish","4":"format-standard","5":"has-post-thumbnail","7":"category-urheilu","8":"tag-24h","9":"tag-fi","10":"tag-finland","11":"tag-finnish","12":"tag-hiihtolajit","13":"tag-liikunta-ja-urheilu","14":"tag-maastohiihto","15":"tag-pohjoismaiset-hiihtolajit","16":"tag-sports","17":"tag-suomi","18":"tag-talviurheilu","19":"tag-urheilu"},"share_on_mastodon":{"url":"https:\/\/pubeurope.com\/@fi\/115866041390712628","error":""},"_links":{"self":[{"href":"https:\/\/www.europesays.com\/fi\/wp-json\/wp\/v2\/posts\/137851","targetHints":{"allow":["GET"]}}],"collection":[{"href":"https:\/\/www.europesays.com\/fi\/wp-json\/wp\/v2\/posts"}],"about":[{"href":"https:\/\/www.europesays.com\/fi\/wp-json\/wp\/v2\/types\/post"}],"author":[{"embeddable":true,"href":"https:\/\/www.europesays.com\/fi\/wp-json\/wp\/v2\/users\/2"}],"replies":[{"embeddable":true,"href":"https:\/\/www.europesays.com\/fi\/wp-json\/wp\/v2\/comments?post=137851"}],"version-history":[{"count":0,"href":"https:\/\/www.europesays.com\/fi\/wp-json\/wp\/v2\/posts\/137851\/revisions"}],"wp:featuredmedia":[{"embeddable":true,"href":"https:\/\/www.europesays.com\/fi\/wp-json\/wp\/v2\/media\/137852"}],"wp:attachment":[{"href":"https:\/\/www.europesays.com\/fi\/wp-json\/wp\/v2\/media?parent=137851"}],"wp:term":[{"taxonomy":"category","embeddable":true,"href":"https:\/\/www.europesays.com\/fi\/wp-json\/wp\/v2\/categories?post=137851"},{"taxonomy":"post_tag","embeddable":true,"href":"https:\/\/www.europesays.com\/fi\/wp-json\/wp\/v2\/tags?post=137851"}],"curies":[{"name":"wp","href":"https:\/\/api.w.org\/{rel}","templated":true}]}}