{"id":137856,"date":"2026-01-09T16:21:07","date_gmt":"2026-01-09T16:21:07","guid":{"rendered":"https:\/\/www.europesays.com\/fi\/137856\/"},"modified":"2026-01-09T16:21:07","modified_gmt":"2026-01-09T16:21:07","slug":"antti-hakkanen-kommentoi-trumpin-gronlanti-lausuntoja","status":"publish","type":"post","link":"https:\/\/www.europesays.com\/fi\/137856\/","title":{"rendered":"Antti H\u00e4kk\u00e4nen kommentoi Trumpin Gr\u00f6nlanti-lausuntoja"},"content":{"rendered":"<p>Puolustusministerill\u00e4 oli viesti my\u00f6s niille, jotka kyseenalaistavat Suomen yhteisty\u00f6n Yhdysvaltojen kanssa.<\/p>\n<p class=\"article-body mb-nof-24 px-nof-16\">Puolustusministeri <a class=\"font-bold underline-offset-[0.12em] [text-decoration:var(--person-link-text-decoration)] ![text-decoration-color:var(--person-link-text-decoration-color)]\" href=\"https:\/\/www.is.fi\/haku\/?query=Antti%20H%C3%A4kk%C3%A4nen\" rel=\"nofollow noopener\" target=\"_blank\">Antti H\u00e4kk\u00e4nen<\/a> (kok) sanoo, ett\u00e4 Yhdysvaltain presidentin <a class=\"font-bold underline-offset-[0.12em] [text-decoration:var(--person-link-text-decoration)] ![text-decoration-color:var(--person-link-text-decoration-color)]\" href=\"https:\/\/www.is.fi\/haku\/?query=Donald%20Trumpin\" rel=\"nofollow noopener\" target=\"_blank\">Donald Trumpin<\/a> lausunnot ovat kovia ja \u00e4\u00e4rimm\u00e4isen vakavia. Samalla h\u00e4n sanoo yhteistoiminnan esimerkiksi Naton kanssa jatkuvan normaalisti.<\/p>\n<p class=\"article-body mb-nof-24 px-nof-16\">H\u00e4kk\u00e4nen kommentoi asiaa medialle perjantaina sen j\u00e4lkeen, kun oli pit\u00e4nyt tiedotustilaisuuden Naton Euroopan-joukkojen komentajan vierailun yhteydess\u00e4.<\/p>\n<p class=\"article-body mb-nof-24 px-nof-16\">Trump sanoi <a class=\"underline underline-offset-[0.12em] [text-decoration-thickness:var(--generic-link-underline-thickness)] [text-decoration-color:var(--generic-link-underline-color)] [text-decoration-skip-ink:var(--generic-link-underline-skip-ink)] break-words\" href=\"https:\/\/www.nytimes.com\/2026\/01\/08\/us\/politics\/trump-interview-power-morality.html\" rel=\"nofollow noopener\" target=\"_blank\">The New York Timesin haastattelussa<\/a>, ett\u00e4 puolustusliitto Naton ja Gr\u00f6nlannin v\u00e4lill\u00e4 \u201dsaatetaan joutua tekem\u00e4\u00e4n valinta\u201d.<\/p>\n<p class=\"article-body mb-nof-24 px-nof-16\">\u2013 N\u00e4m\u00e4 lausunnot ovat kovia ja ne ovat \u00e4\u00e4rimm\u00e4isen vakavia, H\u00e4kk\u00e4nen sanoi.<\/p>\n<p class=\"article-body mb-nof-24 px-nof-16\">H\u00e4kk\u00e4nen nosti esiin, ett\u00e4 kovia lausuntoja Natosta kuultiin my\u00f6s Trumpin ensimm\u00e4isen hallinnon aikana.<\/p>\n<p class=\"article-body mb-nof-24 px-nof-16\">\u2013\u2009N\u00e4iss\u00e4 kaikissa ainakin min\u00e4 puolustusministerin roolissa suhtaudun niihin vakavasti, mutta samaan aikaan sill\u00e4 lailla, ett\u00e4 me jatkamme normaalia yhteistoimintaa, kunnes jotain konkretiaa ehk\u00e4 n\u00e4kyy.<\/p>\n<p class=\"article-body mb-nof-24 px-nof-16\">H\u00e4kk\u00e4sen mukaan ainoa vaihtoehto toimia on, ett\u00e4 Eurooppa vahvistaa omaa puolustuskyky\u00e4\u00e4n ja Suomi panostaa omaan puolustukseensa.<\/p>\n<p class=\"article-body mb-nof-24 px-nof-16\">\u2013\u2009Meid\u00e4n on nyt amerikkalaisten kanssa vain pidett\u00e4v\u00e4 v\u00e4lit.<\/p>\n<p class=\"article-body mb-nof-24 px-nof-16\">H\u00e4kk\u00e4selt\u00e4 kysyttiin, onko Yhdysvallat Gr\u00f6nlannin uhkailullaan rikkonut Naton peruskirjan s\u00e4\u00e4nt\u00f6j\u00e4. Sen mukaan liittolaiset sitoutuvat pid\u00e4ttym\u00e4\u00e4n kansainv\u00e4lisiss\u00e4 suhteissaan voimank\u00e4yt\u00f6ll\u00e4 uhkaamisesta.<\/p>\n<p class=\"article-body mb-nof-24 px-nof-16\">\u2013\u2009N\u00e4m\u00e4 on vakavia puheita, en min\u00e4 sit\u00e4 turhaan sano, H\u00e4kk\u00e4nen vastasi.<\/p>\n<p class=\"article-body mb-nof-24 px-nof-16\">H\u00e4kk\u00e4st\u00e4 pyydettiin my\u00f6s kertomaan suomalaisille, miksi Yhdysvallat pysyy liittolaisena eik\u00e4 muutu potentiaaliseksi vihollismaaksi, joka haluaa anastaa maata Euroopalta.<\/p>\n<p class=\"article-body mb-nof-24 px-nof-16\">\u2013\u2009Min\u00e4 n\u00e4en, ett\u00e4 silloin pit\u00e4isi maailman k\u00e4\u00e4nty\u00e4 aivan t\u00e4ysin toisinp\u00e4in.<\/p>\n<p class=\"article-body mb-nof-24 px-nof-16\">H\u00e4kk\u00e4sen mukaan kaikki suomalaisten k\u00e4ym\u00e4t keskustelut yhdysvaltalaisten kanssa viittaavat suoraan n\u00e4iden tiet\u00e4v\u00e4n, ett\u00e4 Nato on \u00e4\u00e4rimm\u00e4isen t\u00e4rke\u00e4 yhdysvaltalaisille.<\/p>\n<p class=\"article-body mb-nof-24 px-nof-16\">\u2013\u2009Sen takia uskallan sanoa, ett\u00e4 kovien puheiden ymp\u00e4rill\u00e4kin pit\u00e4\u00e4 pikkaisen pist\u00e4\u00e4 \u00f6ljy\u00e4 laineille ja katsoa sit\u00e4, mit\u00e4 oikeasti tehd\u00e4\u00e4n. He ovat sitoutuneita Natoon, he ovat sitoutuneita l\u00e4ntisen maailmanj\u00e4rjestyksen puolustamiseen.<\/p>\n<p class=\"article-body mb-nof-24 px-nof-16\">H\u00e4kk\u00e4nen halusi vastata my\u00f6s niille, jotka kyseenalaistavat Suomen yhteisty\u00f6n Yhdysvaltojen kanssa. H\u00e4n sanoi, ett\u00e4 Nato on t\u00e4ysin riippuvainen Yhdysvaltojen puolustuskyvyst\u00e4 eik\u00e4 Euroopalla ole riitt\u00e4v\u00e4sti itsen\u00e4ist\u00e4 puolustuskyky\u00e4 ilman amerikkalaisia.<\/p>\n<p class=\"article-body mb-nof-24 px-nof-16\">\u2013\u2009Siin\u00e4 on johtop\u00e4\u00e4t\u00f6sten tekemist\u00e4 varten kaikille er\u00e4\u00e4nlaista mietint\u00e4myssy\u00e4. Ven\u00e4j\u00e4h\u00e4n odottaisi, ett\u00e4 t\u00e4st\u00e4 teht\u00e4isiin sellainen johtop\u00e4\u00e4t\u00f6s, ett\u00e4 Nato hajoaisi. Sit\u00e4 he ovat 80 vuotta kieli pitk\u00e4ll\u00e4 odottaneet, H\u00e4kk\u00e4nen sanoi.<\/p>\n<p class=\"article-body mb-nof-24 px-nof-16\">\u2013\u2009Joten johtop\u00e4\u00e4t\u00f6s Suomelle on se, ett\u00e4 maailma on otettava sellaisena kuin se vain on, ja pyritt\u00e4v\u00e4 tekem\u00e4\u00e4n siin\u00e4 niin ulko- ja puolustuspoliittisesti parhaamme. Ei ole muuta vaihtoehtoa.<\/p>\n","protected":false},"excerpt":{"rendered":"Puolustusministerill\u00e4 oli viesti my\u00f6s niille, jotka kyseenalaistavat Suomen yhteisty\u00f6n Yhdysvaltojen kanssa. Puolustusministeri Antti H\u00e4kk\u00e4nen (kok) sanoo, ett\u00e4 Yhdysvaltain&hellip;\n","protected":false},"author":2,"featured_media":137857,"comment_status":"","ping_status":"","sticky":false,"template":"","format":"standard","meta":{"footnotes":""},"categories":[14],"tags":[22,23,26,27,33,31,30,17,34,24,25,28,29,15,18,21,32,19,20,56,16,59,60,61],"class_list":{"0":"post-137856","1":"post","2":"type-post","3":"status-publish","4":"format-standard","5":"has-post-thumbnail","7":"category-ulkomaat","8":"tag-breaking-news","9":"tag-breakingnews","10":"tag-featured-news","11":"tag-featurednews","12":"tag-fi","13":"tag-finland","14":"tag-finnish","15":"tag-headlines","16":"tag-ilta-sanomat","17":"tag-latest-news","18":"tag-latestnews","19":"tag-main-news","20":"tag-mainnews","21":"tag-news","22":"tag-otsikot","23":"tag-paauutiset","24":"tag-suomi","25":"tag-top-stories","26":"tag-topstories","27":"tag-ulkomaat","28":"tag-uutiset","29":"tag-world","30":"tag-world-news","31":"tag-worldnews"},"share_on_mastodon":{"url":"https:\/\/pubeurope.com\/@fi\/115866060943805897","error":""},"_links":{"self":[{"href":"https:\/\/www.europesays.com\/fi\/wp-json\/wp\/v2\/posts\/137856","targetHints":{"allow":["GET"]}}],"collection":[{"href":"https:\/\/www.europesays.com\/fi\/wp-json\/wp\/v2\/posts"}],"about":[{"href":"https:\/\/www.europesays.com\/fi\/wp-json\/wp\/v2\/types\/post"}],"author":[{"embeddable":true,"href":"https:\/\/www.europesays.com\/fi\/wp-json\/wp\/v2\/users\/2"}],"replies":[{"embeddable":true,"href":"https:\/\/www.europesays.com\/fi\/wp-json\/wp\/v2\/comments?post=137856"}],"version-history":[{"count":0,"href":"https:\/\/www.europesays.com\/fi\/wp-json\/wp\/v2\/posts\/137856\/revisions"}],"wp:featuredmedia":[{"embeddable":true,"href":"https:\/\/www.europesays.com\/fi\/wp-json\/wp\/v2\/media\/137857"}],"wp:attachment":[{"href":"https:\/\/www.europesays.com\/fi\/wp-json\/wp\/v2\/media?parent=137856"}],"wp:term":[{"taxonomy":"category","embeddable":true,"href":"https:\/\/www.europesays.com\/fi\/wp-json\/wp\/v2\/categories?post=137856"},{"taxonomy":"post_tag","embeddable":true,"href":"https:\/\/www.europesays.com\/fi\/wp-json\/wp\/v2\/tags?post=137856"}],"curies":[{"name":"wp","href":"https:\/\/api.w.org\/{rel}","templated":true}]}}