{"id":137860,"date":"2026-01-09T16:23:05","date_gmt":"2026-01-09T16:23:05","guid":{"rendered":"https:\/\/www.europesays.com\/fi\/137860\/"},"modified":"2026-01-09T16:23:05","modified_gmt":"2026-01-09T16:23:05","slug":"jatkasaaren-bunkkerin-purku-jatkuu-tammikuussa","status":"publish","type":"post","link":"https:\/\/www.europesays.com\/fi\/137860\/","title":{"rendered":"J\u00e4tk\u00e4saaren Bunkkerin purku jatkuu tammikuussa"},"content":{"rendered":"<p>Bunkkerin (L\u00e4nsisatamankuja 1) maanp\u00e4\u00e4lliset kerrokset on purettu, ja j\u00e4ljell\u00e4 on kellarikerroksien purku. Ensin k\u00e4ynnistet\u00e4\u00e4n maaper\u00e4n tukeminen paaluilla ja ponttiseinill\u00e4, jotta ty\u00f6maa ymp\u00e4rist\u00f6ineen pysyy turvallisena.<\/p>\n<p><strong>Purkuty\u00f6st\u00e4 ja maaper\u00e4n tuennasta aiheutuu melua<\/strong><\/p>\n<p>Maaper\u00e4n tuennasta ja purkuty\u00f6st\u00e4 syntyy v\u00e4ist\u00e4m\u00e4tt\u00e4 melua, mutta \u00e4\u00e4nen voimakkuus vaihtelee ty\u00f6vaiheiden mukaan. Maaper\u00e4n tuennan \u00e4\u00e4nekk\u00e4impi\u00e4 vaiheita ovat ponttien ly\u00f6nti, porapaalutus ja kallioankkureiden poraus. Meluisin purkuty\u00f6 on pylv\u00e4iden piikkaaminen.<\/p>\n<p>Kellarikerroksia ymp\u00e4r\u00f6iv\u00e4 maasein\u00e4m\u00e4 toimii luonnollisena \u00e4\u00e4niesteen\u00e4, joten purkamisesta kantautuva \u00e4\u00e4ni voi vaimentua edellisiin ty\u00f6vaiheisiin verrattuna.<\/p>\n<p><strong>Ty\u00f6maan haittoja pyrit\u00e4\u00e4n v\u00e4hent\u00e4m\u00e4\u00e4n<\/strong><\/p>\n<p>Piikkausty\u00f6t\u00e4 ei tehd\u00e4 iltap\u00e4ivisin kello 15\u201317. Tauko ajoittuu vieress\u00e4 sijaitsevan p\u00e4iv\u00e4kodin ulkoiluaikaan. Tuona aikana ty\u00f6maalla tehd\u00e4\u00e4n muita t\u00f6it\u00e4.<\/p>\n<p>P\u00f6lynhallintaa jatketaan tehokkaasti kastelemalla purettavaa materiaalia ja siirrett\u00e4vi\u00e4 purkuosia, jotta p\u00f6ly ei p\u00e4\u00e4se levi\u00e4m\u00e4\u00e4n ymp\u00e4rist\u00f6\u00f6n.<\/p>\n<p>Ensi viikolla k\u00e4ynnistyv\u00e4n purkuvaiheen toteuttaa Uudenmaan Infrapalvelut Oy.<\/p>\n<p>Kun rakennuspaikka \u00a0purun j\u00e4lkeen vapautuu, sinne rakennetaan J\u00e4tk\u00e4saaren uinti- ja liikuntakeskus,<\/p>\n","protected":false},"excerpt":{"rendered":"Bunkkerin (L\u00e4nsisatamankuja 1) maanp\u00e4\u00e4lliset kerrokset on purettu, ja j\u00e4ljell\u00e4 on kellarikerroksien purku. Ensin k\u00e4ynnistet\u00e4\u00e4n maaper\u00e4n tukeminen paaluilla ja&hellip;\n","protected":false},"author":2,"featured_media":137861,"comment_status":"","ping_status":"","sticky":false,"template":"","format":"standard","meta":{"footnotes":""},"categories":[5],"tags":[22,23,26,27,33,31,30,17,24,25,28,29,15,18,21,32,19,20,16],"class_list":{"0":"post-137860","1":"post","2":"type-post","3":"status-publish","4":"format-standard","5":"has-post-thumbnail","7":"category-otsikot","8":"tag-breaking-news","9":"tag-breakingnews","10":"tag-featured-news","11":"tag-featurednews","12":"tag-fi","13":"tag-finland","14":"tag-finnish","15":"tag-headlines","16":"tag-latest-news","17":"tag-latestnews","18":"tag-main-news","19":"tag-mainnews","20":"tag-news","21":"tag-otsikot","22":"tag-paauutiset","23":"tag-suomi","24":"tag-top-stories","25":"tag-topstories","26":"tag-uutiset"},"share_on_mastodon":{"url":"https:\/\/pubeurope.com\/@fi\/115866068763560094","error":""},"_links":{"self":[{"href":"https:\/\/www.europesays.com\/fi\/wp-json\/wp\/v2\/posts\/137860","targetHints":{"allow":["GET"]}}],"collection":[{"href":"https:\/\/www.europesays.com\/fi\/wp-json\/wp\/v2\/posts"}],"about":[{"href":"https:\/\/www.europesays.com\/fi\/wp-json\/wp\/v2\/types\/post"}],"author":[{"embeddable":true,"href":"https:\/\/www.europesays.com\/fi\/wp-json\/wp\/v2\/users\/2"}],"replies":[{"embeddable":true,"href":"https:\/\/www.europesays.com\/fi\/wp-json\/wp\/v2\/comments?post=137860"}],"version-history":[{"count":0,"href":"https:\/\/www.europesays.com\/fi\/wp-json\/wp\/v2\/posts\/137860\/revisions"}],"wp:featuredmedia":[{"embeddable":true,"href":"https:\/\/www.europesays.com\/fi\/wp-json\/wp\/v2\/media\/137861"}],"wp:attachment":[{"href":"https:\/\/www.europesays.com\/fi\/wp-json\/wp\/v2\/media?parent=137860"}],"wp:term":[{"taxonomy":"category","embeddable":true,"href":"https:\/\/www.europesays.com\/fi\/wp-json\/wp\/v2\/categories?post=137860"},{"taxonomy":"post_tag","embeddable":true,"href":"https:\/\/www.europesays.com\/fi\/wp-json\/wp\/v2\/tags?post=137860"}],"curies":[{"name":"wp","href":"https:\/\/api.w.org\/{rel}","templated":true}]}}