{"id":137862,"date":"2026-01-09T16:33:27","date_gmt":"2026-01-09T16:33:27","guid":{"rendered":"https:\/\/www.europesays.com\/fi\/137862\/"},"modified":"2026-01-09T16:33:27","modified_gmt":"2026-01-09T16:33:27","slug":"sorrila-aloittaa-syksylla-ilman-uusia-laitteita-kilpailutus-meni-pieleen","status":"publish","type":"post","link":"https:\/\/www.europesays.com\/fi\/137862\/","title":{"rendered":"Sorrila aloittaa syksyll\u00e4 ilman uusia laitteita \u2013 Kilpailutus meni pieleen"},"content":{"rendered":"<p>Sorrilan yhten\u00e4iskoulun AV-laitteiden hankinta joutui oikeuteen asti edenneen riidan hampaisiin. Korvaavia laitteita haalitaan syksyksi esimerkiksi kaupungin vanhoista kouluista.<\/p>\n<p class=\"article-body mb-nof-24 px-nof-16\">Sorrilan uudessa yhten\u00e4iskoulussa voidaan joutua opettamaan koko ensimm\u00e4inen lukuvuosi ilman sinne suunniteltuja uusia opetusk\u00e4yt\u00f6n AV-laitteita.<\/p>\n<p class=\"article-body mb-nof-24 px-nof-16\">Laitteiden puuttumisen taustalla ovat niiden kilpailutuksen virheet ja yhden tarjoajan tekem\u00e4 valitus markkinaoikeuteen. Lis\u00e4ksi Valkeakosken kaupunki on tehnyt reklamaation asiasta AV-laitteiden hankinnassa k\u00e4ytt\u00e4m\u00e4llens\u00e4 konsulttiyritys Granlundille.<\/p>\n","protected":false},"excerpt":{"rendered":"Sorrilan yhten\u00e4iskoulun AV-laitteiden hankinta joutui oikeuteen asti edenneen riidan hampaisiin. Korvaavia laitteita haalitaan syksyksi esimerkiksi kaupungin vanhoista kouluista.&hellip;\n","protected":false},"author":2,"featured_media":137863,"comment_status":"","ping_status":"","sticky":false,"template":"","format":"standard","meta":{"footnotes":""},"categories":[86],"tags":[420,33,31,30,421,32,91,92,3856],"class_list":{"0":"post-137862","1":"post","2":"type-post","3":"status-publish","4":"format-standard","5":"has-post-thumbnail","7":"category-laitteet","8":"tag-equipment","9":"tag-fi","10":"tag-finland","11":"tag-finnish","12":"tag-laitteet","13":"tag-suomi","14":"tag-technology","15":"tag-teknologia","16":"tag-valkeakosken-sanomat"},"share_on_mastodon":{"url":"https:\/\/pubeurope.com\/@fi\/115866108081827255","error":""},"_links":{"self":[{"href":"https:\/\/www.europesays.com\/fi\/wp-json\/wp\/v2\/posts\/137862","targetHints":{"allow":["GET"]}}],"collection":[{"href":"https:\/\/www.europesays.com\/fi\/wp-json\/wp\/v2\/posts"}],"about":[{"href":"https:\/\/www.europesays.com\/fi\/wp-json\/wp\/v2\/types\/post"}],"author":[{"embeddable":true,"href":"https:\/\/www.europesays.com\/fi\/wp-json\/wp\/v2\/users\/2"}],"replies":[{"embeddable":true,"href":"https:\/\/www.europesays.com\/fi\/wp-json\/wp\/v2\/comments?post=137862"}],"version-history":[{"count":0,"href":"https:\/\/www.europesays.com\/fi\/wp-json\/wp\/v2\/posts\/137862\/revisions"}],"wp:featuredmedia":[{"embeddable":true,"href":"https:\/\/www.europesays.com\/fi\/wp-json\/wp\/v2\/media\/137863"}],"wp:attachment":[{"href":"https:\/\/www.europesays.com\/fi\/wp-json\/wp\/v2\/media?parent=137862"}],"wp:term":[{"taxonomy":"category","embeddable":true,"href":"https:\/\/www.europesays.com\/fi\/wp-json\/wp\/v2\/categories?post=137862"},{"taxonomy":"post_tag","embeddable":true,"href":"https:\/\/www.europesays.com\/fi\/wp-json\/wp\/v2\/tags?post=137862"}],"curies":[{"name":"wp","href":"https:\/\/api.w.org\/{rel}","templated":true}]}}