{"id":137866,"date":"2026-01-09T16:39:07","date_gmt":"2026-01-09T16:39:07","guid":{"rendered":"https:\/\/www.europesays.com\/fi\/137866\/"},"modified":"2026-01-09T16:39:07","modified_gmt":"2026-01-09T16:39:07","slug":"kauan-elakoon-tony-iommi-black-sabbath-legendan-elamantyota-juhlistetaan-dokkarisarjalla-katso-avausosa","status":"publish","type":"post","link":"https:\/\/www.europesays.com\/fi\/137866\/","title":{"rendered":"Kauan el\u00e4k\u00f6\u00f6n Tony Iommi \u2013 Black Sabbath -legendan el\u00e4m\u00e4nty\u00f6t\u00e4 juhlistetaan dokkarisarjalla, katso avausosa"},"content":{"rendered":"<p>Harvassa ovat rockmuusikot, jotka eiv\u00e4t kumarra syv\u00e4\u00e4n Tony Iommin edess\u00e4, ja Gibson-yhti\u00f6n tuottama dokumenttisarja on oiva osoitus t\u00e4st\u00e4. Sarjan ensimm\u00e4inen osa julkaistiin juuri suuren yleis\u00f6n ihasteltavaksi, ja ei tarvitse kuin katsoa pari minuuttia alkua, kun silmien edess\u00e4 ovat jo vierailleet Slash, Phil Anselmo, Blackie Lawless, Scott Ian ja ties ket\u00e4 soittoniekkoja ylist\u00e4m\u00e4ss\u00e4 Black Sabbath -johtajaa. Ja mik\u00e4p\u00e4 ihme tuo on, kun kysymyksess\u00e4 on sarjan nimen mukaisesti The Godfather of Heavy Metal.<\/p>\n<p>Uusia jaksoja on ilmeisesti tarkoitus tiputella julki pitkin vuotta, joten j\u00e4\u00e4mme odottamaan jatkoa. Avausjakso k\u00e4sittelee muun muassa Iommin omia musiikillisia esikuvia ja innoittajia, ja sitten mukaan tulee kaikenlaisia Brian Mayn ja Tom Morellon kaltaisia veijareita, jotka puolestaan kertovat Iommin asemasta my\u00f6hempien rockb\u00e4ndien esikuvana. Katso 22-minuuttinen video alempaa:<\/p>\n<p><img loading=\"lazy\" decoding=\"async\" alt=\"YouTube video\" width=\"480\" height=\"360\" data-pin-nopin=\"true\" nopin=\"nopin\" class=\"perfmatters-lazy\" src=\"https:\/\/www.europesays.com\/fi\/wp-content\/uploads\/2026\/01\/1767976747_372_hqdefault.jpg\"\/><\/p>\n<p>Lue my\u00f6s: <a href=\"https:\/\/www.soundi.fi\/uutiskirje\/\" title=\"Tilaa Soundin uutiskirje\" class=\"underline-custom !font-montserrat !font-bold !underline-offset-4 !decoration-4 !decoration-red-600 !text-md\" rel=\"nofollow noopener\" target=\"_blank\">Tilaa Soundin uutiskirje ja tied\u00e4t mist\u00e4 kahvitauolla puhutaan! Nappaa ajankohtaiset musiikin uutiset ja puheenaiheet suoraan s\u00e4hk\u00f6postiin t\u00e4st\u00e4.<\/a><\/p>\n","protected":false},"excerpt":{"rendered":"Harvassa ovat rockmuusikot, jotka eiv\u00e4t kumarra syv\u00e4\u00e4n Tony Iommin edess\u00e4, ja Gibson-yhti\u00f6n tuottama dokumenttisarja on oiva osoitus t\u00e4st\u00e4.&hellip;\n","protected":false},"author":2,"featured_media":137867,"comment_status":"","ping_status":"","sticky":false,"template":"","format":"standard","meta":{"footnotes":""},"categories":[132],"tags":[137,33,31,30,195,47,32,109],"class_list":{"0":"post-137866","1":"post","2":"type-post","3":"status-publish","4":"format-standard","5":"has-post-thumbnail","7":"category-musiikki","8":"tag-entertainment","9":"tag-fi","10":"tag-finland","11":"tag-finnish","12":"tag-music","13":"tag-musiikki","14":"tag-suomi","15":"tag-viihde"},"share_on_mastodon":{"url":"https:\/\/pubeurope.com\/@fi\/115866131642065632","error":""},"_links":{"self":[{"href":"https:\/\/www.europesays.com\/fi\/wp-json\/wp\/v2\/posts\/137866","targetHints":{"allow":["GET"]}}],"collection":[{"href":"https:\/\/www.europesays.com\/fi\/wp-json\/wp\/v2\/posts"}],"about":[{"href":"https:\/\/www.europesays.com\/fi\/wp-json\/wp\/v2\/types\/post"}],"author":[{"embeddable":true,"href":"https:\/\/www.europesays.com\/fi\/wp-json\/wp\/v2\/users\/2"}],"replies":[{"embeddable":true,"href":"https:\/\/www.europesays.com\/fi\/wp-json\/wp\/v2\/comments?post=137866"}],"version-history":[{"count":0,"href":"https:\/\/www.europesays.com\/fi\/wp-json\/wp\/v2\/posts\/137866\/revisions"}],"wp:featuredmedia":[{"embeddable":true,"href":"https:\/\/www.europesays.com\/fi\/wp-json\/wp\/v2\/media\/137867"}],"wp:attachment":[{"href":"https:\/\/www.europesays.com\/fi\/wp-json\/wp\/v2\/media?parent=137866"}],"wp:term":[{"taxonomy":"category","embeddable":true,"href":"https:\/\/www.europesays.com\/fi\/wp-json\/wp\/v2\/categories?post=137866"},{"taxonomy":"post_tag","embeddable":true,"href":"https:\/\/www.europesays.com\/fi\/wp-json\/wp\/v2\/tags?post=137866"}],"curies":[{"name":"wp","href":"https:\/\/api.w.org\/{rel}","templated":true}]}}