{"id":137868,"date":"2026-01-09T16:41:06","date_gmt":"2026-01-09T16:41:06","guid":{"rendered":"https:\/\/www.europesays.com\/fi\/137868\/"},"modified":"2026-01-09T16:41:06","modified_gmt":"2026-01-09T16:41:06","slug":"suomessa-jyllaavat-nyt-taudit-eika-rokotteestakaan-ole-valttamatta-suojaa","status":"publish","type":"post","link":"https:\/\/www.europesays.com\/fi\/137868\/","title":{"rendered":"Suomessa jyll\u00e4\u00e4v\u00e4t nyt taudit, eik\u00e4 rokotteestakaan ole v\u00e4ltt\u00e4m\u00e4tt\u00e4 suojaa"},"content":{"rendered":"<p>Taudit|HS:n haastattelemat ihmiset kertovat sairastaneensa sitkeit\u00e4 tauteja. Liikkeell\u00e4 on nyt useita hengitystieinfektioita aiheuttavia viruksia.<\/p>\n<p>Lue tiivistelm\u00e4<\/p>\n<p class=\"article-body mb-nof-24 px-nof-16 sndp-summary-bullet-point-font\">Helsingin Sanomien haastattelemat ihmiset kertovat sairastuneensa influenssaan rokotteesta huolimatta.<\/p>\n<p class=\"article-body mb-nof-24 px-nof-16 sndp-summary-bullet-point-font\">Terveyden ja hyvinvoinnin laitoksen (THL) mukaan muuntunut virustyyppi voi heikent\u00e4\u00e4 rokotteen tehoa.<\/p>\n<p class=\"article-body mb-nof-24 px-nof-16 sndp-summary-bullet-point-font\">Husin infektiosairauksien ylil\u00e4\u00e4k\u00e4ri Ville Holmberg kertoi aiemmin HS:lle, ett\u00e4 influenssakausi on nyt kaikkein aktiivisimmillaan ja tartuntoja on liikkeell\u00e4 hyvin runsaasti.<\/p>\n<p class=\"article-body mb-nof-24 px-nof-16\">Suomessa jyll\u00e4\u00e4 nyt influenssa, mutta liikkeell\u00e4 on my\u00f6s muita hengitystieinfektioita aiheuttavia viruksia.<\/p>\n<p class=\"article-body mb-nof-24 px-nof-16\">Husin infektiosairauksien ylil\u00e4\u00e4k\u00e4ri <a class=\"font-bold underline-offset-[0.12em] [text-decoration:var(--person-link-text-decoration)] ![text-decoration-color:var(--person-link-text-decoration-color)]\" href=\"https:\/\/www.hs.fi\/haku\/?query=Ville%20Holmberg\" rel=\"nofollow noopener\" target=\"_blank\">Ville Holmberg<\/a> <a class=\"underline underline-offset-[0.12em] [text-decoration-thickness:var(--generic-link-underline-thickness)] [text-decoration-color:var(--generic-link-underline-color)] [text-decoration-skip-ink:var(--generic-link-underline-skip-ink)] break-words\" href=\"https:\/\/www.hs.fi\/suomi\/art-2000011733088.html\" rel=\"nofollow noopener\" target=\"_blank\">kommentoi<\/a> keskiviikkona HS:lle, ett\u00e4 influenssakausi on nyt kaikkein aktiivisimmillaan ja tartuntoja on liikkeell\u00e4 hyvin runsaasti.<\/p>\n<p class=\"article-body mb-nof-24 px-nof-16\">Terveyden ja hyvinvoinnin laitos (THL) <a class=\"underline underline-offset-[0.12em] [text-decoration-thickness:var(--generic-link-underline-thickness)] [text-decoration-color:var(--generic-link-underline-color)] [text-decoration-skip-ink:var(--generic-link-underline-skip-ink)] break-words\" href=\"https:\/\/thl.fi\/-\/influenssakausi-alkamassa-normaalia-aikaisemmin\" rel=\"nofollow noopener\" target=\"_blank\">kertoi<\/a> aiemmin, ett\u00e4 muuntunut virustyyppi voi heikent\u00e4\u00e4 rokotteen tehoa. HS:n haastattelemat ihmiset kertovat ottaneensa rokotteen, mutta sairastuneensa siit\u00e4 huolimatta influenssaan.<\/p>\n<p class=\"article-body mb-nof-24 px-nof-16\">Helsinkil\u00e4inen <a class=\"font-bold underline-offset-[0.12em] [text-decoration:var(--person-link-text-decoration)] ![text-decoration-color:var(--person-link-text-decoration-color)]\" href=\"https:\/\/www.hs.fi\/haku\/?query=Helena%20Soini\" rel=\"nofollow noopener\" target=\"_blank\">Helena Soini<\/a>, 68, sairastui uudenvuodenaaton alla. Aluksi oli vilutusta ja liev\u00e4\u00e4 kurkkukipua, ja sitten nousi l\u00e4mp\u00f6. Kuumetta h\u00e4nell\u00e4 oli enimmill\u00e4\u00e4n hieman yli 38 astetta.<\/p>\n<p class=\"article-body mb-nof-24 px-nof-16\">H\u00e4nell\u00e4 on ollut aina koronassa samankaltaisia oireita ja siksi h\u00e4n ajatteli sairastavansa sit\u00e4. Nen\u00e4 vuosi, ja maku- ja hajuaisti katosivat. Soini sanoo, ett\u00e4 kotitestin mukaan kyseess\u00e4 oli kuitenkin A-influenssa.<\/p>\n<p class=\"article-body mb-nof-24 px-nof-16\">H\u00e4nell\u00e4 oli nuhaa viel\u00e4 reilu viikko oireiden alkamisesta. Soini kertoo, ett\u00e4 my\u00f6s h\u00e4nen rokotteen ottanut miehens\u00e4 sairastui.<\/p>\n<p class=\"article-body mb-nof-24 px-nof-16\">\u201dKyll\u00e4 se yll\u00e4tti. Olen jo vuosikausia ottanut rokotuksen, ja koskaan ei ole tullut influenssaa.\u201d<\/p>\n<p class=\"article-body mb-nof-24 px-nof-16\">H\u00e4meenlinnalainen <a class=\"font-bold underline-offset-[0.12em] [text-decoration:var(--person-link-text-decoration)] ![text-decoration-color:var(--person-link-text-decoration-color)]\" href=\"https:\/\/www.hs.fi\/haku\/?query=Satu%20Tukia\" rel=\"nofollow noopener\" target=\"_blank\">Satu Tukia<\/a>, 56, otti rokotuksen jo lokakuussa. Tukia kuuluu sepelvaltimotaudin vuoksi riskiryhm\u00e4\u00e4n, ja halusi siksi varmistaa, sairastiko h\u00e4n influenssaa saatuaan uudenvuodenaaton j\u00e4lkeen oireita.<\/p>\n<p class=\"article-body mb-nof-24 px-nof-16\">H\u00e4n kertoo HS:lle tehneens\u00e4 kotitestin, jonka mukaan h\u00e4nell\u00e4 oli influenssa.<\/p>\n<p class=\"article-body mb-nof-24 px-nof-16\">Tukialla oli korkea kuume useana p\u00e4iv\u00e4n\u00e4, enimmill\u00e4\u00e4n yli 39 astetta. Lis\u00e4ksi h\u00e4nell\u00e4 oli ysk\u00e4\u00e4, lihas- ja p\u00e4\u00e4ns\u00e4rky\u00e4 sek\u00e4 kurkkukipua. H\u00e4n lis\u00e4\u00e4, ett\u00e4 ilman rokotetta tauti olisi voinut olla pahempi.<\/p>\n<p class=\"article-body mb-nof-24 px-nof-16\">H\u00e4n on ottanut rokotuksen joka vuosi ja on ennenkin sairastunut influenssaan otettuaan rokotteen.<\/p>\n<p class=\"article-body mb-nof-24 px-nof-16\">\u201dNyth\u00e4n se oli tiedossa, ett\u00e4 n\u00e4in saattaa k\u00e4yd\u00e4. Minulla oli huono tuuri\u201d, h\u00e4n sanoo.<\/p>\n<p class=\"article-body mb-nof-24 px-nof-16\">Tukia ei ole en\u00e4\u00e4 petipotilaana, mutta olo ei viel\u00e4k\u00e4\u00e4n noin viikon sairastamisen j\u00e4lkeen ole normaali.<\/p>\n<p class=\"article-body mb-nof-24 px-nof-16\">\u201dEi tahdo kauhean kauaa viel\u00e4k\u00e4\u00e4n pystyss\u00e4 pysy\u00e4. On pakko ottaa v\u00e4lill\u00e4 levon kannalta, kyll\u00e4 t\u00e4m\u00e4 voimia sy\u00f6.\u201d<\/p>\n<p class=\"article-body mb-nof-24 px-nof-16\">THL:n tartuntatautil\u00e4\u00e4k\u00e4ri <a class=\"font-bold underline-offset-[0.12em] [text-decoration:var(--person-link-text-decoration)] ![text-decoration-color:var(--person-link-text-decoration-color)]\" href=\"https:\/\/www.hs.fi\/haku\/?query=Aurora%20Djupsj%C3%B6backa\" rel=\"nofollow noopener\" target=\"_blank\">Aurora Djupsj\u00f6backa<\/a> <a class=\"underline underline-offset-[0.12em] [text-decoration-thickness:var(--generic-link-underline-thickness)] [text-decoration-color:var(--generic-link-underline-color)] [text-decoration-skip-ink:var(--generic-link-underline-skip-ink)] break-words\" href=\"https:\/\/www.hs.fi\/suomi\/art-2000011733088.html\" rel=\"nofollow noopener\" target=\"_blank\">kertoi<\/a> aiemmin HS:lle, ett\u00e4 influenssan lis\u00e4ksi liikkeell\u00e4 on esimerkiksi korona-, adeno- ja rinovirusta.<\/p>\n<p class=\"article-body mb-nof-24 px-nof-16\">Helsinkil\u00e4inen <a class=\"font-bold underline-offset-[0.12em] [text-decoration:var(--person-link-text-decoration)] ![text-decoration-color:var(--person-link-text-decoration-color)]\" href=\"https:\/\/www.hs.fi\/haku\/?query=Leena%20V%C3%A4h%C3%A4kyl%C3%A4\" rel=\"nofollow noopener\" target=\"_blank\">Leena V\u00e4h\u00e4kyl\u00e4<\/a>, 65, sairastui joulun aikaan. H\u00e4n ei tehnyt influenssatesti\u00e4, koska ei jaksanut menn\u00e4 kipe\u00e4n\u00e4 apteekkiin hakemaan sellaista. H\u00e4n ei koe, ett\u00e4 testin tekemisest\u00e4 olisi mit\u00e4\u00e4n hy\u00f6ty\u00e4.<\/p>\n<p class=\"article-body mb-nof-24 px-nof-16\">\u201dEi se paranna minua kuitenkaan.\u201d<\/p>\n<p class=\"article-body mb-nof-24 px-nof-16\">Oireidensa perusteella h\u00e4n kuitenkin veikkaa saaneensa influenssan.<\/p>\n<p class=\"article-body mb-nof-24 px-nof-16\">\u201dOli v\u00e4symyst\u00e4, lihass\u00e4rky\u00e4, nuha, ysk\u00e4. Kuume ei mill\u00e4\u00e4n laskenut\u201d, h\u00e4n luettelee.<\/p>\n<p class=\"article-body mb-nof-24 px-nof-16\">Tauti on ollut sitke\u00e4, sill\u00e4 V\u00e4h\u00e4kyl\u00e4ll\u00e4 on yh\u00e4 tammikuun toisella viikolla nuhaa ja ysk\u00e4\u00e4. H\u00e4n p\u00e4\u00e4tti kuitenkin l\u00e4hte\u00e4 etel\u00e4nmatkalle, jonka oli varannut ennen kuin oireet alkoivat.<\/p>\n<p class=\"article-body mb-nof-24 px-nof-16\">\u201dOlen joutunut aika iisisti ottamaan.\u201d<\/p>\n","protected":false},"excerpt":{"rendered":"Taudit|HS:n haastattelemat ihmiset kertovat sairastaneensa sitkeit\u00e4 tauteja. Liikkeell\u00e4 on nyt useita hengitystieinfektioita aiheuttavia viruksia. Lue tiivistelm\u00e4 Helsingin Sanomien&hellip;\n","protected":false},"author":2,"featured_media":137869,"comment_status":"","ping_status":"","sticky":false,"template":"","format":"standard","meta":{"footnotes":""},"categories":[165],"tags":[33,31,30,166,46,32,167],"class_list":{"0":"post-137868","1":"post","2":"type-post","3":"status-publish","4":"format-standard","5":"has-post-thumbnail","7":"category-terveys","8":"tag-fi","9":"tag-finland","10":"tag-finnish","11":"tag-health","12":"tag-helsingin-sanomat","13":"tag-suomi","14":"tag-terveys"},"share_on_mastodon":{"url":"https:\/\/pubeurope.com\/@fi\/115866139581457846","error":""},"_links":{"self":[{"href":"https:\/\/www.europesays.com\/fi\/wp-json\/wp\/v2\/posts\/137868","targetHints":{"allow":["GET"]}}],"collection":[{"href":"https:\/\/www.europesays.com\/fi\/wp-json\/wp\/v2\/posts"}],"about":[{"href":"https:\/\/www.europesays.com\/fi\/wp-json\/wp\/v2\/types\/post"}],"author":[{"embeddable":true,"href":"https:\/\/www.europesays.com\/fi\/wp-json\/wp\/v2\/users\/2"}],"replies":[{"embeddable":true,"href":"https:\/\/www.europesays.com\/fi\/wp-json\/wp\/v2\/comments?post=137868"}],"version-history":[{"count":0,"href":"https:\/\/www.europesays.com\/fi\/wp-json\/wp\/v2\/posts\/137868\/revisions"}],"wp:featuredmedia":[{"embeddable":true,"href":"https:\/\/www.europesays.com\/fi\/wp-json\/wp\/v2\/media\/137869"}],"wp:attachment":[{"href":"https:\/\/www.europesays.com\/fi\/wp-json\/wp\/v2\/media?parent=137868"}],"wp:term":[{"taxonomy":"category","embeddable":true,"href":"https:\/\/www.europesays.com\/fi\/wp-json\/wp\/v2\/categories?post=137868"},{"taxonomy":"post_tag","embeddable":true,"href":"https:\/\/www.europesays.com\/fi\/wp-json\/wp\/v2\/tags?post=137868"}],"curies":[{"name":"wp","href":"https:\/\/api.w.org\/{rel}","templated":true}]}}