{"id":137870,"date":"2026-01-09T16:42:07","date_gmt":"2026-01-09T16:42:07","guid":{"rendered":"https:\/\/www.europesays.com\/fi\/137870\/"},"modified":"2026-01-09T16:42:07","modified_gmt":"2026-01-09T16:42:07","slug":"valioliiga-thomas-frank-tallentui-kuviin-kiusallinen-asia-kadessaan-fanit-eivat-antaneet-armoa","status":"publish","type":"post","link":"https:\/\/www.europesays.com\/fi\/137870\/","title":{"rendered":"Valioliiga: Thomas Frank tallentui kuviin kiusallinen asia k\u00e4dess\u00e4\u00e4n \u2013 fanit eiv\u00e4t antaneet armoa"},"content":{"rendered":"<p>Tottenhamin p\u00e4\u00e4valmentajalla Thomas Frankilla ei ollut paras p\u00e4iv\u00e4 keskiviikkona.<\/p>\n<p class=\"article-body mb-nof-24 px-nof-16\">Englannin Valioliigassa kynt\u00e4v\u00e4n Tottenhamin p\u00e4\u00e4valmentajalla <a class=\"font-bold underline-offset-[0.12em] [text-decoration:var(--person-link-text-decoration)] ![text-decoration-color:var(--person-link-text-decoration-color)]\" href=\"https:\/\/www.is.fi\/haku\/?query=Thomas%20Frankilla\" rel=\"nofollow noopener\" target=\"_blank\">Thomas Frankilla<\/a> oli huono p\u00e4iv\u00e4 keskiviikkona.<\/p>\n<p class=\"article-body mb-nof-24 px-nof-16\">Joukkue h\u00e4visi Bournemouthille viime hetken maalilla 2\u20133, mutta Frank sai selitt\u00e4\u00e4 peliesityksen lis\u00e4ksi my\u00f6s k\u00e4dess\u00e4\u00e4n ollutta kahvimukia.<\/p>\n<p class=\"article-body mb-nof-24 px-nof-16\">Tanskalaisluotsi ikuistettiin k\u00e4velem\u00e4ss\u00e4 ennen ottelua verivihollisen Arsenalin logolla varustettu muki k\u00e4dess\u00e4\u00e4n.<\/p>\n<p class=\"article-body mb-nof-24 px-nof-16\">K\u00f6mm\u00e4hdys on todella nolo, sill\u00e4 lontoolaiset Tottenham ja Arsenal ovat toistensa pahimmat viholliset. Frank selitti, ettei h\u00e4n ollut huomannut mukin logoa.<\/p>\n<p class=\"article-body mb-nof-24 px-nof-16\">\u2013 Ehdottomasti en huomannut sit\u00e4. Emme voita jokaista ottelua, joten olisi todella \u00e4\u00e4rett\u00f6m\u00e4n typer\u00e4\u00e4 ottaa Arsenal-muki (tahallaan). Luuleeko joku t\u00e4\u00e4ll\u00e4 niin? Kaikki joukkueen taustahenkil\u00f6t tekiv\u00e4t samoin, Frank selitti ottelun j\u00e4lkeen.<\/p>\n<p class=\"article-body mb-nof-24 px-nof-16\">\u2013 Mukit olivat pukuhuoneessa tullessamme sinne. Otan espresson ennen jokaista ottelua. On v\u00e4h\u00e4n surullista, ett\u00e4 minulta kysyt\u00e4\u00e4n t\u00e4st\u00e4.<\/p>\n<p class=\"article-body mb-nof-24 px-nof-16\">Lontoolaisseura pelasi jo kolmannen per\u00e4kk\u00e4isen ottelunsa ilman voittoa, eik\u00e4 t\u00e4ytt\u00e4 pistepottia ole p\u00e4\u00e4sty juhlimaan viel\u00e4 t\u00e4n\u00e4 vuonna kertaakaan. Sarjassa sijoitus on jo valahtanut seitsem\u00e4nneksi viimeiseksi.<\/p>\n<p class=\"article-body mb-nof-24 px-nof-16\">Jalkapallofanit ottivat ilon irti Frankin k\u00f6mm\u00e4hdyksest\u00e4, ja sosiaalinen media tulvi pilakuvia tanskalaisesta erilaisissa Arsenal-asusteissa.<\/p>\n<p class=\"article-body mb-nof-24 px-nof-16\">Frankista jaettuja kuvia on my\u00f6s kommentoitu h\u00e4mm\u00e4stellen. Monet ihmettelev\u00e4t, miten valmentaja onnistui mokaamaan n\u00e4in pahasti.<\/p>\n<p class=\"article-body mb-nof-24 px-nof-16\">\u2013 Mit\u00e4 h\u00e4n oikein pitelee? kysyi er\u00e4s kommentoija X:ss\u00e4.<\/p>\n<p class=\"article-body mb-nof-24 px-nof-16\">\u2013 Miksi h\u00e4n pitelee tuota kuppia? toinen kysyi nauruemojien kera.<\/p>\n<p class=\"article-body mb-nof-24 px-nof-16\">\u2013 Miten t\u00e4m\u00e4 on mahdollista? h\u00e4mm\u00e4steli yksi.<\/p>\n","protected":false},"excerpt":{"rendered":"Tottenhamin p\u00e4\u00e4valmentajalla Thomas Frankilla ei ollut paras p\u00e4iv\u00e4 keskiviikkona. Englannin Valioliigassa kynt\u00e4v\u00e4n Tottenhamin p\u00e4\u00e4valmentajalla Thomas Frankilla oli huono&hellip;\n","protected":false},"author":2,"featured_media":137871,"comment_status":"","ping_status":"","sticky":false,"template":"","format":"standard","meta":{"footnotes":""},"categories":[158],"tags":[33,31,30,34,159,32,160],"class_list":{"0":"post-137870","1":"post","2":"type-post","3":"status-publish","4":"format-standard","5":"has-post-thumbnail","7":"category-urheilu","8":"tag-fi","9":"tag-finland","10":"tag-finnish","11":"tag-ilta-sanomat","12":"tag-sports","13":"tag-suomi","14":"tag-urheilu"},"share_on_mastodon":{"url":"https:\/\/pubeurope.com\/@fi\/115866143525392704","error":""},"_links":{"self":[{"href":"https:\/\/www.europesays.com\/fi\/wp-json\/wp\/v2\/posts\/137870","targetHints":{"allow":["GET"]}}],"collection":[{"href":"https:\/\/www.europesays.com\/fi\/wp-json\/wp\/v2\/posts"}],"about":[{"href":"https:\/\/www.europesays.com\/fi\/wp-json\/wp\/v2\/types\/post"}],"author":[{"embeddable":true,"href":"https:\/\/www.europesays.com\/fi\/wp-json\/wp\/v2\/users\/2"}],"replies":[{"embeddable":true,"href":"https:\/\/www.europesays.com\/fi\/wp-json\/wp\/v2\/comments?post=137870"}],"version-history":[{"count":0,"href":"https:\/\/www.europesays.com\/fi\/wp-json\/wp\/v2\/posts\/137870\/revisions"}],"wp:featuredmedia":[{"embeddable":true,"href":"https:\/\/www.europesays.com\/fi\/wp-json\/wp\/v2\/media\/137871"}],"wp:attachment":[{"href":"https:\/\/www.europesays.com\/fi\/wp-json\/wp\/v2\/media?parent=137870"}],"wp:term":[{"taxonomy":"category","embeddable":true,"href":"https:\/\/www.europesays.com\/fi\/wp-json\/wp\/v2\/categories?post=137870"},{"taxonomy":"post_tag","embeddable":true,"href":"https:\/\/www.europesays.com\/fi\/wp-json\/wp\/v2\/tags?post=137870"}],"curies":[{"name":"wp","href":"https:\/\/api.w.org\/{rel}","templated":true}]}}