{"id":137878,"date":"2026-01-09T16:48:07","date_gmt":"2026-01-09T16:48:07","guid":{"rendered":"https:\/\/www.europesays.com\/fi\/137878\/"},"modified":"2026-01-09T16:48:07","modified_gmt":"2026-01-09T16:48:07","slug":"suomen-tyottomyys-euroopan-pahin-orpo-myontaa-kukaan-ei-olisi-halunnut-nahda-naita-lukuja-politiikka","status":"publish","type":"post","link":"https:\/\/www.europesays.com\/fi\/137878\/","title":{"rendered":"Suomen ty\u00f6tt\u00f6myys Euroopan pahin \u2013 Orpo my\u00f6nt\u00e4\u00e4: Kukaan ei olisi halunnut n\u00e4hd\u00e4 n\u00e4it\u00e4 lukuja | Politiikka"},"content":{"rendered":"<p class=\"aw-1gybjub aw-5vja16 kEtdKx kmuxyA yle__article__paragraph\">Korkeasta ty\u00f6tt\u00f6myydest\u00e4 k\u00e4rsinyt Espanjakin j\u00e4\u00e4 jo Suomen taakse, mutta p\u00e4\u00e4ministeri pit\u00e4\u00e4 yh\u00e4 kiinni hallituksen 100\u00a0000 uuden ty\u00f6llisen tavoitteesta.<\/p>\n<p><img decoding=\"async\" alt=\"Petteri Orpo istuu sohvalla tumma puku p\u00e4\u00e4ll\u00e4.\" src=\"https:\/\/www.europesays.com\/fi\/wp-content\/uploads\/2026\/01\/39-15790416960d1adf2d53.jpeg\" class=\"aw-1l9m598 hKVVvP\"\/><\/p>\n<p>Avaa kuvien katselu<\/p>\n<p>P\u00e4\u00e4ministeri Petteri Orpo vetoaa siihen, ett\u00e4 maailman ep\u00e4varmuudet iskev\u00e4t kovimmin vientiriippuvaiseen Suomeen. Kuva: Esa Syv\u00e4kuru \/ Yle<\/p>\n<p class=\"aw-1gybjub aw-1p7kakr kEtdKx cEmitX yle__article__paragraph\">Suomi saavutti t\u00e4ll\u00e4 viikolla uuden kyseenalaisen ykk\u00f6ssijan, kun Suomen <a class=\"aw-iao6s4 iHOxEa yle__article__link\" href=\"https:\/\/yle.fi\/a\/74-20203092\" role=\"link\" rel=\"nofollow noopener\" target=\"_blank\">ty\u00f6tt\u00f6myysaste <\/a>kipusi Euroopan korkeimmaksi.<\/p>\n<p class=\"aw-1gybjub aw-1p7kakr kEtdKx cEmitX yle__article__paragraph\">P\u00e4\u00e4ministeri <strong class=\"aw-ak79eh KyCXm yle__article__strong\">Petteri Orpo<\/strong> (kok.) my\u00f6nsi perjantaina Ylen haastattelussa, ett\u00e4 luvut ovat huonoja.<\/p>\n<p class=\"aw-1gybjub aw-1p7kakr kEtdKx cEmitX yle__article__paragraph\">\u2013 Kukaan ei olisi halunnut n\u00e4hd\u00e4 t\u00e4llaisia lukuja, emmek\u00e4 varmasti siihen kukaan uskoneetkaan, Orpo kommentoi.<\/p>\n<p class=\"aw-1gybjub aw-1p7kakr kEtdKx cEmitX yle__article__paragraph\">Orpo vetosi siihen, ett\u00e4 maailman ep\u00e4varmuudet, huolet ja konfliktit iskev\u00e4t kaikkein kovimmin vientiriippuvaiseen Suomeen.<\/p>\n<p class=\"aw-1gybjub aw-1p7kakr kEtdKx cEmitX yle__article__paragraph\">\u2013 Jos jotain valopilkkuja haluaa n\u00e4hd\u00e4, niin yksi on se, ett\u00e4 ty\u00f6llisyysaste on kuitenkin s\u00e4ilynyt hyv\u00e4ll\u00e4 tasolla. Se ei ole laskenut, vaikka ty\u00f6tt\u00f6myys on samaan aikaan noussut.<\/p>\n<p class=\"aw-1gybjub aw-1p7kakr kEtdKx cEmitX yle__article__paragraph\">Syyn\u00e4 on Orpon mukaan maahanmuuton lis\u00e4\u00e4m\u00e4 ty\u00f6voiman m\u00e4\u00e4r\u00e4 ja hallituksen uudistukset, jotka ovat saaneet ihmiset ilmoittautumaan ty\u00f6nhakijoiksi.<\/p>\n<p class=\"aw-1gybjub aw-1p7kakr kEtdKx cEmitX yle__article__paragraph\">\u2013 V\u00e4it\u00e4n, ett\u00e4 olisimme syvemm\u00e4ll\u00e4 ty\u00f6tt\u00f6myydess\u00e4, jos uudistuksia ei olisi tehty.<\/p>\n<p class=\"aw-1gybjub aw-1p7kakr kEtdKx cEmitX yle__article__paragraph\">Orpo painotti, ettei halua v\u00e4h\u00e4tell\u00e4 ongelmaa ty\u00f6tt\u00f6myyden kanssa. H\u00e4n vakuuttaa, ett\u00e4 hallitus yritt\u00e4\u00e4 saada ihmisille t\u00f6it\u00e4 ja Suomen talouden kasvuun.<\/p>\n<p class=\"aw-1gybjub aw-1p7kakr kEtdKx cEmitX yle__article__paragraph\">Vaikka Suomen ty\u00f6tt\u00f6myysaste on Euroopan pahin, Orpo ei ole hautaamassa julkisesti hallituksen tavoitetta sadastatuhannesta uudesta ty\u00f6llisest\u00e4. Seuraaviin eduskuntavaaleihin on alle puolitoista vuotta aikaa.<\/p>\n<p class=\"aw-1gybjub aw-1p7kakr kEtdKx cEmitX yle__article__paragraph\">\u2013 Vaalien alla katsotaan kuinka pitk\u00e4lle on p\u00e4\u00e4sty. En halua antaa yht\u00e4\u00e4n periksi t\u00e4ss\u00e4 vaiheessa, vaan vied\u00e4 uudistuksia eteenp\u00e4in, l\u00f6yt\u00e4\u00e4 uusia keinoja kasvun aikaansaamiseksi ja ja ty\u00f6llisyyden parantamiseksi.<\/p>\n<p class=\"aw-1gybjub aw-1p7kakr kEtdKx cEmitX yle__article__paragraph\">Orpo ei halunnut viel\u00e4 sanoa suoraan sit\u00e4, johtaako h\u00e4n kokoomuksen ensi vuoden eduskuntavaaleihin.<\/p>\n<p class=\"aw-1gybjub aw-1p7kakr kEtdKx cEmitX yle__article__paragraph\">\u2013 Olen t\u00e4ysin sitoutunut p\u00e4\u00e4ministerin teht\u00e4v\u00e4\u00e4n ja olen alusta l\u00e4htien sanonut, ett\u00e4 Suomen kuntoon laittaminen on v\u00e4hint\u00e4\u00e4n kahden vaalikauden mittainen projekti ja ty\u00f6 on kesken. Olen motivoitunut jatkamaan sit\u00e4.<\/p>\n<p class=\"aw-1gybjub aw-1p7kakr kEtdKx cEmitX yle__article__paragraph\">H\u00e4n sanoi j\u00e4tt\u00e4v\u00e4ns\u00e4 \u201dseuraavaan jaksoon\u201d loppuhuipennuksen, eli tiedon siit\u00e4 hakeeko h\u00e4n jatkokautta kokoomuksen johdossa t\u00e4n\u00e4 kes\u00e4n\u00e4. H\u00e4n sanoi kertovansa asiasta \u201dtulevina aikoina\u201d.<\/p>\n<p class=\"aw-1gybjub aw-1p7kakr kEtdKx cEmitX yle__article__paragraph\"><strong class=\"aw-ak79eh KyCXm yle__article__strong\">Lue my\u00f6s, mit\u00e4 Orpo sanoi<\/strong> <a class=\"aw-iao6s4 iHOxEa yle__article__link\" href=\"https:\/\/yle.fi\/a\/74-20203331\" role=\"link\" rel=\"nofollow noopener\" target=\"_blank\"><strong class=\"aw-ak79eh KyCXm yle__article__strong\">Ylen haastattelussa<\/strong> <\/a><strong class=\"aw-ak79eh KyCXm yle__article__strong\">kansainv\u00e4lisen tilanteen kiristymisest\u00e4: \u201dTilanne on katastrofaalinen, jos Yhdysvallat toteuttaa Gr\u00f6nlanti-uhkauksensa\u201d<\/strong><\/p>\n","protected":false},"excerpt":{"rendered":"Korkeasta ty\u00f6tt\u00f6myydest\u00e4 k\u00e4rsinyt Espanjakin j\u00e4\u00e4 jo Suomen taakse, mutta p\u00e4\u00e4ministeri pit\u00e4\u00e4 yh\u00e4 kiinni hallituksen 100\u00a0000 uuden ty\u00f6llisen tavoitteesta.&hellip;\n","protected":false},"author":2,"featured_media":137879,"comment_status":"","ping_status":"","sticky":false,"template":"","format":"standard","meta":{"footnotes":""},"categories":[12],"tags":[22,23,26,27,33,31,30,2346,17,24,25,28,29,15,18,21,1570,637,32,18553,19,20,1955,11375,16],"class_list":{"0":"post-137878","1":"post","2":"type-post","3":"status-publish","4":"format-standard","5":"has-post-thumbnail","7":"category-suomi","8":"tag-breaking-news","9":"tag-breakingnews","10":"tag-featured-news","11":"tag-featurednews","12":"tag-fi","13":"tag-finland","14":"tag-finnish","15":"tag-hallituksen-talouspolitiikka","16":"tag-headlines","17":"tag-latest-news","18":"tag-latestnews","19":"tag-main-news","20":"tag-mainnews","21":"tag-news","22":"tag-otsikot","23":"tag-paauutiset","24":"tag-petteri-orpo","25":"tag-politiikka","26":"tag-suomi","27":"tag-talouspolitiikka","28":"tag-top-stories","29":"tag-topstories","30":"tag-tyottomyys","31":"tag-tyottomyysaste","32":"tag-uutiset"},"share_on_mastodon":{"url":"","error":""},"_links":{"self":[{"href":"https:\/\/www.europesays.com\/fi\/wp-json\/wp\/v2\/posts\/137878","targetHints":{"allow":["GET"]}}],"collection":[{"href":"https:\/\/www.europesays.com\/fi\/wp-json\/wp\/v2\/posts"}],"about":[{"href":"https:\/\/www.europesays.com\/fi\/wp-json\/wp\/v2\/types\/post"}],"author":[{"embeddable":true,"href":"https:\/\/www.europesays.com\/fi\/wp-json\/wp\/v2\/users\/2"}],"replies":[{"embeddable":true,"href":"https:\/\/www.europesays.com\/fi\/wp-json\/wp\/v2\/comments?post=137878"}],"version-history":[{"count":0,"href":"https:\/\/www.europesays.com\/fi\/wp-json\/wp\/v2\/posts\/137878\/revisions"}],"wp:featuredmedia":[{"embeddable":true,"href":"https:\/\/www.europesays.com\/fi\/wp-json\/wp\/v2\/media\/137879"}],"wp:attachment":[{"href":"https:\/\/www.europesays.com\/fi\/wp-json\/wp\/v2\/media?parent=137878"}],"wp:term":[{"taxonomy":"category","embeddable":true,"href":"https:\/\/www.europesays.com\/fi\/wp-json\/wp\/v2\/categories?post=137878"},{"taxonomy":"post_tag","embeddable":true,"href":"https:\/\/www.europesays.com\/fi\/wp-json\/wp\/v2\/tags?post=137878"}],"curies":[{"name":"wp","href":"https:\/\/api.w.org\/{rel}","templated":true}]}}