{"id":137880,"date":"2026-01-09T16:49:07","date_gmt":"2026-01-09T16:49:07","guid":{"rendered":"https:\/\/www.europesays.com\/fi\/137880\/"},"modified":"2026-01-09T16:49:07","modified_gmt":"2026-01-09T16:49:07","slug":"kymmenet-teboil-kauppiaat-vaihtaneet-ketjua-ilta-sanomat","status":"publish","type":"post","link":"https:\/\/www.europesays.com\/fi\/137880\/","title":{"rendered":"Kymmenet Teboil-kauppiaat vaihtaneet ketjua &#8211; Ilta-Sanomat"},"content":{"rendered":"<ol>\n<li><a href=\"https:\/\/news.google.com\/rss\/articles\/CBMiZEFVX3lxTE9Ob1F1NWNXLW1oV2dCZl9SX1hILXJuU0N3OGEzQmdUdUtTbWpQNm5ONWo5TWh1UloyR1RZWnFDd2psWkNOcVd0b3dPa2hoZWZFMzhKSjVYbnhqUlNwWFhXNEs4NGw?oc=5\" target=\"_blank\" rel=\"nofollow noopener\">Kymmenet Teboil-kauppiaat vaihtaneet ketjua<\/a>&nbsp;&nbsp;Ilta-Sanomat<\/li>\n<li><a href=\"https:\/\/news.google.com\/rss\/articles\/CBMie0FVX3lxTFA5R1JmMmc3RnRELThvZkRBX3lmdkZPa3U3WTdIUVJhNWVFMWN0LVRFTmhQdUpfeHlRaXBhSG5Nd1N1dUlfMkFFSHJ1R2pnU1hHWFJTTjhSQ2pTQWZwMWtnTWc0aUN6aVZXUTF0ckdTVjlPZUxCelVNWndvTQ?oc=5\" target=\"_blank\" rel=\"nofollow noopener\">I-P: Teboil-yritt\u00e4j\u00e4lt\u00e4 yll\u00e4tysratkaisu \u2013 Perusti uuden huoltoasemaketjun<\/a>&nbsp;&nbsp;Iltalehti<\/li>\n<li><a href=\"https:\/\/news.google.com\/rss\/articles\/CBMilgFBVV95cUxNQ1F3VFlvcmhJN3VHSnNHNXJuN25wS1pTSXFVYUNGbUFSajJMbGM1bExhZGZROWhQM1FyQThrdlMyTDlhaF9HNHJFMXJzZWswNWdVSmdXcmR2eE1vb0MtNXdLeUlHR0RfMzBPLVB2YXhPTWEyNnJBYkpMSUYyQmJWT1dWNXFoaDBHU0pZNFVPdGFRZDl1SHc?oc=5\" target=\"_blank\" rel=\"nofollow noopener\">N\u00e4in Teboil linjaa Vaasan ja N\u00e4rpi\u00f6n huol\u00adto\u00adase\u00admien pa\u00adluus\u00adta \u2013 &#8221; T\u00e4y\u00adsin eril\u00adl\u00e4\u00e4n Te\u00adboi\u00adlis\u00adta&#8221;<\/a>&nbsp;&nbsp;Ilkka-Pohjalainen<\/li>\n<li><a href=\"https:\/\/news.google.com\/rss\/articles\/CBMiekFVX3lxTE41YXFRazlhcHF6RGZnY3o1NU1IN1J5eDFRb3JGWG9RSnRkNWFwd1d2Q3FNallNQVlSUUljSGMwcy11RmxfQTBKMXBBMjF1NlBiM1V1Q1FPX0pZd3lvVy05WUJoZGN5ckhfUFlpa0VjYzNkTy1yRUtfYnl3?oc=5\" target=\"_blank\" rel=\"nofollow noopener\">I-P: Teboileja palailee uudella nimell\u00e4<\/a>&nbsp;&nbsp;Verkkouutiset<\/li>\n<li><a href=\"https:\/\/news.google.com\/rss\/articles\/CBMifkFVX3lxTE1pTkNBTXBjZzFURGJsV2lTR3VCMFZxTzBIQ3hLSlRhRkloaFotTGNHenBfVGhzclpKbGE0Y3BjMzUyRDZ2MlVxYXlicG1RLVVxYWJQYXhPTXBPbW5Rdk1jSU96eWlfUUxkVHlRNGFQdGJvLUY2c0dvNXNDZy1Ndw?oc=5\" target=\"_blank\" rel=\"nofollow noopener\">Teboil-kauppiaista tuli uusi tieto: \u201dMerkitt\u00e4v\u00e4 m\u00e4\u00e4r\u00e4\u201d<\/a>&nbsp;&nbsp;Talousel\u00e4m\u00e4<\/li>\n<\/ol>\n","protected":false},"excerpt":{"rendered":"Kymmenet Teboil-kauppiaat vaihtaneet ketjua&nbsp;&nbsp;Ilta-Sanomat I-P: Teboil-yritt\u00e4j\u00e4lt\u00e4 yll\u00e4tysratkaisu \u2013 Perusti uuden huoltoasemaketjun&nbsp;&nbsp;Iltalehti N\u00e4in Teboil linjaa Vaasan ja N\u00e4rpi\u00f6n huol\u00adto\u00adase\u00admien&hellip;\n","protected":false},"author":2,"featured_media":137881,"comment_status":"","ping_status":"","sticky":false,"template":"","format":"standard","meta":{"footnotes":""},"categories":[5],"tags":[22,23,26,27,33,31,30,17,34,24,25,28,29,15,18,21,32,19,20,16],"class_list":{"0":"post-137880","1":"post","2":"type-post","3":"status-publish","4":"format-standard","5":"has-post-thumbnail","7":"category-otsikot","8":"tag-breaking-news","9":"tag-breakingnews","10":"tag-featured-news","11":"tag-featurednews","12":"tag-fi","13":"tag-finland","14":"tag-finnish","15":"tag-headlines","16":"tag-ilta-sanomat","17":"tag-latest-news","18":"tag-latestnews","19":"tag-main-news","20":"tag-mainnews","21":"tag-news","22":"tag-otsikot","23":"tag-paauutiset","24":"tag-suomi","25":"tag-top-stories","26":"tag-topstories","27":"tag-uutiset"},"share_on_mastodon":{"url":"https:\/\/pubeurope.com\/@fi\/115866171054306889","error":""},"_links":{"self":[{"href":"https:\/\/www.europesays.com\/fi\/wp-json\/wp\/v2\/posts\/137880","targetHints":{"allow":["GET"]}}],"collection":[{"href":"https:\/\/www.europesays.com\/fi\/wp-json\/wp\/v2\/posts"}],"about":[{"href":"https:\/\/www.europesays.com\/fi\/wp-json\/wp\/v2\/types\/post"}],"author":[{"embeddable":true,"href":"https:\/\/www.europesays.com\/fi\/wp-json\/wp\/v2\/users\/2"}],"replies":[{"embeddable":true,"href":"https:\/\/www.europesays.com\/fi\/wp-json\/wp\/v2\/comments?post=137880"}],"version-history":[{"count":0,"href":"https:\/\/www.europesays.com\/fi\/wp-json\/wp\/v2\/posts\/137880\/revisions"}],"wp:featuredmedia":[{"embeddable":true,"href":"https:\/\/www.europesays.com\/fi\/wp-json\/wp\/v2\/media\/137881"}],"wp:attachment":[{"href":"https:\/\/www.europesays.com\/fi\/wp-json\/wp\/v2\/media?parent=137880"}],"wp:term":[{"taxonomy":"category","embeddable":true,"href":"https:\/\/www.europesays.com\/fi\/wp-json\/wp\/v2\/categories?post=137880"},{"taxonomy":"post_tag","embeddable":true,"href":"https:\/\/www.europesays.com\/fi\/wp-json\/wp\/v2\/tags?post=137880"}],"curies":[{"name":"wp","href":"https:\/\/api.w.org\/{rel}","templated":true}]}}