{"id":137892,"date":"2026-01-09T17:12:08","date_gmt":"2026-01-09T17:12:08","guid":{"rendered":"https:\/\/www.europesays.com\/fi\/137892\/"},"modified":"2026-01-09T17:12:08","modified_gmt":"2026-01-09T17:12:08","slug":"mikkelin-pellokselle-on-tulossa-10-hehtaarin-datakeskus-valmista-pitaisi-olla-jo-heinakuussa-etela-savo","status":"publish","type":"post","link":"https:\/\/www.europesays.com\/fi\/137892\/","title":{"rendered":"Mikkelin Pellokselle on tulossa 10 hehtaarin datakeskus \u2013 valmista pit\u00e4isi olla jo hein\u00e4kuussa | Etel\u00e4-Savo"},"content":{"rendered":"<p class=\"aw-1gybjub aw-5vja16 kEtdKx kmuxyA yle__article__paragraph\">Aurora Core Technology on vuokrannut datakeskukselle maa-alan. Rakennusty\u00f6t on tarkoitus aloittaa heti, kun lumet sulavat. <\/p>\n<p><img decoding=\"async\" alt=\"Mikkelin kaupungin maank\u00e4ytt\u00f6johtaja Topiantti \u00c4ik\u00e4s ja 3 E Network Technology Group Limitedin tj Tingjun Yang  allekirjoittavat sopimusta. \" src=\"https:\/\/www.europesays.com\/fi\/wp-content\/uploads\/2026\/01\/39-157942069612b98abf64.jpeg\" class=\"aw-1l9m598 hKVVvP\"\/><\/p>\n<p>Avaa kuvien katselu<\/p>\n<p>Mikkelin kaupungin maank\u00e4ytt\u00f6johtaja Topiantti \u00c4ik\u00e4s ja 3 E Network Technology Group Limitedin toimitusjohtaja Tingjun Yang allekirjoittivat vuokrasopimuksen joulukuussa. Kuva: Mikkelin kehitysyhti\u00f6 Miksei <\/p>\n<p class=\"aw-1gybjub aw-1p7kakr kEtdKx cEmitX yle__article__paragraph\">Aurora Core Technology aikoo rakentaa Mikkelin Pelloksen teollisuusalueelle datakeskuksen. Mikkelin kaupunki on vuokrannut yhti\u00f6lle 10 hehtaaria Ristiinan Pelloksen teollisuusalueelta.<\/p>\n<p class=\"aw-1gybjub aw-1p7kakr kEtdKx cEmitX yle__article__paragraph\">Vuokratun alueen kaava mahdollistaa datakeskuksen rakentamisen, ja se sijaitsee l\u00e4hell\u00e4 olemassa olevaa s\u00e4hk\u00f6verkkoa.<\/p>\n<p><img decoding=\"async\" alt=\"Googlen Haminan palvelinkeskus\" src=\"https:\/\/www.europesays.com\/fi\/wp-content\/uploads\/2026\/01\/39-849826613212e8d1999.jpeg\" loading=\"lazy\" class=\"aw-1l9m598 hKVVvP\"\/><\/p>\n<p>Avaa kuvien katselu<\/p>\n<p>Datakeskuksissa sijaitsee suuri m\u00e4\u00e4r\u00e4 palvelimia, tallennuslaitteita ja verkkolaitteita. Kuvassa Googlen Haminan datakeskus. Kuva: Google<\/p>\n<p class=\"aw-1gybjub aw-1p7kakr kEtdKx cEmitX yle__article__paragraph\">Hankkeen suunnittelusta ja toteutuksesta vastaa Orka Technologies. Orkan operatiivinen johtaja <strong class=\"aw-ak79eh KyCXm yle__article__strong\">Roope R\u00e4m\u00e4nen<\/strong> kehuu Mikkeli\u00e4 erinomaiseksi sijainniksi datakeskukselle.<\/p>\n<p class=\"aw-1gybjub aw-1p7kakr kEtdKx cEmitX yle__article__paragraph\">Yksi kansallisen s\u00e4hk\u00f6verkon risteyskohdista, Fingridin 400 kilovoltin kantaverkko sijaitsee Mikkeliss\u00e4. Se mahdollistaa isojen tehojen saamisen datakeskusten k\u00e4ytt\u00f6\u00f6n.<\/p>\n<p class=\"aw-1gybjub aw-1p7kakr kEtdKx cEmitX yle__article__paragraph\">Lis\u00e4ksi R\u00e4m\u00e4nen kehuu, miten hyv\u00e4\u00e4 ennakkoty\u00f6t\u00e4 kaupunki on tehnyt tukeakseen datakeskusten rakentamista.<\/p>\n<p class=\"aw-1gybjub aw-1p7kakr kEtdKx cEmitX yle__article__paragraph\">\u2013 Siell\u00e4 oikeasti ymm\u00e4rret\u00e4\u00e4n toimialan tarpeita, R\u00e4m\u00e4nen sanoo.<\/p>\n<p>Ainakin 25 megawatin keskus<\/p>\n<p class=\"aw-1gybjub aw-1p7kakr kEtdKx cEmitX yle__article__paragraph\">Aurora Core Technologyn datakeskus keskittyisi teko\u00e4lypohjaisten ja dataintensiivisten laskentateht\u00e4vien tarpeisiin.<\/p>\n<p class=\"aw-1gybjub aw-1p7kakr kEtdKx cEmitX yle__article__paragraph\">Datakeskus olisi ensimm\u00e4isess\u00e4 vaiheessa teholtaan kuusi megawattia, mutta tavoitteena on kasvattaa tehoa ainakin 25 megawattiin.<\/p>\n<p class=\"aw-1gybjub aw-1p7kakr kEtdKx cEmitX yle__article__paragraph\">R\u00e4m\u00e4nen kertoo, ett\u00e4 rakennuslupaprosessi on jo k\u00e4ynniss\u00e4. Yhteisty\u00f6 on aloitettu my\u00f6s J\u00e4rvi-Suomen Energian kanssa s\u00e4hk\u00f6verkkoliitynt\u00e4\u00e4 koskien.<\/p>\n<p class=\"aw-1gybjub aw-1p7kakr kEtdKx cEmitX yle__article__paragraph\">Jos kaikki sujuu ongelmitta ja Aurora Core Technology tekee lopullisen investointip\u00e4\u00e4t\u00f6ksen, pit\u00e4isi rakennust\u00f6iden alkaa heti, kun lumet sulavat. Keskus aloittaisi toimintansa jo hein\u00e4kuussa.<\/p>\n<p class=\"aw-1gybjub aw-1p7kakr kEtdKx cEmitX yle__article__paragraph\">Aurora Core Technology on 3 E Network Technology Group Limitedin suomalainen tyt\u00e4ryhti\u00f6.<\/p>\n","protected":false},"excerpt":{"rendered":"Aurora Core Technology on vuokrannut datakeskukselle maa-alan. Rakennusty\u00f6t on tarkoitus aloittaa heti, kun lumet sulavat. Avaa kuvien katselu&hellip;\n","protected":false},"author":2,"featured_media":137893,"comment_status":"","ping_status":"","sticky":false,"template":"","format":"standard","meta":{"footnotes":""},"categories":[76],"tags":[79,3465,77,2786,2038,184,33,31,30,685,686,1431,23991,10718,32,78],"class_list":{"0":"post-137892","1":"post","2":"type-post","3":"status-publish","4":"format-standard","5":"has-post-thumbnail","7":"category-talous","8":"tag-business","9":"tag-datakeskus","10":"tag-economy","11":"tag-elinkeinoelama","12":"tag-energia","13":"tag-etela-savo","14":"tag-fi","15":"tag-finland","16":"tag-finnish","17":"tag-mikkeli","18":"tag-mikkelin-seutukunta","19":"tag-palvelinkeskukset","20":"tag-pellosniemi","21":"tag-ristiina","22":"tag-suomi","23":"tag-talous"},"share_on_mastodon":{"url":"https:\/\/pubeurope.com\/@fi\/115866261597394187","error":""},"_links":{"self":[{"href":"https:\/\/www.europesays.com\/fi\/wp-json\/wp\/v2\/posts\/137892","targetHints":{"allow":["GET"]}}],"collection":[{"href":"https:\/\/www.europesays.com\/fi\/wp-json\/wp\/v2\/posts"}],"about":[{"href":"https:\/\/www.europesays.com\/fi\/wp-json\/wp\/v2\/types\/post"}],"author":[{"embeddable":true,"href":"https:\/\/www.europesays.com\/fi\/wp-json\/wp\/v2\/users\/2"}],"replies":[{"embeddable":true,"href":"https:\/\/www.europesays.com\/fi\/wp-json\/wp\/v2\/comments?post=137892"}],"version-history":[{"count":0,"href":"https:\/\/www.europesays.com\/fi\/wp-json\/wp\/v2\/posts\/137892\/revisions"}],"wp:featuredmedia":[{"embeddable":true,"href":"https:\/\/www.europesays.com\/fi\/wp-json\/wp\/v2\/media\/137893"}],"wp:attachment":[{"href":"https:\/\/www.europesays.com\/fi\/wp-json\/wp\/v2\/media?parent=137892"}],"wp:term":[{"taxonomy":"category","embeddable":true,"href":"https:\/\/www.europesays.com\/fi\/wp-json\/wp\/v2\/categories?post=137892"},{"taxonomy":"post_tag","embeddable":true,"href":"https:\/\/www.europesays.com\/fi\/wp-json\/wp\/v2\/tags?post=137892"}],"curies":[{"name":"wp","href":"https:\/\/api.w.org\/{rel}","templated":true}]}}