{"id":137894,"date":"2026-01-09T17:13:09","date_gmt":"2026-01-09T17:13:09","guid":{"rendered":"https:\/\/www.europesays.com\/fi\/137894\/"},"modified":"2026-01-09T17:13:09","modified_gmt":"2026-01-09T17:13:09","slug":"eun-kallas-tuomitsi-venajan-ohjusiskut-ukrainaan-venajan-rauhanlahettilas-uhkasi-ohjuksella-uutissuomalainen","status":"publish","type":"post","link":"https:\/\/www.europesays.com\/fi\/137894\/","title":{"rendered":"EU:n Kallas tuomitsi Ven\u00e4j\u00e4n ohjusiskut Ukrainaan \u2013 Ven\u00e4j\u00e4n rauhanl\u00e4hettil\u00e4s uhkasi ohjuksella | Uutissuomalainen"},"content":{"rendered":"<p>Ven\u00e4j\u00e4n ja Ukrainan v\u00e4lisiss\u00e4 rauhanneuvotteluissa Ven\u00e4j\u00e4\u00e4 edustanut l\u00e4hettil\u00e4s <strong>Kirill Dmitrjev<\/strong> esitti perjantaina viestipalvelu X:ss\u00e4 verhotun uhkauksen EU:n ulkoasioiden ja turvallisuuspolitiikan korkealle edustajalle <strong>Kaja Kallakselle<\/strong>.<\/p>\n<p>Kallas tuomitsi omassa kirjoituksessaan Ven\u00e4j\u00e4n Ukrainaan torstain ja perjantain v\u00e4lisen\u00e4 y\u00f6n\u00e4 tekem\u00e4t iskut. Ven\u00e4j\u00e4 iski L\u00e4nsi-Ukrainassa sijaitsevaan Lvivin kaupunkiin keskimatkan ballistisella Oreshnik-ohjuksella, mit\u00e4 Kallas pit\u00e4\u00e4 selv\u00e4n\u00e4 eskalaationa ja varoituksena Euroopalle ja Yhdysvalloille.<\/p>\n<p>\u2013 (Ven\u00e4j\u00e4n presidentti <strong>Vladimir<\/strong>) <strong>Putin<\/strong> ei halua rauhaa, Ven\u00e4j\u00e4n vastaus diplomatiaan on lis\u00e4\u00e4 ohjuksia ja tuhoa. T\u00e4m\u00e4 tappava kaava toistuvista Ven\u00e4j\u00e4n iskuista toistuu, kunnes autamme Ukrainaa murtamaan sen, Kallas <a href=\"https:\/\/x.com\/kajakallas\/status\/2009572943391539542\" rel=\"nofollow\">kirjoittaa<\/a>.<\/p>\n<blockquote class=\"twitter-tweet\">\n<p lang=\"en\" dir=\"ltr\">Putin doesn\u2019t want peace, Russia\u2019s reply to diplomacy is more missiles and destruction. This deadly pattern of recurring major Russian strikes will repeat itself until we help Ukraine break it. <\/p>\n<p>Russia\u2019s reported use of an Oreshnik missile is a clear escalation against Ukraine\u2026<\/p>\n<p>\u2014 Kaja Kallas (@kajakallas) <a href=\"https:\/\/twitter.com\/kajakallas\/status\/2009572943391539542?ref_src=twsrc%5Etfw\" rel=\"nofollow noopener\" target=\"_blank\">January 9, 2026<\/a><\/p><\/blockquote>\n<p>Kallas korostaa, ett\u00e4 EU-maiden on syvennytt\u00e4v\u00e4 ilmapuolustuksensa varantoihin ja toimittava v\u00e4litt\u00f6m\u00e4sti. Lis\u00e4ksi Kallas esitt\u00e4\u00e4 Ven\u00e4j\u00e4-pakotteiden vahvistamista.<\/p>\n<p>Dmitjrev vastasi Kallaksen kirjoitukseen seuraavasti:<\/p>\n<p>\u2013 Kaja ei ole kovin \u00e4lyk\u00e4s tai perehtynyt, mutta jopa h\u00e4nen pit\u00e4isi tiet\u00e4\u00e4, ettei ole olemassa ilmapuolustusta kymmenen machin nopeudella kulkevaa hypersoonista Oreshnik-ohjusta vastaan, Dmitrjev <a href=\"https:\/\/x.com\/kadmitriev\/status\/2009603648763076753\" rel=\"nofollow\">kirjoittaa<\/a>.<\/p>\n<blockquote class=\"twitter-tweet\">\n<p lang=\"en\" dir=\"ltr\">Kaja is not very bright or knowledgeable, but even she should know that there are no air defenses against the Oreshnik hypersonic Mach 10 missile. <a href=\"https:\/\/t.co\/gHRNcB6pH6\" rel=\"nofollow\">https:\/\/t.co\/gHRNcB6pH6<\/a><\/p>\n<p>\u2014 Kirill Dmitriev (@kadmitriev) <a href=\"https:\/\/twitter.com\/kadmitriev\/status\/2009603648763076753?ref_src=twsrc%5Etfw\" rel=\"nofollow noopener\" target=\"_blank\">January 9, 2026<\/a><\/p><\/blockquote>\n<p>\t\t\t\t\t\t\t\t<script async src=\"https:\/\/platform.twitter.com\/widgets.js\" charset=\"utf-8\"><\/script><\/p>\n","protected":false},"excerpt":{"rendered":"Ven\u00e4j\u00e4n ja Ukrainan v\u00e4lisiss\u00e4 rauhanneuvotteluissa Ven\u00e4j\u00e4\u00e4 edustanut l\u00e4hettil\u00e4s Kirill Dmitrjev esitti perjantaina viestipalvelu X:ss\u00e4 verhotun uhkauksen EU:n ulkoasioiden&hellip;\n","protected":false},"author":2,"featured_media":137895,"comment_status":"","ping_status":"","sticky":false,"template":"","format":"standard","meta":{"footnotes":""},"categories":[14],"tags":[22,23,1617,26,27,33,31,30,17,2592,24,25,28,29,15,18,21,142,637,32,19,20,2534,21377,56,4385,16,59,60,61],"class_list":{"0":"post-137894","1":"post","2":"type-post","3":"status-publish","4":"format-standard","5":"has-post-thumbnail","7":"category-ulkomaat","8":"tag-breaking-news","9":"tag-breakingnews","10":"tag-euroopan-unioni","11":"tag-featured-news","12":"tag-featurednews","13":"tag-fi","14":"tag-finland","15":"tag-finnish","16":"tag-headlines","17":"tag-ilmapuolustus","18":"tag-latest-news","19":"tag-latestnews","20":"tag-main-news","21":"tag-mainnews","22":"tag-news","23":"tag-otsikot","24":"tag-paauutiset","25":"tag-poliitikot","26":"tag-politiikka","27":"tag-suomi","28":"tag-top-stories","29":"tag-topstories","30":"tag-turvallisuuspolitiikka","31":"tag-ukrainan-kriisi","32":"tag-ulkomaat","33":"tag-ulkopolitiikka-ja-kansainvalinen-politiikka","34":"tag-uutiset","35":"tag-world","36":"tag-world-news","37":"tag-worldnews"},"share_on_mastodon":{"url":"","error":"Validation failed: Text character limit of 500 exceeded"},"_links":{"self":[{"href":"https:\/\/www.europesays.com\/fi\/wp-json\/wp\/v2\/posts\/137894","targetHints":{"allow":["GET"]}}],"collection":[{"href":"https:\/\/www.europesays.com\/fi\/wp-json\/wp\/v2\/posts"}],"about":[{"href":"https:\/\/www.europesays.com\/fi\/wp-json\/wp\/v2\/types\/post"}],"author":[{"embeddable":true,"href":"https:\/\/www.europesays.com\/fi\/wp-json\/wp\/v2\/users\/2"}],"replies":[{"embeddable":true,"href":"https:\/\/www.europesays.com\/fi\/wp-json\/wp\/v2\/comments?post=137894"}],"version-history":[{"count":0,"href":"https:\/\/www.europesays.com\/fi\/wp-json\/wp\/v2\/posts\/137894\/revisions"}],"wp:featuredmedia":[{"embeddable":true,"href":"https:\/\/www.europesays.com\/fi\/wp-json\/wp\/v2\/media\/137895"}],"wp:attachment":[{"href":"https:\/\/www.europesays.com\/fi\/wp-json\/wp\/v2\/media?parent=137894"}],"wp:term":[{"taxonomy":"category","embeddable":true,"href":"https:\/\/www.europesays.com\/fi\/wp-json\/wp\/v2\/categories?post=137894"},{"taxonomy":"post_tag","embeddable":true,"href":"https:\/\/www.europesays.com\/fi\/wp-json\/wp\/v2\/tags?post=137894"}],"curies":[{"name":"wp","href":"https:\/\/api.w.org\/{rel}","templated":true}]}}