{"id":137896,"date":"2026-01-09T17:14:08","date_gmt":"2026-01-09T17:14:08","guid":{"rendered":"https:\/\/www.europesays.com\/fi\/137896\/"},"modified":"2026-01-09T17:14:08","modified_gmt":"2026-01-09T17:14:08","slug":"tuoliin-sidottu-vanhus-kuristui-kuoliaaksi-esperi-caren-turvallisessa-ja-lamminhenkisessa-hoivakodissa","status":"publish","type":"post","link":"https:\/\/www.europesays.com\/fi\/137896\/","title":{"rendered":"Tuoliin sidottu vanhus kuristui kuoliaaksi Esperi Caren \u201dturvallisessa ja l\u00e4mminhenkisess\u00e4\u201d hoivakodissa"},"content":{"rendered":"<p>Hoivakoti ei kommentoi tapahtunutta, kertoo Turun Sanomat.<\/p>\n<p><img decoding=\"async\" class=\"image image-show image-preview\" src=\"https:\/\/www.europesays.com\/fi\/wp-content\/uploads\/2026\/01\/685949aabf051cad2e0cb19d20f3f215cbeaeab44ccb215b17e4e85dddf04b56.jpg\" alt=\"\"\/><img decoding=\"async\" class=\"image image-show\" src=\"https:\/\/www.europesays.com\/fi\/wp-content\/uploads\/2026\/01\/1767978848_171_685949aabf051cad2e0cb19d20f3f215cbeaeab44ccb215b17e4e85dddf04b56.jpg\" alt=\"\"\/><\/p>\n<p>Esperi Care on vuonna 2001 perustettu asumispalveluja tarjoava yhti\u00f6. Sen enemmist\u00f6omistaja on eurooppalainen p\u00e4\u00e4omasijoitusyhti\u00f6 Triton. AOP \/ Ismo Pekkarinen<\/p>\n<p class=\"paragraph\">Tuoliin sidottu vanhus on kuollut kuristumalla turkulaisessa Esperi Caren hoivakodissa, kertoo <a href=\"https:\/\/www.ts.fi\/uutiset\/6869713\" rel=\"noopener nofollow\" target=\"_blank\">Turun Sanomat<\/a>.<\/p>\n<p class=\"paragraph\">79-vuotias nainen oli k\u00f6ytetty tuoliin v\u00f6ill\u00e4.<\/p>\n<p class=\"paragraph\">\u2013 Poliisi arvioi silloin, ett\u00e4 h\u00e4n olisi ehk\u00e4 yritt\u00e4nyt luisua pois v\u00f6ist\u00e4 ja kuristunut niihin sen takia, naisen omainen kertoo TS:lle.<\/p>\n<p class=\"paragraph\">Omaisille ei ole kerrottu, miksi Alzheimerin tautia sairastanut vanhus oli sidottu tuoliin. Omaisten mukaan h\u00e4n ei ollut v\u00e4kivaltainen.<\/p>\n<p class=\"paragraph\">Hoivakoti ei kommentoinut tapahtunutta TS:lle mill\u00e4\u00e4n tavalla. Esperi Caren viestinn\u00e4st\u00e4 kerrottiin, ett\u00e4 kuolinsyyn tutkinta on k\u00e4ynniss\u00e4 ja ett\u00e4 yhti\u00f6 selvitt\u00e4\u00e4 asiaa my\u00f6s sis\u00e4isesti.<\/p>\n<p class=\"paragraph\">Vanhus kuoli 7. joulukuuta Turun Runosm\u00e4ess\u00e4 sijaitsevassa Esperi Hoivakoti Otsossa.<\/p>\n<p class=\"paragraph\">Esperin verkkosivuilla 20-paikkaista hoivakotia kehutaan muun muassa turvalliseksi ja l\u00e4mminhenkiseksi.<\/p>\n<p class=\"paragraph\">\u2013 El\u00e4mme mielek\u00e4st\u00e4 el\u00e4m\u00e4\u00e4 asukkaidemme kanssa. P\u00e4iviss\u00e4 on auttamisen ja hoivan lis\u00e4ksi iloa, yhdess\u00e4oloa ja mukavia kokemuksia, Esperin verkkosivuilla kerrotaan.<\/p>\n<p>N\u00e4in Hoivakoti Otsosta kerrotaan Esperin verkkosivuilla. Ruutukaappaus<\/p>\n","protected":false},"excerpt":{"rendered":"Hoivakoti ei kommentoi tapahtunutta, kertoo Turun Sanomat. Esperi Care on vuonna 2001 perustettu asumispalveluja tarjoava yhti\u00f6. Sen enemmist\u00f6omistaja&hellip;\n","protected":false},"author":2,"featured_media":137897,"comment_status":"","ping_status":"","sticky":false,"template":"","format":"standard","meta":{"footnotes":""},"categories":[12],"tags":[35,36,22,23,26,27,33,31,30,17,543,24,25,28,29,15,18,21,103,32,502,167,19,20,16],"class_list":{"0":"post-137896","1":"post","2":"type-post","3":"status-publish","4":"format-standard","5":"has-post-thumbnail","7":"category-suomi","8":"tag-24h","9":"tag-asuintalot-ja-asunnot","10":"tag-breaking-news","11":"tag-breakingnews","12":"tag-featured-news","13":"tag-featurednews","14":"tag-fi","15":"tag-finland","16":"tag-finnish","17":"tag-headlines","18":"tag-koti-ja-asuminen","19":"tag-latest-news","20":"tag-latestnews","21":"tag-main-news","22":"tag-mainnews","23":"tag-news","24":"tag-otsikot","25":"tag-paauutiset","26":"tag-sosiaalikysymykset","27":"tag-suomi","28":"tag-terveydenhoito","29":"tag-terveys","30":"tag-top-stories","31":"tag-topstories","32":"tag-uutiset"},"share_on_mastodon":{"url":"https:\/\/pubeurope.com\/@fi\/115866269401958021","error":""},"_links":{"self":[{"href":"https:\/\/www.europesays.com\/fi\/wp-json\/wp\/v2\/posts\/137896","targetHints":{"allow":["GET"]}}],"collection":[{"href":"https:\/\/www.europesays.com\/fi\/wp-json\/wp\/v2\/posts"}],"about":[{"href":"https:\/\/www.europesays.com\/fi\/wp-json\/wp\/v2\/types\/post"}],"author":[{"embeddable":true,"href":"https:\/\/www.europesays.com\/fi\/wp-json\/wp\/v2\/users\/2"}],"replies":[{"embeddable":true,"href":"https:\/\/www.europesays.com\/fi\/wp-json\/wp\/v2\/comments?post=137896"}],"version-history":[{"count":0,"href":"https:\/\/www.europesays.com\/fi\/wp-json\/wp\/v2\/posts\/137896\/revisions"}],"wp:featuredmedia":[{"embeddable":true,"href":"https:\/\/www.europesays.com\/fi\/wp-json\/wp\/v2\/media\/137897"}],"wp:attachment":[{"href":"https:\/\/www.europesays.com\/fi\/wp-json\/wp\/v2\/media?parent=137896"}],"wp:term":[{"taxonomy":"category","embeddable":true,"href":"https:\/\/www.europesays.com\/fi\/wp-json\/wp\/v2\/categories?post=137896"},{"taxonomy":"post_tag","embeddable":true,"href":"https:\/\/www.europesays.com\/fi\/wp-json\/wp\/v2\/tags?post=137896"}],"curies":[{"name":"wp","href":"https:\/\/api.w.org\/{rel}","templated":true}]}}