{"id":137898,"date":"2026-01-09T17:15:09","date_gmt":"2026-01-09T17:15:09","guid":{"rendered":"https:\/\/www.europesays.com\/fi\/137898\/"},"modified":"2026-01-09T17:15:09","modified_gmt":"2026-01-09T17:15:09","slug":"sveitsin-turmabaariin-omistaja-otettiin-kiinni","status":"publish","type":"post","link":"https:\/\/www.europesays.com\/fi\/137898\/","title":{"rendered":"Sveitsin turmabaariin omistaja otettiin kiinni"},"content":{"rendered":"<p>Sveitsin ravintola\u00adpalo|Turmabaarin omistavaa pariskuntaa on kuulusteltu. Viranomaiset perustelevat toisen omistajan kiinniottoa karkaamisriskill\u00e4.<\/p>\n<p>Lue tiivistelm\u00e4<\/p>\n<p class=\"article-body mb-nof-24 px-nof-16 sndp-summary-bullet-point-font\">Sveitsil\u00e4isen Le Constellation -baarin toinen omistaja on otettu kiinni.<\/p>\n<p class=\"article-body mb-nof-24 px-nof-16 sndp-summary-bullet-point-font\">Uudenvuodeny\u00f6n tulipalossa kuoli 40 ihmist\u00e4. Palo syttyi baarissa, joka sijaitsee hiihtokeskus Crans-Montanassa.<\/p>\n<p class=\"article-body mb-nof-24 px-nof-16 sndp-summary-bullet-point-font\">Viranomaisten mukaan tulipalo vaikuttaa saaneen alkunsa siit\u00e4, kun samppanjapulloihin kiinnitetyt s\u00e4desuihkukynttil\u00e4t sytyttiv\u00e4t kattoon kiinnitetyt \u00e4\u00e4nieristykset.<\/p>\n<p class=\"article-body mb-nof-24 px-nof-16\">Sveitsin tuhoisan ravintolapalon baarin toinen omistaja on otettu kiinni, kertoo uutistoimisto AFP l\u00e4hteeseens\u00e4 viitaten. Mies omistaa Le Constellation -baarin yhdess\u00e4 vaimonsa kanssa.<\/p>\n<p class=\"article-body mb-nof-24 px-nof-16\">Viranomaiset kuulustelivat molempia perjantaina Sveitsin lounaisosassa sijaitsevassa Valais\u2019ssa.<\/p>\n<p class=\"article-body mb-nof-24 px-nof-16\">Sveitsin syytt\u00e4j\u00e4viranomaiset kertovat uutistoimisto Reutersin mukaan kiinnioton perusteeksi baarin omistajan karkaamisriskin.<\/p>\n<p class=\"article-body mb-nof-24 px-nof-16\">Sveitsi vietti perjantaina kansallista surup\u00e4iv\u00e4\u00e4 uudenvuodeny\u00f6n\u00e4 tapahtuneen tulipalon uhrien muistamiseksi.<\/p>\n<p class=\"article-body mb-nof-24 px-nof-16\">Italian presidentti <a class=\"font-bold underline-offset-[0.12em] [text-decoration:var(--person-link-text-decoration)] ![text-decoration-color:var(--person-link-text-decoration-color)]\" href=\"https:\/\/www.hs.fi\/haku\/?query=Sergio%20Mattarella\" rel=\"nofollow noopener\" target=\"_blank\">Sergio Mattarella<\/a> ja Ranskan presidentti <a class=\"font-bold underline-offset-[0.12em] [text-decoration:var(--person-link-text-decoration)] ![text-decoration-color:var(--person-link-text-decoration-color)]\" href=\"https:\/\/www.hs.fi\/haku\/?query=Emmanuel%20Macron\" rel=\"nofollow noopener\" target=\"_blank\">Emmanuel Macron<\/a> osallistuivat yhdess\u00e4 Sveitsin valtionjohdon kanssa perjantaina Martignyn kaupungissa j\u00e4rjestettyyn muistotilaisuuteen. Tilaisuuteen osallistui my\u00f6s uhrien perheit\u00e4 ja palomiehi\u00e4.<\/p>\n<p class=\"article-body mb-nof-24 px-nof-16\">Viranomaisten kuulustelema pariskunta omistaa yhdess\u00e4 baarin, joka sijaitsee hiihtokeskus Crans-Montanassa. Baarissa syttyi tuhoisa tulipalo uudenvuodenjuhlien aikana.<\/p>\n<p class=\"article-body mb-nof-24 px-nof-16\">Tulipalossa kuoli 40 ihmist\u00e4. Uhrien keski-ik\u00e4 oli 19 vuotta.<\/p>\n<p class=\"article-body mb-nof-24 px-nof-16\">Aiemmin on kerrottu, ett\u00e4 kahta ihmist\u00e4 ep\u00e4ill\u00e4\u00e4n muun muassa kuolemantuottamuksesta, vammantuottamuksesta ja tuottamuksellisesta tuhopoltosta.<\/p>\n<p class=\"article-body mb-nof-24 px-nof-16\">Viranomaiset ep\u00e4ilev\u00e4t tulipalon saaneen alkunsa, kun samppanjapulloihin kiinnitetyt s\u00e4desuihkukynttil\u00e4t sytyttiv\u00e4t kattoon kiinnitetyt \u00e4\u00e4nieristykset. Paikalliset viranomaiset ovat my\u00f6nt\u00e4neet, ettei baarissa ollut tehty paloturvallisuustarkastuksia viiteen vuoteen.<\/p>\n","protected":false},"excerpt":{"rendered":"Sveitsin ravintola\u00adpalo|Turmabaarin omistavaa pariskuntaa on kuulusteltu. Viranomaiset perustelevat toisen omistajan kiinniottoa karkaamisriskill\u00e4. Lue tiivistelm\u00e4 Sveitsil\u00e4isen Le Constellation -baarin&hellip;\n","protected":false},"author":2,"featured_media":137899,"comment_status":"","ping_status":"","sticky":false,"template":"","format":"standard","meta":{"footnotes":""},"categories":[5],"tags":[22,23,26,27,33,31,30,17,46,24,25,28,29,15,18,21,32,19,20,16],"class_list":{"0":"post-137898","1":"post","2":"type-post","3":"status-publish","4":"format-standard","5":"has-post-thumbnail","7":"category-otsikot","8":"tag-breaking-news","9":"tag-breakingnews","10":"tag-featured-news","11":"tag-featurednews","12":"tag-fi","13":"tag-finland","14":"tag-finnish","15":"tag-headlines","16":"tag-helsingin-sanomat","17":"tag-latest-news","18":"tag-latestnews","19":"tag-main-news","20":"tag-mainnews","21":"tag-news","22":"tag-otsikot","23":"tag-paauutiset","24":"tag-suomi","25":"tag-top-stories","26":"tag-topstories","27":"tag-uutiset"},"share_on_mastodon":{"url":"https:\/\/pubeurope.com\/@fi\/115866273258954955","error":""},"_links":{"self":[{"href":"https:\/\/www.europesays.com\/fi\/wp-json\/wp\/v2\/posts\/137898","targetHints":{"allow":["GET"]}}],"collection":[{"href":"https:\/\/www.europesays.com\/fi\/wp-json\/wp\/v2\/posts"}],"about":[{"href":"https:\/\/www.europesays.com\/fi\/wp-json\/wp\/v2\/types\/post"}],"author":[{"embeddable":true,"href":"https:\/\/www.europesays.com\/fi\/wp-json\/wp\/v2\/users\/2"}],"replies":[{"embeddable":true,"href":"https:\/\/www.europesays.com\/fi\/wp-json\/wp\/v2\/comments?post=137898"}],"version-history":[{"count":0,"href":"https:\/\/www.europesays.com\/fi\/wp-json\/wp\/v2\/posts\/137898\/revisions"}],"wp:featuredmedia":[{"embeddable":true,"href":"https:\/\/www.europesays.com\/fi\/wp-json\/wp\/v2\/media\/137899"}],"wp:attachment":[{"href":"https:\/\/www.europesays.com\/fi\/wp-json\/wp\/v2\/media?parent=137898"}],"wp:term":[{"taxonomy":"category","embeddable":true,"href":"https:\/\/www.europesays.com\/fi\/wp-json\/wp\/v2\/categories?post=137898"},{"taxonomy":"post_tag","embeddable":true,"href":"https:\/\/www.europesays.com\/fi\/wp-json\/wp\/v2\/tags?post=137898"}],"curies":[{"name":"wp","href":"https:\/\/api.w.org\/{rel}","templated":true}]}}