{"id":137904,"date":"2026-01-09T17:33:08","date_gmt":"2026-01-09T17:33:08","guid":{"rendered":"https:\/\/www.europesays.com\/fi\/137904\/"},"modified":"2026-01-09T17:33:08","modified_gmt":"2026-01-09T17:33:08","slug":"uusi-tutkimus-vaihdevuodet-tuskin-pahentavat-ms-taudin-oireita","status":"publish","type":"post","link":"https:\/\/www.europesays.com\/fi\/137904\/","title":{"rendered":"Uusi tutkimus: Vaihdevuodet tuskin pahentavat MS-taudin oireita"},"content":{"rendered":"<p>Tutkimuksessa tarkasteltiin l\u00e4hes tuhatta MS-tautia sairastavaa naista.<\/p>\n<p class=\"article-body mb-nof-24 px-nof-16\">Vaihdevuodet eli menopaussi ei todenn\u00e4k\u00f6isesti vaikuta naisten MS-taudin etenemiseen, vaikka niin on joidenkin tutkimusten perusteella ep\u00e4ilty. Tiedot k\u00e4yv\u00e4t ilmi JAMA Neurology -lehdess\u00e4 julkaistusta tutkimuksesta, jossa tarkasteltiin hieman alle tuhatta MS-tautia sairastavaa naista, joista hieman yli 400 oli jo ylitt\u00e4nyt menopaussin.<\/p>\n<p class=\"article-body mb-nof-24 px-nof-16\">Menopaussi ei liittynyt MS-taudin etenemiseen tai sen oireiden pahentumiseen, tulokset osoittivat. Menopaussin sijaan merkitt\u00e4v\u00e4mpi\u00e4 tekij\u00f6it\u00e4 olivat naisten ik\u00e4, heid\u00e4n saamansa hoidot sek\u00e4 se, kuinka pitk\u00e4\u00e4n he olivat sairastaneet MS-tautia.<\/p>\n<p class=\"article-body mb-nof-24 px-nof-16\">MS-taudin ja menopaussin yhteydest\u00e4 ollaan kiinnostuneita, koska sukupuolihormonit todenn\u00e4k\u00f6isesti vaikuttavat MS-taudin aktiivisuuteen. N\u00e4iden tulosten perusteella menopaussi ei kuitenkaan ole merkitt\u00e4v\u00e4 MS-tautiin vaikuttava seikka.<\/p>\n<p class=\"article-body mb-nof-24 px-nof-16\">Menopaussilla tarkoitetaan ajanjaksoa, jolloin naisen kuukautiset lakkaavat ja munasarjojen toiminta heikkenee ja loppuu. Suurelle osalle naisista t\u00e4m\u00e4 aiheuttaa oireita, kuten kuumia aaltoja ja y\u00f6llist\u00e4 hikoilua. Suomalaisnaisilla menopaussi alkaa keskim\u00e4\u00e4rin 51 vuoden i\u00e4ss\u00e4.<\/p>\n<p class=\"article-body mb-nof-24 px-nof-16\">MS-taudissa eli multippeliskleroosissa keskushermosto vaurioituu veren valkosolujen tuhotessa hermoja suojelevaa vaippaa eli myeliini\u00e4. Tauti on yleisin nuorten aikuisten vammauttava neurologinen sairaus. Oireita ovat muun muassa n\u00e4k\u00f6-, tasapaino- ja virtsanpid\u00e4tysvaikeudet, uupumus ja lihasj\u00e4ykkyys.<\/p>\n","protected":false},"excerpt":{"rendered":"Tutkimuksessa tarkasteltiin l\u00e4hes tuhatta MS-tautia sairastavaa naista. Vaihdevuodet eli menopaussi ei todenn\u00e4k\u00f6isesti vaikuta naisten MS-taudin etenemiseen, vaikka niin&hellip;\n","protected":false},"author":2,"featured_media":137905,"comment_status":"","ping_status":"","sticky":false,"template":"","format":"standard","meta":{"footnotes":""},"categories":[165],"tags":[33,31,30,166,34,32,167],"class_list":{"0":"post-137904","1":"post","2":"type-post","3":"status-publish","4":"format-standard","5":"has-post-thumbnail","7":"category-terveys","8":"tag-fi","9":"tag-finland","10":"tag-finnish","11":"tag-health","12":"tag-ilta-sanomat","13":"tag-suomi","14":"tag-terveys"},"share_on_mastodon":{"url":"https:\/\/pubeurope.com\/@fi\/115866344142020382","error":""},"_links":{"self":[{"href":"https:\/\/www.europesays.com\/fi\/wp-json\/wp\/v2\/posts\/137904","targetHints":{"allow":["GET"]}}],"collection":[{"href":"https:\/\/www.europesays.com\/fi\/wp-json\/wp\/v2\/posts"}],"about":[{"href":"https:\/\/www.europesays.com\/fi\/wp-json\/wp\/v2\/types\/post"}],"author":[{"embeddable":true,"href":"https:\/\/www.europesays.com\/fi\/wp-json\/wp\/v2\/users\/2"}],"replies":[{"embeddable":true,"href":"https:\/\/www.europesays.com\/fi\/wp-json\/wp\/v2\/comments?post=137904"}],"version-history":[{"count":0,"href":"https:\/\/www.europesays.com\/fi\/wp-json\/wp\/v2\/posts\/137904\/revisions"}],"wp:featuredmedia":[{"embeddable":true,"href":"https:\/\/www.europesays.com\/fi\/wp-json\/wp\/v2\/media\/137905"}],"wp:attachment":[{"href":"https:\/\/www.europesays.com\/fi\/wp-json\/wp\/v2\/media?parent=137904"}],"wp:term":[{"taxonomy":"category","embeddable":true,"href":"https:\/\/www.europesays.com\/fi\/wp-json\/wp\/v2\/categories?post=137904"},{"taxonomy":"post_tag","embeddable":true,"href":"https:\/\/www.europesays.com\/fi\/wp-json\/wp\/v2\/tags?post=137904"}],"curies":[{"name":"wp","href":"https:\/\/api.w.org\/{rel}","templated":true}]}}