{"id":137930,"date":"2026-01-09T18:03:08","date_gmt":"2026-01-09T18:03:08","guid":{"rendered":"https:\/\/www.europesays.com\/fi\/137930\/"},"modified":"2026-01-09T18:03:08","modified_gmt":"2026-01-09T18:03:08","slug":"tietotekniikkajatti-sanoi-tekoalyn-hammentavan-kuluttajia-muutti-markkinointiaan","status":"publish","type":"post","link":"https:\/\/www.europesays.com\/fi\/137930\/","title":{"rendered":"Tietotekniikkaj\u00e4tti sanoi teko\u00e4lyn h\u00e4mment\u00e4v\u00e4n kuluttajia &#8211; muutti markkinointiaan"},"content":{"rendered":"<p>Moni lienee huomannut t\u00e4m\u00e4n tuputtamisen mit\u00e4 erilaisimmissa tuotteissa.<\/p>\n<p>Markkinoilla hehkutetaan nykyisin teko\u00e4lyominaisuuksia v\u00e4h\u00e4n tuotteen kuin tuotteen kohdalla. Dell aikoo nyt ottaa teko\u00e4lyhypen suhteen hiukan rauhallisemmin.<\/p>\n<p>Dellin tuotejohtaja Kevin Terwilliger antoi ymm\u00e4rt\u00e4\u00e4, ett\u00e4 teko\u00e4lyrummutus <a href=\"https:\/\/wccftech.com\/dell-pulls-back-ai-first-push-after-admitting-customers-arent-interested\/\" target=\"_blank\" rel=\"noreferrer noopener nofollow\">ei<\/a> toimi. Vaikka uudet laitteet ovat teko\u00e4lykykyisi\u00e4, asiakkaat eiv\u00e4t tee ostop\u00e4\u00e4t\u00f6ksi\u00e4\u00e4n sen perusteella, lukeeko paketissa \u201dAI PC\u201d. Terwilligerin mielest\u00e4 teko\u00e4lyn mainitseminen enemm\u00e4n h\u00e4mment\u00e4\u00e4 kuin auttaa kuluttajia.<\/p>\n<p>Wccftech kertoo, ett\u00e4 esimerkiksi Dellin uuden Alienware 2026 -kannettavan ja Area-51-p\u00f6yt\u00e4koneen esittelyiss\u00e4 keskityttiin p\u00e4\u00e4osin pelaamiseen ja tuottavuuteen. Vaikka koneet sis\u00e4lt\u00e4v\u00e4t teko\u00e4ly\u00e4 hy\u00f6dynt\u00e4vi\u00e4 ominaisuuksia, Dell on tietoisesti j\u00e4tt\u00e4nyt teko\u00e4lyyn liittyv\u00e4n markkinapuheen taka-alalle.<\/p>\n<p>Kuluttajaelektroniikka on viime vuoden aikana pursunnut teko\u00e4lymainontaa, usein vailla selke\u00e4\u00e4 hy\u00f6ty\u00e4 loppuk\u00e4ytt\u00e4j\u00e4lle. Se on omiaan lis\u00e4\u00e4m\u00e4\u00e4n kuluttajien \u00e4rtymyst\u00e4 ja turhautumista teko\u00e4lyll\u00e4 ratsastamiseen.<\/p>\n<p>Lis\u00e4mausteensa tuo teko\u00e4lyteollisuutta kohtaan koetut negatiiviset tunteet, sill\u00e4 markkinoilla on ollut pulaa DRAM-muisteista, koska valmistuskapasiteetti valjastetaan datakeskustarpeisiin. Osasyyllisyytt\u00e4 kuviossa voi tosin olla my\u00f6s muistivalmistajissa, jotka pelaavat varman p\u00e4\u00e4lle, eiv\u00e4tk\u00e4 ainakaan t\u00e4ss\u00e4 vaiheessa ole lis\u00e4\u00e4m\u00e4ss\u00e4 valmistuskapasiteettia.<\/p>\n<p>LUE MY\u00d6S: <a href=\"https:\/\/muropaketti.com\/tietotekniikka\/tietotekniikkauutiset\/youtube-tayttyi-tekoalymoskalla-ja-aivomadalla\/\" target=\"_blank\" rel=\"noreferrer noopener nofollow\">YouTube t\u00e4yttyi teko\u00e4lymoskalla ja aivom\u00e4d\u00e4ll\u00e4 \u2013 kanavat tuottavat miljoonia<\/a><\/p>\n","protected":false},"excerpt":{"rendered":"Moni lienee huomannut t\u00e4m\u00e4n tuputtamisen mit\u00e4 erilaisimmissa tuotteissa. Markkinoilla hehkutetaan nykyisin teko\u00e4lyominaisuuksia v\u00e4h\u00e4n tuotteen kuin tuotteen kohdalla. Dell&hellip;\n","protected":false},"author":2,"featured_media":80671,"comment_status":"","ping_status":"","sticky":false,"template":"","format":"standard","meta":{"footnotes":""},"categories":[84],"tags":[20441,33,31,30,4705,32,91,92,433],"class_list":{"0":"post-137930","1":"post","2":"type-post","3":"status-publish","4":"format-standard","5":"has-post-thumbnail","7":"category-teknologia","8":"tag-dell","9":"tag-fi","10":"tag-finland","11":"tag-finnish","12":"tag-markkinat","13":"tag-suomi","14":"tag-technology","15":"tag-teknologia","16":"tag-tekoaly"},"share_on_mastodon":{"url":"https:\/\/pubeurope.com\/@fi\/115866462027538592","error":""},"_links":{"self":[{"href":"https:\/\/www.europesays.com\/fi\/wp-json\/wp\/v2\/posts\/137930","targetHints":{"allow":["GET"]}}],"collection":[{"href":"https:\/\/www.europesays.com\/fi\/wp-json\/wp\/v2\/posts"}],"about":[{"href":"https:\/\/www.europesays.com\/fi\/wp-json\/wp\/v2\/types\/post"}],"author":[{"embeddable":true,"href":"https:\/\/www.europesays.com\/fi\/wp-json\/wp\/v2\/users\/2"}],"replies":[{"embeddable":true,"href":"https:\/\/www.europesays.com\/fi\/wp-json\/wp\/v2\/comments?post=137930"}],"version-history":[{"count":0,"href":"https:\/\/www.europesays.com\/fi\/wp-json\/wp\/v2\/posts\/137930\/revisions"}],"wp:featuredmedia":[{"embeddable":true,"href":"https:\/\/www.europesays.com\/fi\/wp-json\/wp\/v2\/media\/80671"}],"wp:attachment":[{"href":"https:\/\/www.europesays.com\/fi\/wp-json\/wp\/v2\/media?parent=137930"}],"wp:term":[{"taxonomy":"category","embeddable":true,"href":"https:\/\/www.europesays.com\/fi\/wp-json\/wp\/v2\/categories?post=137930"},{"taxonomy":"post_tag","embeddable":true,"href":"https:\/\/www.europesays.com\/fi\/wp-json\/wp\/v2\/tags?post=137930"}],"curies":[{"name":"wp","href":"https:\/\/api.w.org\/{rel}","templated":true}]}}