{"id":137932,"date":"2026-01-09T18:05:10","date_gmt":"2026-01-09T18:05:10","guid":{"rendered":"https:\/\/www.europesays.com\/fi\/137932\/"},"modified":"2026-01-09T18:05:10","modified_gmt":"2026-01-09T18:05:10","slug":"nain-monta-venajan-kenraalia-on-kuollut-helmikuun-2022-jalkeen-uutissuomalainen","status":"publish","type":"post","link":"https:\/\/www.europesays.com\/fi\/137932\/","title":{"rendered":"N\u00e4in monta Ven\u00e4j\u00e4n kenraalia on kuollut helmikuun 2022 j\u00e4lkeen | Uutissuomalainen"},"content":{"rendered":"<p>Ainakin 19 Ven\u00e4j\u00e4n asevoimien kenraalia on kuollut sen j\u00e4lkeen, kun Ven\u00e4j\u00e4 hy\u00f6kk\u00e4si Ukrainaan t\u00e4ysimittaisesti helmikuussa 2022, tutkivaan journalismiin erikoistunut ven\u00e4l\u00e4ismedia <a href=\"https:\/\/theins.ru\/news\/288179\" rel=\"nofollow noopener\" target=\"_blank\">The Insider<\/a> kertoo avointen tietojen sek\u00e4 ven\u00e4l\u00e4isten ja ukrainalaisten l\u00e4hteiden pohjilta.<\/p>\n<p>Insiderin mukaan ven\u00e4l\u00e4iskenraaleja on kaatunut niin rintamalla kuin selustassa komentokeskuksiin tehdyiss\u00e4 iskuissa, ilmaonnettomuuksissa, sabotaaseissa sek\u00e4 Ven\u00e4j\u00e4n alueella tapahtuneissa r\u00e4j\u00e4hdyksiss\u00e4.<\/p>\n<p>Sodan ensimm\u00e4isin\u00e4 kuukausina ven\u00e4l\u00e4iskenraaleja kuoli tarkka-ampujien luotien tai tykist\u00f6keskitysten seurauksena.<\/p>\n<p>Jotkut kuolleista olivat kuolinhetkell\u00e4\u00e4n el\u00e4kkeell\u00e4 tai palvelivat yksityisiss\u00e4 palkkasotilasryhmiss\u00e4 kuten Wagnerissa tai Storm Z:ss\u00e4.<\/p>\n<p>Insiderin mukaan kuusi kenraalia kuoli vuonna 2022, viisi vuosina 2023 ja 2024 sek\u00e4 kolme vuonna 2025.<\/p>\n<p>Ensimm\u00e4isen\u00e4 Ukrainassa kaatui kenraalimajuri <strong>Andrei Suhovetski<\/strong>. Tarkka-ampuja surmasi h\u00e4net 2. maaliskuuta 2022. Viimeisin kaatunut ven\u00e4l\u00e4iskenraali on kenraaliluutnantti <strong>Fanil Sarvarov<\/strong>, joka kuoli pommi-iskussa Moskovassa joulukuussa 2025.<\/p>\n","protected":false},"excerpt":{"rendered":"Ainakin 19 Ven\u00e4j\u00e4n asevoimien kenraalia on kuollut sen j\u00e4lkeen, kun Ven\u00e4j\u00e4 hy\u00f6kk\u00e4si Ukrainaan t\u00e4ysimittaisesti helmikuussa 2022, tutkivaan journalismiin&hellip;\n","protected":false},"author":2,"featured_media":137933,"comment_status":"","ping_status":"","sticky":false,"template":"","format":"standard","meta":{"footnotes":""},"categories":[14],"tags":[802,804,22,23,26,27,33,31,30,17,683,24,25,803,28,29,2325,15,18,21,23996,32,19,20,21377,56,16,59,60,61],"class_list":{"0":"post-137932","1":"post","2":"type-post","3":"status-publish","4":"format-standard","5":"has-post-thumbnail","7":"category-ulkomaat","8":"tag-armeijat-ja-aseelliset-joukot","9":"tag-aseelliset-konfliktit","10":"tag-breaking-news","11":"tag-breakingnews","12":"tag-featured-news","13":"tag-featurednews","14":"tag-fi","15":"tag-finland","16":"tag-finnish","17":"tag-headlines","18":"tag-kuolema","19":"tag-latest-news","20":"tag-latestnews","21":"tag-levottomuudet-ja-sodat","22":"tag-main-news","23":"tag-mainnews","24":"tag-moskova-venaja","25":"tag-news","26":"tag-otsikot","27":"tag-paauutiset","28":"tag-ryhma-wagner","29":"tag-suomi","30":"tag-top-stories","31":"tag-topstories","32":"tag-ukrainan-kriisi","33":"tag-ulkomaat","34":"tag-uutiset","35":"tag-world","36":"tag-world-news","37":"tag-worldnews"},"share_on_mastodon":{"url":"https:\/\/pubeurope.com\/@fi\/115866469924694819","error":""},"_links":{"self":[{"href":"https:\/\/www.europesays.com\/fi\/wp-json\/wp\/v2\/posts\/137932","targetHints":{"allow":["GET"]}}],"collection":[{"href":"https:\/\/www.europesays.com\/fi\/wp-json\/wp\/v2\/posts"}],"about":[{"href":"https:\/\/www.europesays.com\/fi\/wp-json\/wp\/v2\/types\/post"}],"author":[{"embeddable":true,"href":"https:\/\/www.europesays.com\/fi\/wp-json\/wp\/v2\/users\/2"}],"replies":[{"embeddable":true,"href":"https:\/\/www.europesays.com\/fi\/wp-json\/wp\/v2\/comments?post=137932"}],"version-history":[{"count":0,"href":"https:\/\/www.europesays.com\/fi\/wp-json\/wp\/v2\/posts\/137932\/revisions"}],"wp:featuredmedia":[{"embeddable":true,"href":"https:\/\/www.europesays.com\/fi\/wp-json\/wp\/v2\/media\/137933"}],"wp:attachment":[{"href":"https:\/\/www.europesays.com\/fi\/wp-json\/wp\/v2\/media?parent=137932"}],"wp:term":[{"taxonomy":"category","embeddable":true,"href":"https:\/\/www.europesays.com\/fi\/wp-json\/wp\/v2\/categories?post=137932"},{"taxonomy":"post_tag","embeddable":true,"href":"https:\/\/www.europesays.com\/fi\/wp-json\/wp\/v2\/tags?post=137932"}],"curies":[{"name":"wp","href":"https:\/\/api.w.org\/{rel}","templated":true}]}}