{"id":137949,"date":"2026-01-09T18:32:07","date_gmt":"2026-01-09T18:32:07","guid":{"rendered":"https:\/\/www.europesays.com\/fi\/137949\/"},"modified":"2026-01-09T18:32:07","modified_gmt":"2026-01-09T18:32:07","slug":"poliisioperaatio-vantaan-lansimaessa-ilta-sanomat","status":"publish","type":"post","link":"https:\/\/www.europesays.com\/fi\/137949\/","title":{"rendered":"Poliisioperaatio Vantaan L\u00e4nsim\u00e4ess\u00e4 &#8211; Ilta-Sanomat"},"content":{"rendered":"<p>Kerrostaloalueella on paikalla useampi poliisin partio.<\/p>\n<p class=\"article-body mb-nof-24 px-nof-16\">Poliisilla on k\u00e4ynniss\u00e4 operaatio Vantaan L\u00e4nsim\u00e4ess\u00e4. Kerrostaloalueella on paikalla useampi poliisin partio sek\u00e4 h\u00e4lytysvalot vilkkuen p\u00e4\u00e4ll\u00e4 saapunut ambulanssi, kertoo tilannetta seurannut IS:n lukija.<\/p>\n<p class=\"article-body mb-nof-24 px-nof-16\">Videomateriaalin perusteella paikalla n\u00e4ytt\u00e4isi olevan my\u00f6s poliisin teknisen tutkinnan auto.<\/p>\n<p class=\"article-body mb-nof-24 px-nof-16\">\u2013 Paikalle tuli pari partiota ja todettiin, ett\u00e4 t\u00e4\u00e4h\u00e4n ihan perusmeininki\u00e4. Sitten niit\u00e4 tulikin enemm\u00e4n, lukija kertoo.<\/p>\n<p class=\"article-body mb-nof-24 px-nof-16\">H\u00e4nen laskujensa mukaan paikalle olisi saapunut noin kahdeksan poliisin autoa. Paikan p\u00e4\u00e4ll\u00e4 lensi my\u00f6s helikopteri, mutta silminn\u00e4kij\u00e4ll\u00e4 ei ole varmuutta, liittyk\u00f6 se teht\u00e4v\u00e4\u00e4n.<\/p>\n<p class=\"article-body mb-nof-24 px-nof-16\">Lukija kertoi kello kahdeksan aikoihin illalla, ett\u00e4 poliisit vaikuttivat etsiv\u00e4n ymp\u00e4rist\u00f6st\u00e4 jotakin.<\/p>\n<p class=\"article-body mb-nof-24 px-nof-16\">It\u00e4-Uudenmaan poliisi vahvisti <a class=\"underline underline-offset-[0.12em] [text-decoration-thickness:var(--generic-link-underline-thickness)] [text-decoration-color:var(--generic-link-underline-color)] [text-decoration-skip-ink:var(--generic-link-underline-skip-ink)] break-words\" href=\"https:\/\/www.iltalehti.fi\/kotimaa\/a\/2369d517-e213-46b6-baea-d5611a0cf31b\" rel=\"nofollow noopener\" target=\"_blank\">Iltalehdelle<\/a>, ett\u00e4 Vantaalla on meneill\u00e4\u00e4n poliisiteht\u00e4v\u00e4.<\/p>\n<p class=\"article-body mb-nof-24 px-nof-16\">IS ei ole toistaiseksi tavoittanut poliisia kommentoimaan tapausta.<\/p>\n<p class=\"article-body mb-nof-24 px-nof-16\">Uutinen p\u00e4ivittyy. <\/p>\n","protected":false},"excerpt":{"rendered":"Kerrostaloalueella on paikalla useampi poliisin partio. Poliisilla on k\u00e4ynniss\u00e4 operaatio Vantaan L\u00e4nsim\u00e4ess\u00e4. Kerrostaloalueella on paikalla useampi poliisin partio&hellip;\n","protected":false},"author":2,"featured_media":137950,"comment_status":"","ping_status":"","sticky":false,"template":"","format":"standard","meta":{"footnotes":""},"categories":[12],"tags":[22,23,26,27,33,31,30,17,34,24,25,28,29,15,18,21,32,19,20,16],"class_list":{"0":"post-137949","1":"post","2":"type-post","3":"status-publish","4":"format-standard","5":"has-post-thumbnail","7":"category-suomi","8":"tag-breaking-news","9":"tag-breakingnews","10":"tag-featured-news","11":"tag-featurednews","12":"tag-fi","13":"tag-finland","14":"tag-finnish","15":"tag-headlines","16":"tag-ilta-sanomat","17":"tag-latest-news","18":"tag-latestnews","19":"tag-main-news","20":"tag-mainnews","21":"tag-news","22":"tag-otsikot","23":"tag-paauutiset","24":"tag-suomi","25":"tag-top-stories","26":"tag-topstories","27":"tag-uutiset"},"share_on_mastodon":{"url":"https:\/\/pubeurope.com\/@fi\/115866576138103101","error":""},"_links":{"self":[{"href":"https:\/\/www.europesays.com\/fi\/wp-json\/wp\/v2\/posts\/137949","targetHints":{"allow":["GET"]}}],"collection":[{"href":"https:\/\/www.europesays.com\/fi\/wp-json\/wp\/v2\/posts"}],"about":[{"href":"https:\/\/www.europesays.com\/fi\/wp-json\/wp\/v2\/types\/post"}],"author":[{"embeddable":true,"href":"https:\/\/www.europesays.com\/fi\/wp-json\/wp\/v2\/users\/2"}],"replies":[{"embeddable":true,"href":"https:\/\/www.europesays.com\/fi\/wp-json\/wp\/v2\/comments?post=137949"}],"version-history":[{"count":0,"href":"https:\/\/www.europesays.com\/fi\/wp-json\/wp\/v2\/posts\/137949\/revisions"}],"wp:featuredmedia":[{"embeddable":true,"href":"https:\/\/www.europesays.com\/fi\/wp-json\/wp\/v2\/media\/137950"}],"wp:attachment":[{"href":"https:\/\/www.europesays.com\/fi\/wp-json\/wp\/v2\/media?parent=137949"}],"wp:term":[{"taxonomy":"category","embeddable":true,"href":"https:\/\/www.europesays.com\/fi\/wp-json\/wp\/v2\/categories?post=137949"},{"taxonomy":"post_tag","embeddable":true,"href":"https:\/\/www.europesays.com\/fi\/wp-json\/wp\/v2\/tags?post=137949"}],"curies":[{"name":"wp","href":"https:\/\/api.w.org\/{rel}","templated":true}]}}