{"id":137951,"date":"2026-01-09T18:33:09","date_gmt":"2026-01-09T18:33:09","guid":{"rendered":"https:\/\/www.europesays.com\/fi\/137951\/"},"modified":"2026-01-09T18:33:09","modified_gmt":"2026-01-09T18:33:09","slug":"the-guardian-kaksi-uutta-pakotteiden-alaista-oljytankkeria-englannin-kanaalissa-matkalla-venajalle","status":"publish","type":"post","link":"https:\/\/www.europesays.com\/fi\/137951\/","title":{"rendered":"The Guardian: Kaksi uutta pakotteiden alaista \u00f6ljytankkeria Englannin kanaalissa matkalla Ven\u00e4j\u00e4lle"},"content":{"rendered":"<p>Yksi pakotteiden alainen tankkeri takavarikoitiin jo aiemmin.<\/p>\n<p class=\"article-body mb-nof-24 px-nof-16\">Kaksi uutta talouspakotteiden alla olevaa \u00f6ljytankkeria ovat matkalla Englannin kanaalin kautta Suomenlahdelle ja Ven\u00e4j\u00e4lle, p\u00e4iv\u00e4 sen j\u00e4lkeen, kun Yhdysvallat <a class=\"underline underline-offset-[0.12em] [text-decoration-thickness:var(--generic-link-underline-thickness)] [text-decoration-color:var(--generic-link-underline-color)] [text-decoration-skip-ink:var(--generic-link-underline-skip-ink)] break-words\" href=\"https:\/\/www.is.fi\/ulkomaat\/art-2000011734195.html\" rel=\"nofollow noopener\" target=\"_blank\">valtasi Marinera-\u00f6ljytankkerin<\/a> Britannian avustuksella, uutisoi <a class=\"underline underline-offset-[0.12em] [text-decoration-thickness:var(--generic-link-underline-thickness)] [text-decoration-color:var(--generic-link-underline-color)] [text-decoration-skip-ink:var(--generic-link-underline-skip-ink)] break-words\" href=\"https:\/\/www.theguardian.com\/uk-news\/2026\/jan\/08\/two-oil-tankers-us-sanctions-english-channel-russia\" rel=\"nofollow noopener\" target=\"_blank\">The Guardian<\/a>.<\/p>\n<p class=\"article-body mb-nof-24 px-nof-16\">Guardianin mukaan laivojen ilmaantuminen samoille paikoille on her\u00e4tt\u00e4nyt ep\u00e4ilyksi\u00e4, ovatko Yhdysvallat ja Britannia valmiita takavarikoimaan lis\u00e4\u00e4 pakotteiden alla seilaavia aluksia.<\/p>\n<p class=\"article-body mb-nof-24 px-nof-16\">Lue lis\u00e4\u00e4: <a class=\"underline underline-offset-[0.12em] [text-decoration-thickness:var(--generic-link-underline-thickness)] [text-decoration-color:var(--generic-link-underline-color)] [text-decoration-skip-ink:var(--generic-link-underline-skip-ink)] break-words\" href=\"https:\/\/www.is.fi\/ulkomaat\/art-2000011734195.html\" rel=\"nofollow noopener\" target=\"_blank\">USA:n rannikko\u00advartiosto valtasi ven\u00e4l\u00e4is\u00adtankkerin Atlantilla<\/a><\/p>\n<p class=\"article-body mb-nof-24 px-nof-16\">Alusten nimet ja rekister\u00f6intimaat ovat vaihtuneet t\u00e4t\u00e4 ennen useasti.<\/p>\n<p class=\"article-body mb-nof-24 px-nof-16\">Tia, joka k\u00e4ytt\u00e4\u00e4 nyt nime\u00e4 Tiavan, on matkalla Turkista Ven\u00e4j\u00e4n Suomenlahden satamaan ja sen on m\u00e4\u00e4r\u00e4 saapua 13. tammikuuta, brittilehti kertoo.<\/p>\n<p class=\"article-body mb-nof-24 px-nof-16\">Tia asetettiin Yhdysvaltain pakotteiden alaiseksi vuonna 2024, kun se kuljetti raaka\u00f6ljy\u00e4 Venezuelaan. Sen j\u00e4lkeen laivan nimi muutettiin Arcusatiksi ja lopulta Tiavaniksi.<\/p>\n<p class=\"article-body mb-nof-24 px-nof-16\">Barbadoksen lipun alla kulkevan Arian suuntana on Guardianin mukaan Laukaansuun satama Leningradissa.<\/p>\n<p class=\"article-body mb-nof-24 px-nof-16\">Aria on niin ik\u00e4\u00e4n amerikkalaispakotteiden alla. Guardian kertoo sen olevan yhteydess\u00e4 Ven\u00e4j\u00e4n suurimpaan laivanvarustamoon.<\/p>\n<p class=\"article-body mb-nof-24 px-nof-16\">Lue lis\u00e4\u00e4: <a class=\"underline underline-offset-[0.12em] [text-decoration-thickness:var(--generic-link-underline-thickness)] [text-decoration-color:var(--generic-link-underline-color)] [text-decoration-skip-ink:var(--generic-link-underline-skip-ink)] break-words\" href=\"https:\/\/www.is.fi\/ulkomaat\/art-2000011732825.html\" rel=\"nofollow noopener\" target=\"_blank\">USA jahtaa \u00f6ljytankkeria Atlantilla \u2013 Ven\u00e4j\u00e4 l\u00e4hetti sukellus\u00adveneen<\/a><\/p>\n<p class=\"article-body mb-nof-24 px-nof-16\">Britannian puolustusministeri <a class=\"font-bold underline-offset-[0.12em] [text-decoration:var(--person-link-text-decoration)] ![text-decoration-color:var(--person-link-text-decoration-color)]\" href=\"https:\/\/www.is.fi\/haku\/?query=John%20Healey\" rel=\"nofollow noopener\" target=\"_blank\">John Healey<\/a> perusteli keskiviikkona Marineran takavarikointia sill\u00e4, ett\u00e4 se oli v\u00e4\u00e4rin liputettu sek\u00e4 koska se kuuluu Ven\u00e4j\u00e4n varjolaivastoon, jolla Ven\u00e4j\u00e4 rahoittaa laitonta hy\u00f6kk\u00e4yst\u00e4 Ukrainassa.<\/p>\n<p class=\"article-body mb-nof-24 px-nof-16\">T\u00e4m\u00e4 on luonut odotuksen, ett\u00e4 Britannia, mahdollisesti Yhdysvaltojen avustuksella, olisi valmis takavarikoimaan muitakin Ven\u00e4j\u00e4\u00e4n liittyvi\u00e4 tankkereita.<\/p>\n<p class=\"article-body mb-nof-24 px-nof-16\">Britannian puolustusministeri\u00f6 vastasi torstaina, ettei se ilmoittaisi mahdollisista etuk\u00e4teen mahdollisista takavarikointisuunnitelmista, Guardian uutisoi.<\/p>\n<p class=\"article-body mb-nof-24 px-nof-16\">\u2013 Ven\u00e4j\u00e4n varjolaivaston pelottelu, h\u00e4iritseminen ja heikent\u00e4minen ovat hallituksen prioriteetti, puolustusministeri\u00f6n tiedottaja totesi.<\/p>\n","protected":false},"excerpt":{"rendered":"Yksi pakotteiden alainen tankkeri takavarikoitiin jo aiemmin. Kaksi uutta talouspakotteiden alla olevaa \u00f6ljytankkeria ovat matkalla Englannin kanaalin kautta&hellip;\n","protected":false},"author":2,"featured_media":137952,"comment_status":"","ping_status":"","sticky":false,"template":"","format":"standard","meta":{"footnotes":""},"categories":[5],"tags":[22,23,26,27,33,31,30,17,34,24,25,28,29,15,18,21,32,19,20,16],"class_list":{"0":"post-137951","1":"post","2":"type-post","3":"status-publish","4":"format-standard","5":"has-post-thumbnail","7":"category-otsikot","8":"tag-breaking-news","9":"tag-breakingnews","10":"tag-featured-news","11":"tag-featurednews","12":"tag-fi","13":"tag-finland","14":"tag-finnish","15":"tag-headlines","16":"tag-ilta-sanomat","17":"tag-latest-news","18":"tag-latestnews","19":"tag-main-news","20":"tag-mainnews","21":"tag-news","22":"tag-otsikot","23":"tag-paauutiset","24":"tag-suomi","25":"tag-top-stories","26":"tag-topstories","27":"tag-uutiset"},"share_on_mastodon":{"url":"https:\/\/pubeurope.com\/@fi\/115866579915103425","error":""},"_links":{"self":[{"href":"https:\/\/www.europesays.com\/fi\/wp-json\/wp\/v2\/posts\/137951","targetHints":{"allow":["GET"]}}],"collection":[{"href":"https:\/\/www.europesays.com\/fi\/wp-json\/wp\/v2\/posts"}],"about":[{"href":"https:\/\/www.europesays.com\/fi\/wp-json\/wp\/v2\/types\/post"}],"author":[{"embeddable":true,"href":"https:\/\/www.europesays.com\/fi\/wp-json\/wp\/v2\/users\/2"}],"replies":[{"embeddable":true,"href":"https:\/\/www.europesays.com\/fi\/wp-json\/wp\/v2\/comments?post=137951"}],"version-history":[{"count":0,"href":"https:\/\/www.europesays.com\/fi\/wp-json\/wp\/v2\/posts\/137951\/revisions"}],"wp:featuredmedia":[{"embeddable":true,"href":"https:\/\/www.europesays.com\/fi\/wp-json\/wp\/v2\/media\/137952"}],"wp:attachment":[{"href":"https:\/\/www.europesays.com\/fi\/wp-json\/wp\/v2\/media?parent=137951"}],"wp:term":[{"taxonomy":"category","embeddable":true,"href":"https:\/\/www.europesays.com\/fi\/wp-json\/wp\/v2\/categories?post=137951"},{"taxonomy":"post_tag","embeddable":true,"href":"https:\/\/www.europesays.com\/fi\/wp-json\/wp\/v2\/tags?post=137951"}],"curies":[{"name":"wp","href":"https:\/\/api.w.org\/{rel}","templated":true}]}}