{"id":137984,"date":"2026-01-09T19:24:07","date_gmt":"2026-01-09T19:24:07","guid":{"rendered":"https:\/\/www.europesays.com\/fi\/137984\/"},"modified":"2026-01-09T19:24:07","modified_gmt":"2026-01-09T19:24:07","slug":"poliisi-ampui-miesta-vantaalla-uutisia-lyhyesti","status":"publish","type":"post","link":"https:\/\/www.europesays.com\/fi\/137984\/","title":{"rendered":"Poliisi ampui miest\u00e4 Vantaalla | Uutisia lyhyesti"},"content":{"rendered":"<p class=\"aw-1gybjub aw-5vja16 kEtdKx kmuxyA yle__article__paragraph\">T\u00e4ysi-ik\u00e4inen mies loukkaantui tilanteessa. H\u00e4nell\u00e4 ei ole poliisin mukaan hengenvaaraa.<\/p>\n<p>20:37\u2022P\u00e4ivitetty 20:42<\/p>\n<p class=\"aw-1gybjub aw-1p7kakr kEtdKx cEmitX yle__article__paragraph\">Perjantai-iltana poliisi k\u00e4ytti ampuma-asetta Vantaalla.<\/p>\n<p class=\"aw-1gybjub aw-1p7kakr kEtdKx cEmitX yle__article__paragraph\">It\u00e4-Uudenmaan poliisilaitos sai h\u00e4t\u00e4keskukselta ilmoituksen, jonka mukaan kerrostalon rappuk\u00e4yt\u00e4v\u00e4ss\u00e4 liikkui henkil\u00f6 ampuma-aseen kanssa.<\/p>\n<p class=\"aw-1gybjub aw-1p7kakr kEtdKx cEmitX yle__article__paragraph\">Poliisi tavoitti t\u00e4ysi-ik\u00e4isen miehen yksityisasunnosta. Kun mies ei poliisin k\u00e4skytyksest\u00e4 huolimatta luopunut ter\u00e4aseesta, poliisi k\u00e4ytti tilanteessa ampuma-asetta.<\/p>\n<p class=\"aw-1gybjub aw-1p7kakr kEtdKx cEmitX yle__article__paragraph\">Miehelle annettiin tapahtumapaikalla ensiapua, mink\u00e4 j\u00e4lkeen h\u00e4net vietiin sairaalaan. Miehell\u00e4 ei ole <a class=\"aw-iao6s4 iHOxEa yle__article__link\" href=\"https:\/\/poliisi.fi\/-\/poliisi-kaytti-ampuma-asetta-tehtavalla-vantaalla\" role=\"link\" rel=\"nofollow noopener\" target=\"_blank\">poliisin mukaan<\/a> hengenvaaraa.<\/p>\n<p class=\"aw-1gybjub aw-1p7kakr kEtdKx cEmitX yle__article__paragraph\">Miehen osalta Helsingin poliisilaitos tutkii tapausta virkamiehen v\u00e4kivaltaisena vastustamisena.<\/p>\n<p class=\"aw-1gybjub aw-1p7kakr kEtdKx cEmitX yle__article__paragraph\">Kun poliisi ampuu ihmist\u00e4, syytt\u00e4j\u00e4 tekee aina selvityksen poliisin voimank\u00e4yt\u00f6st\u00e4.<\/p>\n<p class=\"aw-1gybjub aw-1p7kakr kEtdKx cEmitX yle__article__paragraph\">Poliisien aseenk\u00e4yt\u00f6st\u00e4 virkateht\u00e4v\u00e4ss\u00e4 tehd\u00e4\u00e4n esitutkintalain mukainen esiselvitys. Koska esiselvityksen kohteena ovat poliisit, tutkinnanjohtajana toimii syytt\u00e4j\u00e4.<\/p>\n","protected":false},"excerpt":{"rendered":"T\u00e4ysi-ik\u00e4inen mies loukkaantui tilanteessa. H\u00e4nell\u00e4 ei ole poliisin mukaan hengenvaaraa. 20:37\u2022P\u00e4ivitetty 20:42 Perjantai-iltana poliisi k\u00e4ytti ampuma-asetta Vantaalla. It\u00e4-Uudenmaan&hellip;\n","protected":false},"author":2,"featured_media":74,"comment_status":"","ping_status":"","sticky":false,"template":"","format":"standard","meta":{"footnotes":""},"categories":[12],"tags":[8108,22,23,26,27,33,31,30,17,71,55,24,25,28,29,15,18,21,52,24004,32,19,20,1168,16,2359],"class_list":{"0":"post-137984","1":"post","2":"type-post","3":"status-publish","4":"format-standard","5":"has-post-thumbnail","7":"category-suomi","8":"tag-ampuma-aseet","9":"tag-breaking-news","10":"tag-breakingnews","11":"tag-featured-news","12":"tag-featurednews","13":"tag-fi","14":"tag-finland","15":"tag-finnish","16":"tag-headlines","17":"tag-kotimaa","18":"tag-lainvalvonta","19":"tag-latest-news","20":"tag-latestnews","21":"tag-main-news","22":"tag-mainnews","23":"tag-news","24":"tag-otsikot","25":"tag-paauutiset","26":"tag-poliisi","27":"tag-poliisin-suorittama-ampuminen","28":"tag-suomi","29":"tag-top-stories","30":"tag-topstories","31":"tag-uusimaa","32":"tag-uutiset","33":"tag-vantaa"},"share_on_mastodon":{"url":"https:\/\/pubeurope.com\/@fi\/115866780514560099","error":""},"_links":{"self":[{"href":"https:\/\/www.europesays.com\/fi\/wp-json\/wp\/v2\/posts\/137984","targetHints":{"allow":["GET"]}}],"collection":[{"href":"https:\/\/www.europesays.com\/fi\/wp-json\/wp\/v2\/posts"}],"about":[{"href":"https:\/\/www.europesays.com\/fi\/wp-json\/wp\/v2\/types\/post"}],"author":[{"embeddable":true,"href":"https:\/\/www.europesays.com\/fi\/wp-json\/wp\/v2\/users\/2"}],"replies":[{"embeddable":true,"href":"https:\/\/www.europesays.com\/fi\/wp-json\/wp\/v2\/comments?post=137984"}],"version-history":[{"count":0,"href":"https:\/\/www.europesays.com\/fi\/wp-json\/wp\/v2\/posts\/137984\/revisions"}],"wp:featuredmedia":[{"embeddable":true,"href":"https:\/\/www.europesays.com\/fi\/wp-json\/wp\/v2\/media\/74"}],"wp:attachment":[{"href":"https:\/\/www.europesays.com\/fi\/wp-json\/wp\/v2\/media?parent=137984"}],"wp:term":[{"taxonomy":"category","embeddable":true,"href":"https:\/\/www.europesays.com\/fi\/wp-json\/wp\/v2\/categories?post=137984"},{"taxonomy":"post_tag","embeddable":true,"href":"https:\/\/www.europesays.com\/fi\/wp-json\/wp\/v2\/tags?post=137984"}],"curies":[{"name":"wp","href":"https:\/\/api.w.org\/{rel}","templated":true}]}}