{"id":137999,"date":"2026-01-09T19:49:11","date_gmt":"2026-01-09T19:49:11","guid":{"rendered":"https:\/\/www.europesays.com\/fi\/137999\/"},"modified":"2026-01-09T19:49:11","modified_gmt":"2026-01-09T19:49:11","slug":"ukrainan-turvallisuuspalvelu-sbu-julkaisi-kuvia-venajan-oreshnik-ohjuksen-vaitetyista-jaanteista","status":"publish","type":"post","link":"https:\/\/www.europesays.com\/fi\/137999\/","title":{"rendered":"Ukrainan turvallisuuspalvelu SBU julkaisi kuvia Ven\u00e4j\u00e4n Oreshnik-ohjuksen v\u00e4itetyist\u00e4 j\u00e4\u00e4nteist\u00e4"},"content":{"rendered":"<p>Ven\u00e4j\u00e4 vahvisti iskeneens\u00e4 Ukrainan l\u00e4nsirajan l\u00e4heisyyteen Oreshnik-ohjuksella perjantain vastaisena y\u00f6n\u00e4.<\/p>\n<p class=\"article-body mb-nof-24 px-nof-16\">Ukrainan turvallisuuspalvelu <a class=\"underline underline-offset-[0.12em] [text-decoration-thickness:var(--generic-link-underline-thickness)] [text-decoration-color:var(--generic-link-underline-color)] [text-decoration-skip-ink:var(--generic-link-underline-skip-ink)] break-words\" href=\"https:\/\/t.me\/SBUkr\/16512\" rel=\"nofollow\">SBU<\/a> julkaisi perjantaina kuvia, joissa sen mukaan n\u00e4kyy Ven\u00e4j\u00e4n y\u00f6ll\u00e4 Lviviin ampuman Oreshnik-ohjuksen j\u00e4\u00e4nteit\u00e4. Ukrainan viranomaiset kertoivat aiemmin perjantaina tutkivansa iskua sotarikoksena.<\/p>\n<p class=\"article-body mb-nof-24 px-nof-16\">SBU:n mukaan v\u00e4itettyjen Oreshnikin j\u00e4\u00e4nteiden joukosta on t\u00e4h\u00e4n menness\u00e4 tunnistettu muun muassa ohjuksen vakautus- ja ohjausj\u00e4rjestelm\u00e4 sek\u00e4 muita osia. J\u00e4\u00e4nteet oli m\u00e4\u00e4r\u00e4 toimittaa tarkempiin tutkimuksiin.<\/p>\n<p><img decoding=\"async\" src=\"https:\/\/www.europesays.com\/fi\/wp-content\/uploads\/2026\/01\/1767988150_611_468.jpg\" alt=\"SBU \/ Reuters\" class=\"_Img_1rerz_1\" style=\"aspect-ratio:1.5011727912431587\" loading=\"eager\"\/><\/p>\n<p class=\"article-body mb-nof-24 px-nof-16\">Alustavien tietojen perusteella ven\u00e4l\u00e4iset laukaisivat ohjuksen Astrahanin alueella sijaitsevalta Kapustin Jarin testauspaikalta.<\/p>\n<p class=\"article-body mb-nof-24 px-nof-16\">\u2013 Hy\u00f6kk\u00e4\u00e4m\u00e4ll\u00e4 maamme siviililaitoksiin Euroopan unionin rajan l\u00e4heisyydess\u00e4, Kreml yritti tuhota alueen el\u00e4m\u00e4\u00e4 tukevan infrastruktuurin olosuhteissa, joissa s\u00e4\u00e4olosuhteet ovat heikentyneet jyrk\u00e4sti, SBU sanoi Telegram-p\u00e4ivityksess\u00e4\u00e4n.<\/p>\n<p><img decoding=\"async\" src=\"https:\/\/www.europesays.com\/fi\/wp-content\/uploads\/2026\/01\/1767988150_405_468.jpg\" alt=\"\" class=\"_Img_1rerz_1\" style=\"aspect-ratio:1.5011727912431587\" loading=\"eager\"\/><\/p>\n<p class=\"article-body mb-nof-24 px-nof-16\">Oreshnik on keskipitk\u00e4n matkan ballistinen monik\u00e4rkiohjus. Sosiaalisessa mediassa levinneell\u00e4 <a class=\"underline underline-offset-[0.12em] [text-decoration-thickness:var(--generic-link-underline-thickness)] [text-decoration-color:var(--generic-link-underline-color)] [text-decoration-skip-ink:var(--generic-link-underline-skip-ink)] break-words\" href=\"https:\/\/x.com\/Osinttechnical\/status\/2009394085782860233?ref_src=twsrc%5Etfw%7Ctwcamp%5Etweetembed%7Ctwterm%5E2009394085782860233%7Ctwgr%5E35c7d66327392ae84462e81260517348a72689d0%7Ctwcon%5Es1_&amp;ref_url=https%3A%2F%2Fembed.sanoma-sndp.fi%2Fext%2Fembed%2F%3Furl%3Dhttps3A2F2Ftwitter.com2FOsinttechnical2Fstatus2F2009394085782860233\" rel=\"nofollow\">videolla<\/a> n\u00e4kyi, kuinka taisteluk\u00e4rki\u00e4 putosi iskun aikana maahan samaan tyyliin kuin aiemmassa Oreshnik-iskussa, jonka Ven\u00e4j\u00e4 teki Dniproon marraskuussa 2024.<\/p>\n<p class=\"article-body mb-nof-24 px-nof-16\">Reutersille puhuneen ukrainalaisen viranomaisl\u00e4hteen mukaan Ven\u00e4j\u00e4 iski valtion yrityksen ty\u00f6pajaan Lviviss\u00e4. L\u00e4hteen mukaan ohjus oli todenn\u00e4k\u00f6isesti varustettu taisteluk\u00e4rjill\u00e4, joissa ei ollut r\u00e4j\u00e4hteit\u00e4, jolloin sen tuhovoima perustui ohjuksen nopeuteen ja osumavoimaan.<\/p>\n<p><img decoding=\"async\" src=\"https:\/\/www.europesays.com\/fi\/wp-content\/uploads\/2026\/01\/1767988150_782_468.jpg\" alt=\"\" class=\"_Img_1rerz_1\" style=\"aspect-ratio:1.5011727912431587\" loading=\"eager\"\/><\/p>\n<p class=\"article-body mb-nof-24 px-nof-16\">N\u00e4in oli asianlaita my\u00f6s Dnipron aiemmassa iskussa. Reutersin l\u00e4hteen mukaan betonirakennus k\u00e4rsi lievi\u00e4 vahinkoja. Iskusta j\u00e4i kraattereita my\u00f6s rakennuksen l\u00e4himets\u00e4\u00e4n.<\/p>\n<p class=\"article-body mb-nof-24 px-nof-16\">Ven\u00e4j\u00e4n presidentti <a class=\"font-bold underline-offset-[0.12em] [text-decoration:var(--person-link-text-decoration)] ![text-decoration-color:var(--person-link-text-decoration-color)]\" href=\"https:\/\/www.is.fi\/haku\/?query=Vladimir%20Putin\" rel=\"nofollow noopener\" target=\"_blank\">Vladimir Putin<\/a> on hehkuttanut Oreshnikia, joskin asiantuntijoiden mukaan ohjus ei ole niin ainutlaatuinen kuin Putin on v\u00e4itt\u00e4nyt.<\/p>\n<p><img decoding=\"async\" src=\"https:\/\/www.europesays.com\/fi\/wp-content\/uploads\/2026\/01\/1767988150_306_468.jpg\" alt=\"\" class=\"_Img_1rerz_1\" style=\"aspect-ratio:0.6661458333333333\" loading=\"eager\"\/><\/p>\n<p class=\"article-body mb-nof-24 px-nof-16\">Ven\u00e4j\u00e4n mukaan Oreshnik-isku oli vastaus Ukrainan v\u00e4itettyyn yritykseen iske\u00e4 Putinin huvilaan viime vuoden lopussa. Ven\u00e4j\u00e4 on v\u00e4itt\u00e4nyt, ett\u00e4 Ukraina yritti iske\u00e4 lennokein Putinin huvilalle Novgorodin alueella.<\/p>\n<p class=\"article-body mb-nof-24 px-nof-16\">Yhdysvaltain kansallisen turvallisuuden viranomaisten mukaan Ukraina ei kuitenkaan yritt\u00e4nyt iske\u00e4 huvilaan, Wall Street Journal ja CNN ovat uutisoineet.<\/p>\n<p><img decoding=\"async\" src=\"https:\/\/www.europesays.com\/fi\/wp-content\/uploads\/2026\/01\/1767988151_896_468.jpg\" alt=\"\" class=\"_Img_1rerz_1\" style=\"aspect-ratio:0.6661458333333333\" loading=\"eager\"\/><\/p>\n<p class=\"article-body mb-nof-24 px-nof-16\">Ukrainan presidentti <a class=\"font-bold underline-offset-[0.12em] [text-decoration:var(--person-link-text-decoration)] ![text-decoration-color:var(--person-link-text-decoration-color)]\" href=\"https:\/\/www.is.fi\/haku\/?query=Volodymyr%20Zelenskyi\" rel=\"nofollow noopener\" target=\"_blank\">Volodymyr Zelenskyi<\/a> varoitti kansalaisia jo torstai-illan videopuheessaan, ett\u00e4 viranomaisten tietojen mukaan Ven\u00e4j\u00e4 suunnitteli laajaa ilmahy\u00f6kk\u00e4yst\u00e4 Ukrainaan tulevana y\u00f6n\u00e4.<\/p>\n<p class=\"article-body mb-nof-24 px-nof-16\">\u2013 On tietoja siit\u00e4, ett\u00e4 t\u00e4n\u00e4 y\u00f6n\u00e4 saattaa tapahtua j\u00e4lleen massiivinen Ven\u00e4j\u00e4n hy\u00f6kk\u00e4ys. On eritt\u00e4in t\u00e4rke\u00e4\u00e4 kiinnitt\u00e4\u00e4 huomiota ilmah\u00e4lytyksiin t\u00e4n\u00e4\u00e4n ja huomenna sek\u00e4 menn\u00e4 aina suojaan. Ven\u00e4l\u00e4iset eiv\u00e4t ole muuttunet piirun vertaa. He yritt\u00e4v\u00e4t k\u00e4ytt\u00e4\u00e4 s\u00e4\u00e4t\u00e4 hyv\u00e4kseen, Zelenskyi sanoi.<\/p>\n<p><img decoding=\"async\" src=\"https:\/\/www.europesays.com\/fi\/wp-content\/uploads\/2026\/01\/1767988151_759_468.jpg\" alt=\"\" class=\"_Img_1rerz_1\" style=\"aspect-ratio:0.6661458333333333\" loading=\"eager\"\/><\/p>\n<p class=\"article-body mb-nof-24 px-nof-16\">Useilla Ukrainan alueilla on k\u00e4rsitty viime p\u00e4ivin\u00e4 merkitt\u00e4v\u00e4sti heikentyneist\u00e4 s\u00e4\u00e4olosuhteista. Lumi- ja r\u00e4nt\u00e4sateet, pakkaset ja tuulet ovat aiheuttaneet ongelmia muun muassa teill\u00e4 ja lis\u00e4nneet pelastusviranomaisten ty\u00f6t\u00e4.<\/p>\n<p class=\"article-body mb-nof-24 px-nof-16\">Huono s\u00e4\u00e4 vaikeuttaa my\u00f6s ilmapuolustuksen ty\u00f6t\u00e4 heikent\u00e4m\u00e4ll\u00e4 muun muassa tutkien tehokkuutta.<\/p>\n<p><img decoding=\"async\" src=\"https:\/\/www.europesays.com\/fi\/wp-content\/uploads\/2026\/01\/1767988151_685_468.jpg\" alt=\"\" class=\"_Img_1rerz_1\" style=\"aspect-ratio:1.5011727912431587\" loading=\"eager\"\/><script async src=\"https:\/\/platform.twitter.com\/widgets.js\" charset=\"utf-8\"><\/script><\/p>\n","protected":false},"excerpt":{"rendered":"Ven\u00e4j\u00e4 vahvisti iskeneens\u00e4 Ukrainan l\u00e4nsirajan l\u00e4heisyyteen Oreshnik-ohjuksella perjantain vastaisena y\u00f6n\u00e4. Ukrainan turvallisuuspalvelu SBU julkaisi perjantaina kuvia, joissa sen&hellip;\n","protected":false},"author":2,"featured_media":138000,"comment_status":"","ping_status":"","sticky":false,"template":"","format":"standard","meta":{"footnotes":""},"categories":[14],"tags":[22,23,26,27,33,31,30,17,34,24,25,28,29,15,18,21,32,19,20,56,16,59,60,61],"class_list":{"0":"post-137999","1":"post","2":"type-post","3":"status-publish","4":"format-standard","5":"has-post-thumbnail","7":"category-ulkomaat","8":"tag-breaking-news","9":"tag-breakingnews","10":"tag-featured-news","11":"tag-featurednews","12":"tag-fi","13":"tag-finland","14":"tag-finnish","15":"tag-headlines","16":"tag-ilta-sanomat","17":"tag-latest-news","18":"tag-latestnews","19":"tag-main-news","20":"tag-mainnews","21":"tag-news","22":"tag-otsikot","23":"tag-paauutiset","24":"tag-suomi","25":"tag-top-stories","26":"tag-topstories","27":"tag-ulkomaat","28":"tag-uutiset","29":"tag-world","30":"tag-world-news","31":"tag-worldnews"},"share_on_mastodon":{"url":"https:\/\/pubeurope.com\/@fi\/115866878939888682","error":""},"_links":{"self":[{"href":"https:\/\/www.europesays.com\/fi\/wp-json\/wp\/v2\/posts\/137999","targetHints":{"allow":["GET"]}}],"collection":[{"href":"https:\/\/www.europesays.com\/fi\/wp-json\/wp\/v2\/posts"}],"about":[{"href":"https:\/\/www.europesays.com\/fi\/wp-json\/wp\/v2\/types\/post"}],"author":[{"embeddable":true,"href":"https:\/\/www.europesays.com\/fi\/wp-json\/wp\/v2\/users\/2"}],"replies":[{"embeddable":true,"href":"https:\/\/www.europesays.com\/fi\/wp-json\/wp\/v2\/comments?post=137999"}],"version-history":[{"count":0,"href":"https:\/\/www.europesays.com\/fi\/wp-json\/wp\/v2\/posts\/137999\/revisions"}],"wp:featuredmedia":[{"embeddable":true,"href":"https:\/\/www.europesays.com\/fi\/wp-json\/wp\/v2\/media\/138000"}],"wp:attachment":[{"href":"https:\/\/www.europesays.com\/fi\/wp-json\/wp\/v2\/media?parent=137999"}],"wp:term":[{"taxonomy":"category","embeddable":true,"href":"https:\/\/www.europesays.com\/fi\/wp-json\/wp\/v2\/categories?post=137999"},{"taxonomy":"post_tag","embeddable":true,"href":"https:\/\/www.europesays.com\/fi\/wp-json\/wp\/v2\/tags?post=137999"}],"curies":[{"name":"wp","href":"https:\/\/api.w.org\/{rel}","templated":true}]}}