{"id":138001,"date":"2026-01-09T19:50:07","date_gmt":"2026-01-09T19:50:07","guid":{"rendered":"https:\/\/www.europesays.com\/fi\/138001\/"},"modified":"2026-01-09T19:50:07","modified_gmt":"2026-01-09T19:50:07","slug":"talta-nayttaa-pakkanen-suomalaisten-arjessa-katso-kuvat-yle","status":"publish","type":"post","link":"https:\/\/www.europesays.com\/fi\/138001\/","title":{"rendered":"T\u00e4lt\u00e4 n\u00e4ytt\u00e4\u00e4 pakkanen suomalaisten arjessa: katso kuvat &#8211; Yle"},"content":{"rendered":"<ol>\n<li><a href=\"https:\/\/news.google.com\/rss\/articles\/CBMiQkFVX3lxTFA1OVhCZnZRUm5ob2ZaQ0F5UmhNZ183S3huRFRDamxYTU1tMUJCZUZiUzQtQmlxSGoxV0l6QmRhY2ljZw?oc=5\" target=\"_blank\" rel=\"nofollow noopener\">T\u00e4lt\u00e4 n\u00e4ytt\u00e4\u00e4 pakkanen suomalaisten arjessa: katso kuvat<\/a>&nbsp;&nbsp;Yle<\/li>\n<li><a href=\"https:\/\/news.google.com\/rss\/articles\/CBMie0FVX3lxTE11ZkRmS1JNRDdJaXdpTzd1RjNmLVNCWXZhSHB1ZG54MTU5M3F1R20yNGFFd2VncmJHUThyZVZxTm1raXlwVkV0dS1XRmJnZnZVaWpGM0s2d1kzN1kzUlJVQ181Tmh3dVJUNzJPT1hFNGdLUmxXV0hpblNONA?oc=5\" target=\"_blank\" rel=\"nofollow noopener\">\u201dVaarallista\u201d \u2013 Hirmupakkaset koettelevat Lapissa<\/a>&nbsp;&nbsp;Iltalehti<\/li>\n<li><a href=\"https:\/\/news.google.com\/rss\/articles\/CBMijgFBVV95cUxQalZONFRlX2h1UTFsc1g3U2NTcEpTcVJzX3hlV1FRdTdXZkhobkVuLXQ3bjY0Rnl4bVRGQUp4S0dMTHVsYm9aNVJRUi1VdXN3c3gwQnJ5VEl0M1R4VTNKazVjYzZRSkJiUENRdl9uSXlab2VtLVI1eUNfWHpNYjBteWU5M0I4emtOYWpfUHZ3?oc=5\" target=\"_blank\" rel=\"nofollow noopener\">Nyt on niin kylm\u00e4, ett\u00e4 lappilaiset p\u00e4iv\u00e4kotilapset pidet\u00e4\u00e4n sis\u00e4ll\u00e4 \u2013 &#8221;En ole tehnyt vuosikausiin t\u00e4llaista linjausta&#8221;, sanoo p\u00e4iv\u00e4kodin johtaja<\/a>&nbsp;&nbsp;Lapin Kansa<\/li>\n<li><a href=\"https:\/\/news.google.com\/rss\/articles\/CBMiW0FVX3lxTE1FeXV2cENOYkJTZzljQ1M1Q0ZaTUl4MkdhbjFxb3RLZ0RDUngtSDZ2Vkl1YVBBdXQ0OFEydVpNeVJJdmlZRE1YOUxnWTYwQkU4cFBUZG00Uk00bkk?oc=5\" target=\"_blank\" rel=\"nofollow noopener\">Lappi | Kylmyys tyhjensi hiihtoladut ja -hissit Pyh\u00e4ll\u00e4 \u2013 Ulos uskaltautuneet kertovat, miten kire\u00e4ll\u00e4 pakkasella p\u00e4rj\u00e4\u00e4<\/a>&nbsp;&nbsp;HS.fi<\/li>\n<li><a href=\"https:\/\/news.google.com\/rss\/articles\/CBMi-AFBVV95cUxNM1d3NWJLc1d3Slh3RkxKaXF6NWI2Wm8xWXFlUWdWVXo3cUl1SHh6cW5MbUI3WUkxOHdSNUpKNWM1WjVsRVFvYmYwUDVzX0l4cnpZSmFDdVhZbmVxTFQ4c3RGMnlHSGhYR2Rqd1lLbnprSGl5ckp2VVE5SDNVV3NhUVdqTjdLelpla29XbzBPY3BaSHEzQjNUQUIwckZ6OXU0VmswckdwWHFmUmZyZjJGcVRNZ1lLT1dqcTZRbjRHWmRINW52UXNLelJMMkQwTDFiODJ5NUoweS1aNnRjMjlhTjRUbGoxMG8zZTlVTDY3dkl5cUV1bG53VA?oc=5\" target=\"_blank\" rel=\"nofollow noopener\">Py\u00f6r\u00e4ll\u00e4 t\u00f6ihin, avantoon uimaan ja jopa j\u00e4\u00e4tel\u00f6lle \u2013 katso kuvat arktisesta arjesta<\/a>&nbsp;&nbsp;Rovaniemi.fi<\/li>\n<\/ol>\n","protected":false},"excerpt":{"rendered":"T\u00e4lt\u00e4 n\u00e4ytt\u00e4\u00e4 pakkanen suomalaisten arjessa: katso kuvat&nbsp;&nbsp;Yle \u201dVaarallista\u201d \u2013 Hirmupakkaset koettelevat Lapissa&nbsp;&nbsp;Iltalehti Nyt on niin kylm\u00e4, ett\u00e4 lappilaiset&hellip;\n","protected":false},"author":2,"featured_media":138002,"comment_status":"","ping_status":"","sticky":false,"template":"","format":"standard","meta":{"footnotes":""},"categories":[12],"tags":[22,23,26,27,33,31,30,17,71,6383,1423,24,25,28,29,15,18,21,9766,32,10305,19,20,16],"class_list":{"0":"post-138001","1":"post","2":"type-post","3":"status-publish","4":"format-standard","5":"has-post-thumbnail","7":"category-suomi","8":"tag-breaking-news","9":"tag-breakingnews","10":"tag-featured-news","11":"tag-featurednews","12":"tag-fi","13":"tag-finland","14":"tag-finnish","15":"tag-headlines","16":"tag-kotimaa","17":"tag-kuvat","18":"tag-lampotila","19":"tag-latest-news","20":"tag-latestnews","21":"tag-main-news","22":"tag-mainnews","23":"tag-news","24":"tag-otsikot","25":"tag-paauutiset","26":"tag-pakkanen","27":"tag-suomi","28":"tag-talvisaa","29":"tag-top-stories","30":"tag-topstories","31":"tag-uutiset"},"share_on_mastodon":{"url":"https:\/\/pubeurope.com\/@fi\/115866882826291092","error":""},"_links":{"self":[{"href":"https:\/\/www.europesays.com\/fi\/wp-json\/wp\/v2\/posts\/138001","targetHints":{"allow":["GET"]}}],"collection":[{"href":"https:\/\/www.europesays.com\/fi\/wp-json\/wp\/v2\/posts"}],"about":[{"href":"https:\/\/www.europesays.com\/fi\/wp-json\/wp\/v2\/types\/post"}],"author":[{"embeddable":true,"href":"https:\/\/www.europesays.com\/fi\/wp-json\/wp\/v2\/users\/2"}],"replies":[{"embeddable":true,"href":"https:\/\/www.europesays.com\/fi\/wp-json\/wp\/v2\/comments?post=138001"}],"version-history":[{"count":0,"href":"https:\/\/www.europesays.com\/fi\/wp-json\/wp\/v2\/posts\/138001\/revisions"}],"wp:featuredmedia":[{"embeddable":true,"href":"https:\/\/www.europesays.com\/fi\/wp-json\/wp\/v2\/media\/138002"}],"wp:attachment":[{"href":"https:\/\/www.europesays.com\/fi\/wp-json\/wp\/v2\/media?parent=138001"}],"wp:term":[{"taxonomy":"category","embeddable":true,"href":"https:\/\/www.europesays.com\/fi\/wp-json\/wp\/v2\/categories?post=138001"},{"taxonomy":"post_tag","embeddable":true,"href":"https:\/\/www.europesays.com\/fi\/wp-json\/wp\/v2\/tags?post=138001"}],"curies":[{"name":"wp","href":"https:\/\/api.w.org\/{rel}","templated":true}]}}