{"id":138005,"date":"2026-01-09T20:03:07","date_gmt":"2026-01-09T20:03:07","guid":{"rendered":"https:\/\/www.europesays.com\/fi\/138005\/"},"modified":"2026-01-09T20:03:07","modified_gmt":"2026-01-09T20:03:07","slug":"olli-jokinen-raivona-mtvn-suorassa-lahetyksessa-raju-purkaus-tallentui-kameraan","status":"publish","type":"post","link":"https:\/\/www.europesays.com\/fi\/138005\/","title":{"rendered":"Olli Jokinen raivona MTV:n suorassa l\u00e4hetyksess\u00e4 \u2013 raju purkaus tallentui kameraan"},"content":{"rendered":"<p>Hugo Alnefelt loukkaantui pelottavasti.<\/p>\n<p class=\"article-body mb-nof-24 px-nof-16\">Helsingin IFK:n p\u00e4\u00e4valmentaja <a class=\"font-bold underline-offset-[0.12em] [text-decoration:var(--person-link-text-decoration)] ![text-decoration-color:var(--person-link-text-decoration-color)]\" href=\"https:\/\/www.is.fi\/haku\/?query=Olli%20Jokinen\" rel=\"nofollow noopener\" target=\"_blank\">Olli Jokinen<\/a> k\u00e4vi todella kuumana tuomaristolle tilanteesta, jossa IFK:n maalivahti <a class=\"font-bold underline-offset-[0.12em] [text-decoration:var(--person-link-text-decoration)] ![text-decoration-color:var(--person-link-text-decoration-color)]\" href=\"https:\/\/www.is.fi\/haku\/?query=Hugo%20Alnefelt\" rel=\"nofollow noopener\" target=\"_blank\">Hugo Alnefelt<\/a> loukkaantui pelottavasti.<\/p>\n<p class=\"article-body mb-nof-24 px-nof-16\">Tampereen Ilveksen <a class=\"font-bold underline-offset-[0.12em] [text-decoration:var(--person-link-text-decoration)] ![text-decoration-color:var(--person-link-text-decoration-color)]\" href=\"https:\/\/www.is.fi\/haku\/?query=Teemu%20Engberg\" rel=\"nofollow noopener\" target=\"_blank\">Teemu Engberg<\/a> ajoi perjantaisen ottelun avauser\u00e4ss\u00e4 IFK:n maalille, ja ryt\u00e4k\u00e4ss\u00e4 h\u00e4nen jalkansa osui Alnefeltia rajusti p\u00e4\u00e4h\u00e4n. Alnefelt loukkaantui tilanteessa ja makoili j\u00e4\u00e4n pinnassa kauan, kunnes h\u00e4net vietiin paareilla pois.<\/p>\n<p><img decoding=\"async\" src=\"https:\/\/www.europesays.com\/fi\/wp-content\/uploads\/2026\/01\/1767988987_643_468.jpg\" alt=\"\" class=\"_Img_1rerz_1\" style=\"aspect-ratio:1.4814814814814814\" loading=\"eager\"\/><\/p>\n<p class=\"article-body mb-nof-24 px-nof-16\">Engbergille ei tuomittu tilanteesta j\u00e4\u00e4hy\u00e4, mik\u00e4 sai Jokisen suuttumaan. MTV Katsomon suorassa ottelul\u00e4hetyksess\u00e4 n\u00e4ytettiin tuomarin kyp\u00e4r\u00e4kameran tallentama video, jossa Jokinen laukoo valittuja sanoja vaihtopenkilt\u00e4.<\/p>\n<p class=\"article-body mb-nof-24 px-nof-16\">\u2013 Teid\u00e4n mielest\u00e4 ei ole j\u00e4\u00e4hy. Suoraan tulee siniselle alueelle, ei ole molarin alueen ulkopuolella. Eik\u00f6 se ole se sininen, jossa maalivahtia pit\u00e4isi suojella? Jokinen sanoo tuomarille videolla.<\/p>\n<p class=\"article-body mb-nof-24 px-nof-16\">Tuomariston tulkinnan mukaan Engbergin liike ei ollut suoraan Alnefeltia kohti vaan h\u00e4n l\u00e4hti tekem\u00e4\u00e4n harhautusta sivulle.<\/p>\n<p class=\"article-body mb-nof-24 px-nof-16\">\u2013 Ymm\u00e4rt\u00e4isin sen, jos meid\u00e4n \u00e4ij\u00e4 ty\u00f6nt\u00e4isi sen sinne, mutta meid\u00e4n \u00e4ij\u00e4 ei ole siin\u00e4 l\u00e4hell\u00e4k\u00e4\u00e4n. Siin\u00e4 ei ollut mink\u00e4\u00e4nlaista kontaktia meid\u00e4n pelaajalta, Jokinen jatkaa.<\/p>\n<p class=\"article-body mb-nof-24 px-nof-16\">Lopuksi Jokinen heitti viel\u00e4 uhkauksen, ett\u00e4 sama voi sattua pian Ilveksen p\u00e4\u00e4dyss\u00e4.<\/p>\n<p class=\"article-body mb-nof-24 px-nof-16\">\u2013 Asia selv\u00e4. \u00c4l\u00e4 sitten vihell\u00e4, kun tulee tuonne toiselle puolelle ihan t\u00e4ysin samanlaisia koko ilta.<\/p>\n<p class=\"article-body mb-nof-24 px-nof-16\">IFK:n ja Ilveksen v\u00e4linen ottelu on kesken. IFK johtaa sit\u00e4 toisessa er\u00e4ss\u00e4 1\u20130 <a class=\"font-bold underline-offset-[0.12em] [text-decoration:var(--person-link-text-decoration)] ![text-decoration-color:var(--person-link-text-decoration-color)]\" href=\"https:\/\/www.is.fi\/haku\/?query=Petr%20Kodytekin\" rel=\"nofollow noopener\" target=\"_blank\">Petr Kodytekin <\/a>maalilla.<\/p>\n","protected":false},"excerpt":{"rendered":"Hugo Alnefelt loukkaantui pelottavasti. Helsingin IFK:n p\u00e4\u00e4valmentaja Olli Jokinen k\u00e4vi todella kuumana tuomaristolle tilanteesta, jossa IFK:n maalivahti Hugo&hellip;\n","protected":false},"author":2,"featured_media":138006,"comment_status":"","ping_status":"","sticky":false,"template":"","format":"standard","meta":{"footnotes":""},"categories":[136],"tags":[407,137,33,31,30,34,408,32,109],"class_list":{"0":"post-138005","1":"post","2":"type-post","3":"status-publish","4":"format-standard","5":"has-post-thumbnail","7":"category-julkkikset","8":"tag-celebrities","9":"tag-entertainment","10":"tag-fi","11":"tag-finland","12":"tag-finnish","13":"tag-ilta-sanomat","14":"tag-julkkikset","15":"tag-suomi","16":"tag-viihde"},"share_on_mastodon":{"url":"https:\/\/pubeurope.com\/@fi\/115866933858456010","error":""},"_links":{"self":[{"href":"https:\/\/www.europesays.com\/fi\/wp-json\/wp\/v2\/posts\/138005","targetHints":{"allow":["GET"]}}],"collection":[{"href":"https:\/\/www.europesays.com\/fi\/wp-json\/wp\/v2\/posts"}],"about":[{"href":"https:\/\/www.europesays.com\/fi\/wp-json\/wp\/v2\/types\/post"}],"author":[{"embeddable":true,"href":"https:\/\/www.europesays.com\/fi\/wp-json\/wp\/v2\/users\/2"}],"replies":[{"embeddable":true,"href":"https:\/\/www.europesays.com\/fi\/wp-json\/wp\/v2\/comments?post=138005"}],"version-history":[{"count":0,"href":"https:\/\/www.europesays.com\/fi\/wp-json\/wp\/v2\/posts\/138005\/revisions"}],"wp:featuredmedia":[{"embeddable":true,"href":"https:\/\/www.europesays.com\/fi\/wp-json\/wp\/v2\/media\/138006"}],"wp:attachment":[{"href":"https:\/\/www.europesays.com\/fi\/wp-json\/wp\/v2\/media?parent=138005"}],"wp:term":[{"taxonomy":"category","embeddable":true,"href":"https:\/\/www.europesays.com\/fi\/wp-json\/wp\/v2\/categories?post=138005"},{"taxonomy":"post_tag","embeddable":true,"href":"https:\/\/www.europesays.com\/fi\/wp-json\/wp\/v2\/tags?post=138005"}],"curies":[{"name":"wp","href":"https:\/\/api.w.org\/{rel}","templated":true}]}}