{"id":138009,"date":"2026-01-09T20:08:06","date_gmt":"2026-01-09T20:08:06","guid":{"rendered":"https:\/\/www.europesays.com\/fi\/138009\/"},"modified":"2026-01-09T20:08:06","modified_gmt":"2026-01-09T20:08:06","slug":"katastrofileffan-jatko-osasta-on-tulossa-katastrofi-kallis-leffa-ei-tienannut-ennakkonaytoksissa-lahes-mitaan","status":"publish","type":"post","link":"https:\/\/www.europesays.com\/fi\/138009\/","title":{"rendered":"Katastrofileffan jatko-osasta on tulossa katastrofi \u2013 kallis leffa ei tienannut ennakkon\u00e4yt\u00f6ksiss\u00e4 l\u00e4hes mit\u00e4\u00e4n"},"content":{"rendered":"<p>Yleens\u00e4 ennakkon\u00e4yt\u00f6kset kertovat mit\u00e4 ensi-iltaviikonloppu on tuomassa tullessaan.<\/p>\n<p>Korona-aikana tehty<strong> Gerard Butlerin <\/strong>t\u00e4hditt\u00e4m\u00e4 Greenland oli kohtalaisen kokoinen hitti, joten jatkoahan sille piti saada.<\/p>\n<p>Lue my\u00f6s: <a href=\"https:\/\/www.episodi.fi\/uutiset\/traileri-katastrofileffa-saa-jatkoa-talta-nayttaa-migraatio-maailmanlopun-keskella\/\" title=\"Traileri: katastrofileffa saa jatkoa \u2013 t\u00e4lt\u00e4 n\u00e4ytt\u00e4\u00e4 migraatio maailmanlopun keskell\u00e4\" class=\"underline-custom !font-montserrat !font-bold !underline-offset-4 !decoration-4 !decoration-episodi-blue !text-md\" rel=\"nofollow noopener\" target=\"_blank\">Traileri: katastrofileffa saa jatkoa \u2013 t\u00e4lt\u00e4 n\u00e4ytt\u00e4\u00e4 migraatio maailmanlopun keskell\u00e4<\/a><\/p>\n<p>Lue my\u00f6s: <a href=\"https:\/\/www.episodi.fi\/uutiset\/homelo-katastrofileffa-greenland-on-saamassa-jatkoa-katso-traileri\/\" title=\"H\u00f6mel\u00f6 katastrofileffa Greenland on saamassa jatkoa \u2013 katso traileri\" class=\"underline-custom !font-montserrat !font-bold !underline-offset-4 !decoration-4 !decoration-episodi-blue !text-md\" rel=\"nofollow noopener\" target=\"_blank\">H\u00f6mel\u00f6 katastrofileffa Greenland on saamassa jatkoa \u2013 katso traileri<\/a><\/p>\n<p>Greenland 2: Migration on saamassa USA:ssa ensi-iltansa ensi viikonloppuna. Suomessa leffan ensi-ilta on vasta 6. helmikuuta.<\/p>\n<p>Greenland 2:n budjetti on jostain syyst\u00e4 niinkin suuri kuin 90 miljoonaa dollaria plus markkinointi.<\/p>\n<p>Leffa onnistui kuitenkin tienaamaan vain 900\u00a0000 dollaria ennakoissa. T\u00e4m\u00e4 tiet\u00e4\u00e4 yleens\u00e4 hurjaa katastrofia ensi-iltaviikonloppuna.<\/p>\n<p>On my\u00f6s yleisess\u00e4 tiedossa, ett\u00e4 Hollywood hylk\u00e4\u00e4 floppielokuvansa juuri tammikuulle, joten nyt pit\u00e4\u00e4 kysy\u00e4, ett\u00e4 miksi ihmeess\u00e4 Lionsgate on k\u00e4ytt\u00e4nyt n\u00e4in paljon rahaa t\u00e4h\u00e4n elokuvaan?<\/p>\n<p>Lionsgate on nimitt\u00e4in taloudellisessa kriisiss\u00e4. Sen viime aikaiset elokuvat ovat flopanneet. Ehk\u00e4 tuleva <strong>Michael Jackson<\/strong> -el\u00e4m\u00e4kerta pelastaa tilanteen?<\/p>\n<p>Lionsgate perui Greenland 2:n Kanadan ensi-illan kokonaan. K\u00e4yk\u00f6 sama Suomessa?<\/p>\n<p>L\u00e4hde: <a href=\"https:\/\/www.worldofreel.com\/blog\/2026\/1\/7\/how-did-gerard-butlers-greenland-migration-actually-cost-90m\" target=\"_blank\" rel=\"noreferrer noopener nofollow\">World of Reel<\/a><\/p>\n<p>Lue my\u00f6s: <a href=\"https:\/\/www.episodi.fi\/uutiskirje\/?uutiskirjemainos=tekstilinkkimainos\" title=\"Tilaa Episodin uutiskirje ja voit voittaa leffalippuja! Nappaa tv-vinkit suoraan s\u00e4hk\u00f6postiin t\u00e4st\u00e4.\" class=\"underline-custom !font-montserrat !font-bold !underline-offset-4 !decoration-4 !decoration-episodi-blue !text-md\" rel=\"nofollow noopener\" target=\"_blank\">Tilaa Episodin uutiskirje ja voit voittaa leffalippuja! Nappaa katseluvinkit suoraan s\u00e4hk\u00f6postiin t\u00e4st\u00e4.<\/a><\/p>\n","protected":false},"excerpt":{"rendered":"Yleens\u00e4 ennakkon\u00e4yt\u00f6kset kertovat mit\u00e4 ensi-iltaviikonloppu on tuomassa tullessaan. Korona-aikana tehty Gerard Butlerin t\u00e4hditt\u00e4m\u00e4 Greenland oli kohtalaisen kokoinen hitti,&hellip;\n","protected":false},"author":2,"featured_media":116175,"comment_status":"","ping_status":"","sticky":false,"template":"","format":"standard","meta":{"footnotes":""},"categories":[131],"tags":[155,137,33,173,31,30,8413,11686,6210,172,32,109],"class_list":{"0":"post-138009","1":"post","2":"type-post","3":"status-publish","4":"format-standard","5":"has-post-thumbnail","7":"category-elokuvat","8":"tag-elokuvat","9":"tag-entertainment","10":"tag-fi","11":"tag-film","12":"tag-finland","13":"tag-finnish","14":"tag-gerard-butler","15":"tag-greenland-2-migration","16":"tag-lippukassat","17":"tag-movies","18":"tag-suomi","19":"tag-viihde"},"share_on_mastodon":{"url":"https:\/\/pubeurope.com\/@fi\/115866953540698828","error":""},"_links":{"self":[{"href":"https:\/\/www.europesays.com\/fi\/wp-json\/wp\/v2\/posts\/138009","targetHints":{"allow":["GET"]}}],"collection":[{"href":"https:\/\/www.europesays.com\/fi\/wp-json\/wp\/v2\/posts"}],"about":[{"href":"https:\/\/www.europesays.com\/fi\/wp-json\/wp\/v2\/types\/post"}],"author":[{"embeddable":true,"href":"https:\/\/www.europesays.com\/fi\/wp-json\/wp\/v2\/users\/2"}],"replies":[{"embeddable":true,"href":"https:\/\/www.europesays.com\/fi\/wp-json\/wp\/v2\/comments?post=138009"}],"version-history":[{"count":0,"href":"https:\/\/www.europesays.com\/fi\/wp-json\/wp\/v2\/posts\/138009\/revisions"}],"wp:featuredmedia":[{"embeddable":true,"href":"https:\/\/www.europesays.com\/fi\/wp-json\/wp\/v2\/media\/116175"}],"wp:attachment":[{"href":"https:\/\/www.europesays.com\/fi\/wp-json\/wp\/v2\/media?parent=138009"}],"wp:term":[{"taxonomy":"category","embeddable":true,"href":"https:\/\/www.europesays.com\/fi\/wp-json\/wp\/v2\/categories?post=138009"},{"taxonomy":"post_tag","embeddable":true,"href":"https:\/\/www.europesays.com\/fi\/wp-json\/wp\/v2\/tags?post=138009"}],"curies":[{"name":"wp","href":"https:\/\/api.w.org\/{rel}","templated":true}]}}