{"id":138021,"date":"2026-01-09T20:29:09","date_gmt":"2026-01-09T20:29:09","guid":{"rendered":"https:\/\/www.europesays.com\/fi\/138021\/"},"modified":"2026-01-09T20:29:09","modified_gmt":"2026-01-09T20:29:09","slug":"oma-lapsi-lahetti-kamalan-kirjeen-beckhamille-nama-sanat-siina-oli","status":"publish","type":"post","link":"https:\/\/www.europesays.com\/fi\/138021\/","title":{"rendered":"Oma lapsi l\u00e4hetti kamalan kirjeen Beckhamille \u2013 N\u00e4m\u00e4 sanat siin\u00e4 oli"},"content":{"rendered":"<p>Beckhamien v\u00e4lirikolle ei n\u00e4y loppua. <\/p>\n<p><img decoding=\"async\" class=\"image image-show image-preview\" src=\"https:\/\/www.europesays.com\/fi\/wp-content\/uploads\/2025\/10\/fcfc22970017372f09a651d3143943638ce2cd28f0f0d173d9ac819cd84716c6.jpg\" alt=\"\"\/><img decoding=\"async\" class=\"image image-show\" src=\"https:\/\/www.europesays.com\/fi\/wp-content\/uploads\/2025\/10\/1759995668_968_fcfc22970017372f09a651d3143943638ce2cd28f0f0d173d9ac819cd84716c6.jpg\" alt=\"\"\/><\/p>\n<p>David ja Victoria Beckham ovat riidoissa vanhimman poikansa kanssa.  AOP<\/p>\n<p class=\"paragraph\">Beckhamien perheen riitaisuus ei ota loppuakseen. Riidan osapuolet ovat perheen vanhin lapsi <a href=\"https:\/\/www.iltalehti.fi\/henkilot\/Brooklyn Beckham\" class=\"article-link-person-page\" rel=\"nofollow noopener\" target=\"_blank\">Brooklyn Beckham<\/a> ja kaikki muut Beckhamit.<\/p>\n<p class=\"paragraph\">Riitely alkoi viime vuoden puolella, ja nyt <a href=\"https:\/\/www.telegraph.co.uk\/news\/2026\/01\/09\/brooklyn-beckham-family-feud-lawyers-david-victoria\/\" rel=\"noopener nofollow\" target=\"_blank\">The Telegraph<\/a> kertoo kirjeest\u00e4, jonka Brooklyn l\u00e4hetti vanhemmilleen.<\/p>\n<p class=\"paragraph\">Kirjeess\u00e4 Brooklyn pyysi, ett\u00e4 vanhemmat <strong>David<\/strong> ja Victoria Beckham olisivat jatkossa yhteydess\u00e4 h\u00e4neen vain asianajajan v\u00e4lityksell\u00e4. Samalla Brooklyn toivoi, etteiv\u00e4t vanhemmat merkitsisi h\u00e4nt\u00e4 sosiaalisen median kuviin.<\/p>\n<p class=\"paragraph\">Brooklyn esti \u00e4itins\u00e4 Instagramissa, kun t\u00e4m\u00e4 oli kiellosta huolimatta tyk\u00e4nnyt Brooklynin julkaisemasta kokkailuvideosta.<\/p>\n<p class=\"paragraph\">Alun perin luultiin, ett\u00e4 Beckhamit olisivat lakanneet seuraamasta poikaansa, mutta <a href=\"https:\/\/www.iltalehti.fi\/henkilot\/Cruz Beckham\" class=\"article-link-person-page\" rel=\"nofollow noopener\" target=\"_blank\">Cruz Beckham<\/a> sanoi, ettei n\u00e4in ole. Brooklyn on yksinkertaisesti est\u00e4nyt perheen somessa. Muuten perhe ei ole kommentoinut riitaa.<\/p>\n<p class=\"paragraph\">Tarkalleen ei ole tiedossa, mist\u00e4 riita sai alkunsa, mutta David Beckhamin 50-vuotisjuhlissa viime toukokuussa Brooklyni\u00e4 ei n\u00e4hty. Perheen muut lapset olivat paikalla.<\/p>\n<p class=\"paragraph\">Riidan v\u00e4itet\u00e4\u00e4n johtuvan Brooklynin avioliitosta perij\u00e4t\u00e4r <strong><strong>Nicola Peltzin<\/strong><\/strong> kanssa. Mirrorin saamien tietojen mukaan David ja Victoria kokevat, ett\u00e4 Nicola erist\u00e4\u00e4 poikaansa paitsi heilt\u00e4 my\u00f6s muulta perheelt\u00e4\u00e4n sek\u00e4 yst\u00e4vilt\u00e4\u00e4n.<\/p>\n<p class=\"paragraph\">Nicolaa l\u00e4hell\u00e4 olevat henkil\u00f6t puolestaan v\u00e4itt\u00e4v\u00e4t, ett\u00e4 Nicola on auttanut Brooklynia tunnistamaan perheens\u00e4 emotionaalisen hyv\u00e4ksik\u00e4yt\u00f6n sek\u00e4 myrkyllisen k\u00e4yt\u00f6ksen.<\/p>\n<p class=\"paragraph\">Nicola ja Brooklyn <a href=\"https:\/\/www.iltalehti.fi\/viihdeuutiset\/41a7f174-8e56-406d-a6f3-916b9a7a0c5e\" rel=\"nofollow noopener\" target=\"_blank\">uusivat vihkivalansa<\/a> viime kes\u00e4n\u00e4. Ket\u00e4\u00e4n Beckhameista ei ollut kutsuttu paikalle, eiv\u00e4tk\u00e4 he olleet edes tietoisia juhlista.<\/p>\n<p class=\"paragraph\">L\u00e4hteen mukaan my\u00f6s Brooklynin isovanhemmat olivat p\u00f6yristyneit\u00e4 tilanteesta. Brooklynill\u00e4 ja isovanhemmilla on ollut hyv\u00e4t v\u00e4lit kesken\u00e4\u00e4n.<\/p>\n<p class=\"paragraph\">Brooklyn ja Nicola meniv\u00e4t naimisiin vuonna 2022.<\/p>\n<p>Brooklyn ja Nicola asuvat Yhdysvalloissa.  AOP<\/p>\n","protected":false},"excerpt":{"rendered":"Beckhamien v\u00e4lirikolle ei n\u00e4y loppua. David ja Victoria Beckham ovat riidoissa vanhimman poikansa kanssa. AOP Beckhamien perheen riitaisuus&hellip;\n","protected":false},"author":2,"featured_media":56939,"comment_status":"","ping_status":"","sticky":false,"template":"","format":"standard","meta":{"footnotes":""},"categories":[136],"tags":[35,407,137,33,31,30,101,43,408,99,100,98,32,109],"class_list":{"0":"post-138021","1":"post","2":"type-post","3":"status-publish","4":"format-standard","5":"has-post-thumbnail","7":"category-julkkikset","8":"tag-24h","9":"tag-celebrities","10":"tag-entertainment","11":"tag-fi","12":"tag-finland","13":"tag-finnish","14":"tag-ihmissuhteet","15":"tag-jalkapallo","16":"tag-julkkikset","17":"tag-lapset","18":"tag-lapset-ja-nuoret","19":"tag-perhe","20":"tag-suomi","21":"tag-viihde"},"share_on_mastodon":{"url":"https:\/\/pubeurope.com\/@fi\/115867036124317649","error":""},"_links":{"self":[{"href":"https:\/\/www.europesays.com\/fi\/wp-json\/wp\/v2\/posts\/138021","targetHints":{"allow":["GET"]}}],"collection":[{"href":"https:\/\/www.europesays.com\/fi\/wp-json\/wp\/v2\/posts"}],"about":[{"href":"https:\/\/www.europesays.com\/fi\/wp-json\/wp\/v2\/types\/post"}],"author":[{"embeddable":true,"href":"https:\/\/www.europesays.com\/fi\/wp-json\/wp\/v2\/users\/2"}],"replies":[{"embeddable":true,"href":"https:\/\/www.europesays.com\/fi\/wp-json\/wp\/v2\/comments?post=138021"}],"version-history":[{"count":0,"href":"https:\/\/www.europesays.com\/fi\/wp-json\/wp\/v2\/posts\/138021\/revisions"}],"wp:featuredmedia":[{"embeddable":true,"href":"https:\/\/www.europesays.com\/fi\/wp-json\/wp\/v2\/media\/56939"}],"wp:attachment":[{"href":"https:\/\/www.europesays.com\/fi\/wp-json\/wp\/v2\/media?parent=138021"}],"wp:term":[{"taxonomy":"category","embeddable":true,"href":"https:\/\/www.europesays.com\/fi\/wp-json\/wp\/v2\/categories?post=138021"},{"taxonomy":"post_tag","embeddable":true,"href":"https:\/\/www.europesays.com\/fi\/wp-json\/wp\/v2\/tags?post=138021"}],"curies":[{"name":"wp","href":"https:\/\/api.w.org\/{rel}","templated":true}]}}