{"id":138026,"date":"2026-01-09T20:40:16","date_gmt":"2026-01-09T20:40:16","guid":{"rendered":"https:\/\/www.europesays.com\/fi\/138026\/"},"modified":"2026-01-09T20:40:16","modified_gmt":"2026-01-09T20:40:16","slug":"maailman-turvattomuus-uhkaa-hyydyttaa-kauan-odotetun-suomen-talouden-kasvun","status":"publish","type":"post","link":"https:\/\/www.europesays.com\/fi\/138026\/","title":{"rendered":"Maailman turvattomuus uhkaa hyydytt\u00e4\u00e4 kauan odotetun Suomen talouden kasvun"},"content":{"rendered":"<p>    <img decoding=\"async\" class=\"responsive-image article__opinion-image-image lozad\"   src=\"https:\/\/www.europesays.com\/fi\/wp-content\/uploads\/2026\/01\/tv_25D1YvxG76itF03TOV1JWzijwKA7yKbrxLWTTT6uA0Ykjd9-TreFIblid0IguLJwQAg2SaMfkkoCQcQP23-txx43vjWI0jbry.jpeg\" alt=\"-\"\/><\/p>\n<p class=\"article__opinion-first-paragraph\">\n      Aluksi hyv\u00e4t uutiset. Meill\u00e4 suomalaisilla on nyt rutkasti rahaa pankissa.\n    <\/p>\n<p class=\"article__opinion-paragraph\">\n      Marraskuun lopussa kotitalouksien talletusten m\u00e4\u00e4r\u00e4 nousi kaikkien aikojen enn\u00e4tykseen l\u00e4hes 116 miljardiin euroon.\n    <\/p>\n<p class=\"article__opinion-paragraph\">\n      Kotimainen Helsingin p\u00f6rssi oli viime vuoden rajussa vedossa. Pitk\u00e4n vaisun kehityksen j\u00e4lkeen kurssinousu oli osinkotuotto mukaan laskien 35 prosenttia. Valtaosa maailman p\u00f6rsseist\u00e4 j\u00e4i j\u00e4lkeen.\n    <\/p>\n<p class=\"article__opinion-paragraph\">\n      Se kertoo uskosta ja luottamuksesta suomalaisiin yrityksiin. Sen pit\u00e4isi enteill\u00e4 kauan odotetun talouskasvun k\u00e4ynnistymist\u00e4 t\u00e4n\u00e4 vuonna.\n    <\/p>\n<p class=\"article__opinion-paragraph\">\n      Sitten ne huonommat uutiset. Kun raha makaa pankkitalletuksissa, se ei kierr\u00e4 talouden rattaissa.\n    <\/p>\n<p class=\"article__opinion-paragraph\">\n      Pankeista raha ei l\u00e4hde liukkaasti kiertoon eteenp\u00e4in. Lainoille ei ole kysynt\u00e4\u00e4. Lis\u00e4ksi pankkien lainanantoa rajoittaa EU:n tiukka s\u00e4\u00e4ntely.\n    <\/p>\n<p class=\"article__opinion-paragraph\">\n      Autokauppa laahaa kuin Ven\u00e4j\u00e4n varjolaivaston ankkurit It\u00e4merell\u00e4. Uusia henkil\u00f6autoja rekister\u00f6itiin viime vuonna 72 000. Pit\u00e4\u00e4 menn\u00e4 lamavuoteen 1994 asti, ett\u00e4 l\u00f6ytyy yht\u00e4 surkea myyntiluku.\n    <\/p>\n<p class=\"article__opinion-paragraph\">\n      Asuntokauppa l\u00e4hti hitaasti elpym\u00e4\u00e4n vuoden 2023 kuopasta. Nyt varovainen nousu n\u00e4ytt\u00e4\u00e4 tyss\u00e4nneen.\n    <\/p>\n<p class=\"article__opinion-paragraph\">\n      Asuntojen hinnat ovat loppuvuonna monin paikoin laskeneet eik\u00e4 merkitt\u00e4v\u00e4\u00e4 vahvistumista ole n\u00e4k\u00f6piiriss\u00e4.\n    <\/p>\n<p class=\"article__opinion-paragraph\">\n      Ihmiset kokevat k\u00f6yhtyneens\u00e4, kun p\u00e4\u00e4osa omistuksesta on kiinni asunnossa, jonka arvo on alentunut viimeksi kuluneina vuosina rajusti. L\u00e4hi-Tapiolan ekonomisti Hannu Nummiaro pit\u00e4\u00e4 t\u00e4t\u00e4 yhten\u00e4 suurimpana syyn\u00e4 siihen, ett\u00e4 kansalaiset eiv\u00e4t kuluta.\n    <\/p>\n<p class=\"article__opinion-paragraph\">\n      Toinen v\u00e4hint\u00e4\u00e4n yht\u00e4 suuri syyllinen l\u00f6ytyy rapakon takaa.\n    <\/p>\n<p class=\"article__opinion-paragraph\">\n      Jo viime vuodeksi odotettu talouskasvu kuoli Donald Trumpin viimekev\u00e4iseen tullisekoiluun. Se sumensi talouden n\u00e4kym\u00e4t.\n    <\/p>\n<p class=\"article__opinion-paragraph\">\n      Kansalaisille se merkitsi ty\u00f6tt\u00f6myyden pelkoa. Rahaa alettiin laittaa kulutuksen sijasta sukan varteen.\n    <\/p>\n<p class=\"article__opinion-paragraph\">\n      Sama mies on asialla t\u00e4m\u00e4n vuoden alussa. Itsen\u00e4isen maan Venezuelan presidentin pid\u00e4tt\u00e4minen rikkoo r\u00e4ike\u00e4sti kansainv\u00e4list\u00e4 oikeutta, vaikka diktaattoria j\u00e4\u00e4 harva kaipaamaan.\n    <\/p>\n<p class=\"article__opinion-paragraph\">\n      Viel\u00e4 suurempaa ep\u00e4varmuutta aiheuttavat Trumpin toistuvat Gr\u00f6nlantiin liittyv\u00e4t k\u00e4sitt\u00e4m\u00e4tt\u00f6m\u00e4t uhkaukset. Eurooppalaisten mielialojen yll\u00e4 leijuu Gr\u00f6nlannin j\u00e4\u00e4tik\u00f6n kokoinen kylm\u00e4 m\u00f6hk\u00e4le.\n    <\/p>\n<p class=\"article__opinion-paragraph\">\n      Ei siin\u00e4 huvita auto- tai asuntokaupoille, kun saa el\u00e4\u00e4 oman ty\u00f6paikkansa menetyksen ja maailmanpalon odotuksessa.\n    <\/p>\n<p class=\"article__opinion-paragraph\">\n      N\u00e4ytt\u00e4\u00e4 silt\u00e4, ett\u00e4 ties monenneko kerran talouden horisontissa siint\u00e4v\u00e4 Suomen talouskasvu on j\u00e4lleen peruutettu.\n    <\/p>\n<p class=\"article__opinion-paragraph\">\n      Sota Ukrainassa on j\u00e4\u00e4nyt Trumpin uhittelujen vuoksi hetkeksi taka-alalle. Se jatkuu, eik\u00e4 rauha n\u00e4kyvist\u00e4 ponnisteluista huolimatta n\u00e4yt\u00e4 olevan oven takana.\n    <\/p>\n<p class=\"article__opinion-paragraph\">\n      Se on omiaan madaltamaan mieli\u00e4 lis\u00e4\u00e4.\n    <\/p>\n<p class=\"article__opinion-paragraph\">\n      Suomi n\u00e4ytt\u00e4\u00e4 k\u00e4rsiv\u00e4n muuta Eurooppaa enemm\u00e4n kaikesta t\u00e4st\u00e4. Nousimme Euroopan tilastoviranomaisen Eurostatin tuoreimmissa marraskuun ty\u00f6tt\u00f6myystilastoissa kyseenalaiselle Euroopan k\u00e4rkipaikalle. Ty\u00f6voimasta 10,6 prosenttia on ty\u00f6t\u00e4 vailla.\n    <\/p>\n<p class=\"article__opinion-paragraph\">\n      Suomea vet\u00e4\u00e4 osaltaan alas 1\u202f350 kilometri\u00e4 yhteist\u00e4 rajaa Ven\u00e4j\u00e4n kanssa. Id\u00e4nkauppa on loppunut. Lis\u00e4ksi turvallisuus huolettaa Suomessa enemm\u00e4n kuin vaikkapa Portugalissa.\n    <\/p>\n<p class=\"article__opinion-paragraph\">\n      Helsinkil\u00e4inen tuttavani piipahti vuoden vaihteessa perheineen Tukholmassa. Kertoivat h\u00e4mm\u00e4styneens\u00e4 siit\u00e4, ett\u00e4 kadut tulveksivat ostoksilla olevia ihmisi\u00e4. Kahviloihin ja ravintoloihin jonotettiin. Ihmisten huulilla oli hymy.\n    <\/p>\n<p class=\"article__opinion-paragraph\">\n      Muutaman ihmisen havainnosta ei voi liikaa p\u00e4\u00e4tell\u00e4, mutta ei niit\u00e4 kannata v\u00e4heksy\u00e4. Olemme Suomessa juuttuneet surkeuteen.\n    <\/p>\n<p class=\"article__opinion-paragraph\">\n      Talouden tulppa pysyy kiinni niin kauan kuin pelk\u00e4\u00e4mme, varaudumme ja s\u00e4\u00e4st\u00e4mme.\n    <\/p>\n<p class=\"article__opinion-paragraph\">\n      Kasvusta suurin osa syntyy meid\u00e4n tavallisten ihmisten ostoksista: pienist\u00e4 ja suurista.\n    <\/p>\n<p class=\"article__opinion-paragraph\">\n      Maailma ymp\u00e4rill\u00e4mme on ep\u00e4vakaampi kuin aikoihin. Ei t\u00e4m\u00e4 silti maailmanloppu ole.\n    <\/p>\n<p class=\"article__opinion-paragraph\">\n      Ep\u00e4vakaus on uusi normaali, jonka kanssa meid\u00e4n pit\u00e4\u00e4 oppia el\u00e4m\u00e4\u00e4n.\n    <\/p>\n<p>\n      Kirjoittaja on vastaava p\u00e4\u00e4toimittaja.\n    <\/p>\n","protected":false},"excerpt":{"rendered":"Aluksi hyv\u00e4t uutiset. Meill\u00e4 suomalaisilla on nyt rutkasti rahaa pankissa. Marraskuun lopussa kotitalouksien talletusten m\u00e4\u00e4r\u00e4 nousi kaikkien aikojen&hellip;\n","protected":false},"author":2,"featured_media":138027,"comment_status":"","ping_status":"","sticky":false,"template":"","format":"standard","meta":{"footnotes":""},"categories":[76],"tags":[79,77,33,31,30,32,78],"class_list":{"0":"post-138026","1":"post","2":"type-post","3":"status-publish","4":"format-standard","5":"has-post-thumbnail","7":"category-talous","8":"tag-business","9":"tag-economy","10":"tag-fi","11":"tag-finland","12":"tag-finnish","13":"tag-suomi","14":"tag-talous"},"share_on_mastodon":{"url":"https:\/\/pubeurope.com\/@fi\/115867079385952901","error":""},"_links":{"self":[{"href":"https:\/\/www.europesays.com\/fi\/wp-json\/wp\/v2\/posts\/138026","targetHints":{"allow":["GET"]}}],"collection":[{"href":"https:\/\/www.europesays.com\/fi\/wp-json\/wp\/v2\/posts"}],"about":[{"href":"https:\/\/www.europesays.com\/fi\/wp-json\/wp\/v2\/types\/post"}],"author":[{"embeddable":true,"href":"https:\/\/www.europesays.com\/fi\/wp-json\/wp\/v2\/users\/2"}],"replies":[{"embeddable":true,"href":"https:\/\/www.europesays.com\/fi\/wp-json\/wp\/v2\/comments?post=138026"}],"version-history":[{"count":0,"href":"https:\/\/www.europesays.com\/fi\/wp-json\/wp\/v2\/posts\/138026\/revisions"}],"wp:featuredmedia":[{"embeddable":true,"href":"https:\/\/www.europesays.com\/fi\/wp-json\/wp\/v2\/media\/138027"}],"wp:attachment":[{"href":"https:\/\/www.europesays.com\/fi\/wp-json\/wp\/v2\/media?parent=138026"}],"wp:term":[{"taxonomy":"category","embeddable":true,"href":"https:\/\/www.europesays.com\/fi\/wp-json\/wp\/v2\/categories?post=138026"},{"taxonomy":"post_tag","embeddable":true,"href":"https:\/\/www.europesays.com\/fi\/wp-json\/wp\/v2\/tags?post=138026"}],"curies":[{"name":"wp","href":"https:\/\/api.w.org\/{rel}","templated":true}]}}