{"id":138033,"date":"2026-01-09T20:55:08","date_gmt":"2026-01-09T20:55:08","guid":{"rendered":"https:\/\/www.europesays.com\/fi\/138033\/"},"modified":"2026-01-09T20:55:08","modified_gmt":"2026-01-09T20:55:08","slug":"taydelliset-naiset-tahti-julkaisi-videon-kasvoistaan-seuraajat-jarkyttyivat","status":"publish","type":"post","link":"https:\/\/www.europesays.com\/fi\/138033\/","title":{"rendered":"T\u00e4ydelliset naiset -t\u00e4hti julkaisi videon kasvoistaan \u2013 Seuraajat j\u00e4rkyttyiv\u00e4t"},"content":{"rendered":"<p>Bethenny Frankel paljasti terveyskuulumisensa sosiaalisessa mediassa.<\/p>\n<p><img decoding=\"async\" class=\"image image-show image-preview\" src=\"https:\/\/www.europesays.com\/fi\/wp-content\/uploads\/2026\/01\/6b1081352b537381a027827f0da6831d6d0f8855bd83e41a79b5155e69b83a43.jpg\" alt=\"\"\/><img decoding=\"async\" class=\"image image-show\" src=\"https:\/\/www.europesays.com\/fi\/wp-content\/uploads\/2026\/01\/1767992108_710_6b1081352b537381a027827f0da6831d6d0f8855bd83e41a79b5155e69b83a43.jpg\" alt=\"\"\/><\/p>\n<p>Bethenny Frankel on tunnettu tosi-tv-t\u00e4hti sarjasta . AOP<\/p>\n<p class=\"paragraph\">The Real Housewives of New York City -sarjasta tuttu <a href=\"https:\/\/www.iltalehti.fi\/henkilot\/Bethenny Frankel\" class=\"article-link-person-page\" rel=\"nofollow noopener\" target=\"_blank\">Bethenny Frankel<\/a> lomaili hiljattain Karibialla. H\u00e4n vietti tropiikin l\u00e4mm\u00f6ss\u00e4 ihastuttavia hetki\u00e4 yst\u00e4viens\u00e4 ja teini-ik\u00e4isen tytt\u00e4rens\u00e4 kanssa.<\/p>\n<p class=\"paragraph\">Nyt h\u00e4n kertoo Youtube-kanavallaan, ett\u00e4 h\u00e4n sai kasvoihinsa bakteeri-infektion tuliaisena.<\/p>\n<p class=\"paragraph\">Jos video ei n\u00e4y, voit katsoa sen <a href=\"https:\/\/www.youtube.com\/shorts\/BjFaroa4yhQ\" target=\"_blank\" rel=\"noopener nofollow\">t\u00e4st\u00e4<\/a>.<\/p>\n<p class=\"paragraph\">T\u00e4hden kasvoissa n\u00e4kyy punaista ihottumaa. H\u00e4n on vet\u00e4nyt valkoisen hupparin p\u00e4\u00e4ns\u00e4 yli.<\/p>\n<p class=\"paragraph\">\u2013 L\u00e4hdit St. Barthsilta kolme p\u00e4iv\u00e4\u00e4 aikaisemmin ja toit kotiin bakteeri-infektion, tv-t\u00e4hti kirjoittaa videossaan.<\/p>\n<p class=\"paragraph\">T\u00e4hden Youtube-video on her\u00e4tt\u00e4nyt runsaasti keskustelua. Monet kiitt\u00e4v\u00e4t, ett\u00e4 tv-kasvo on halunnut kertoa avoimesti sairastumisestaan. Osa kertoo my\u00f6s vastaavanlaisista kokemuksistaan.<\/p>\n<p class=\"paragraph\">\u2013 Arvostan Bethenny, ett\u00e4 olet niin avoin. Toivottavasti paranet pian, er\u00e4s seuraaja kommentoi.<\/p>\n<p class=\"paragraph\">\u2013 Kiitos, ett\u00e4 olet niin aito. Sattuuko tuo? Paljon paranemista, kommenttikent\u00e4ss\u00e4 kysell\u00e4\u00e4n.<\/p>\n<p class=\"paragraph\">\u2013 Tuo n\u00e4ytt\u00e4\u00e4 kivuliaalta. Toivottavasti paranet pian, Youtube-k\u00e4ytt\u00e4j\u00e4 kirjoittaa.<\/p>\n<p class=\"paragraph\">\u2013 Minulla oli hiljattain sama juttu. Kesti kaksi viikkoa ennen kuin se meni ohi. My\u00f6s silm\u00e4luomeni olivat turvonneet melkein kiinni, n\u00e4ytin kamalalta, kommenteissa todetaan.<\/p>\n<p class=\"paragraph\">Jos kuva ei n\u00e4y, voit katsoa sen <a href=\"https:\/\/www.instagram.com\/p\/DS5nNcPETT9\/?img_index=4\" target=\"_blank\" rel=\"noopener nofollow\">t\u00e4st\u00e4<\/a>.<\/p>\n<p class=\"paragraph\">Frankel n\u00e4htiin The Real Housewives of New York City -sarjan ensimm\u00e4isell\u00e4 tuotantokaudella vuonna 2008. H\u00e4n poistui sarjasta kolmannen tuotantokauden j\u00e4lkeen, mutta palasi takaisin vuonna 2015.<\/p>\n<p class=\"paragraph\">Tv-kaunotar on ollut naimisissa el\u00e4m\u00e4ns\u00e4 aikana kahdesti. Viimeisin avioliitto <strong>Jason Hoppyn<\/strong> kanssa kesti 2 vuotta. Parin avioero astui kuitenkin voimaan vasta vuonna 2021. Syyn\u00e4 t\u00e4h\u00e4n olivat kaksikon huoltajuuteen liittyv\u00e4t oikeuskiistat.<\/p>\n<p class=\"paragraph\">Frankel on kuvaillut avioeroaan traumaattiseksi kokemukseksi.<\/p>\n<p class=\"paragraph\">\u2013 Se oli 10 vuotta el\u00e4m\u00e4st\u00e4ni. Menetin hiukseni. Luulin, etten koskaan selvi\u00e4isi siit\u00e4. En halunnutkaan. Ajattelin kirjaimellisesti, etten ole en\u00e4\u00e4 koskaan onnellinen. Ainoa syy, miksi jatkoin, oli tytt\u00e4reni, h\u00e4n sanoi <a href=\"https:\/\/www.dailymail.co.uk\/tvshowbiz\/article-15350333\/Bethenny-Frankel-Jason-Hoppy-divorce.html\" target=\"_blank\" rel=\"noopener nofollow\">Call Her Daddy -podcastin<\/a> jaksossa joulukuussa.<\/p>\n<p class=\"paragraph\">Tv-t\u00e4hti kertoi elokuussa <a href=\"https:\/\/people.com\/bethenny-frankel-afraid-to-date-video-11789200\" target=\"_blank\" rel=\"noopener nofollow\">Tiktok-tilill\u00e4\u00e4n<\/a> pelk\u00e4\u00e4v\u00e4ns\u00e4 seurustelua.<\/p>\n<p><script async src=\"\/\/www.instagram.com\/embed.js\"><\/script><\/p>\n","protected":false},"excerpt":{"rendered":"Bethenny Frankel paljasti terveyskuulumisensa sosiaalisessa mediassa. Bethenny Frankel on tunnettu tosi-tv-t\u00e4hti sarjasta . AOP The Real Housewives of&hellip;\n","protected":false},"author":2,"featured_media":138034,"comment_status":"","ping_status":"","sticky":false,"template":"","format":"standard","meta":{"footnotes":""},"categories":[136],"tags":[35,1074,407,137,33,31,30,101,408,99,98,32,109],"class_list":{"0":"post-138033","1":"post","2":"type-post","3":"status-publish","4":"format-standard","5":"has-post-thumbnail","7":"category-julkkikset","8":"tag-24h","9":"tag-avioliitto-ja-parisuhde","10":"tag-celebrities","11":"tag-entertainment","12":"tag-fi","13":"tag-finland","14":"tag-finnish","15":"tag-ihmissuhteet","16":"tag-julkkikset","17":"tag-lapset","18":"tag-perhe","19":"tag-suomi","20":"tag-viihde"},"share_on_mastodon":{"url":"https:\/\/pubeurope.com\/@fi\/115867138332016120","error":""},"_links":{"self":[{"href":"https:\/\/www.europesays.com\/fi\/wp-json\/wp\/v2\/posts\/138033","targetHints":{"allow":["GET"]}}],"collection":[{"href":"https:\/\/www.europesays.com\/fi\/wp-json\/wp\/v2\/posts"}],"about":[{"href":"https:\/\/www.europesays.com\/fi\/wp-json\/wp\/v2\/types\/post"}],"author":[{"embeddable":true,"href":"https:\/\/www.europesays.com\/fi\/wp-json\/wp\/v2\/users\/2"}],"replies":[{"embeddable":true,"href":"https:\/\/www.europesays.com\/fi\/wp-json\/wp\/v2\/comments?post=138033"}],"version-history":[{"count":0,"href":"https:\/\/www.europesays.com\/fi\/wp-json\/wp\/v2\/posts\/138033\/revisions"}],"wp:featuredmedia":[{"embeddable":true,"href":"https:\/\/www.europesays.com\/fi\/wp-json\/wp\/v2\/media\/138034"}],"wp:attachment":[{"href":"https:\/\/www.europesays.com\/fi\/wp-json\/wp\/v2\/media?parent=138033"}],"wp:term":[{"taxonomy":"category","embeddable":true,"href":"https:\/\/www.europesays.com\/fi\/wp-json\/wp\/v2\/categories?post=138033"},{"taxonomy":"post_tag","embeddable":true,"href":"https:\/\/www.europesays.com\/fi\/wp-json\/wp\/v2\/tags?post=138033"}],"curies":[{"name":"wp","href":"https:\/\/api.w.org\/{rel}","templated":true}]}}