{"id":138035,"date":"2026-01-09T20:58:07","date_gmt":"2026-01-09T20:58:07","guid":{"rendered":"https:\/\/www.europesays.com\/fi\/138035\/"},"modified":"2026-01-09T20:58:07","modified_gmt":"2026-01-09T20:58:07","slug":"love-islandissa-rakastuneen-parin-laskettu-aika-lahestyy","status":"publish","type":"post","link":"https:\/\/www.europesays.com\/fi\/138035\/","title":{"rendered":"Love Islandissa rakastuneen parin laskettu aika l\u00e4hestyy"},"content":{"rendered":"<p><strong class=\"typography-bold\">Love Island Suomi -ohjelmassa rakkauden l\u00f6yt\u00e4nyt pari odottaa ensimm\u00e4ist\u00e4 lastaan.<\/strong><\/p>\n<p>Rakkausreality <a class=\"cursor-pointer underline\" data-testid=\"internal-link\" role=\"link\" data-sentry-element=\"Link\" data-sentry-component=\"InternalLink\" data-sentry-source-file=\"InternalLink.tsx\" href=\"https:\/\/www.mtvuutiset.fi\/aihe\/love-island-suomi\/6897136\" rel=\"nofollow noopener\" target=\"_blank\">Love Island Suom<\/a>i -ohjelman voittivat <a class=\"cursor-pointer underline\" data-testid=\"internal-link\" role=\"link\" data-sentry-element=\"Link\" data-sentry-component=\"InternalLink\" data-sentry-source-file=\"InternalLink.tsx\" href=\"https:\/\/www.mtvuutiset.fi\/artikkeli\/nain-love-island-suomen-voittajapari-sallin-ja-eelin-elama-muuttui-ohjelman-myota-tallaiset-vinkit-he-antavat-tulevan-kauden-sinkuille\/8708158\" rel=\"nofollow noopener\" target=\"_blank\">vuonna 2021 <strong class=\"typography-bold\">Salli<\/strong> ja <strong class=\"typography-bold\">Eeli<\/strong><\/a>. Pariskunta on pit\u00e4nyt yht\u00e4 my\u00f6s ohjelman j\u00e4lkeen ja heid\u00e4n rakkaustarinaansa on voinut seurata sosiaalisessa mediassa.<\/p>\n<p>Parin onni saa pian t\u00e4ydennyst\u00e4, sill\u00e4 he odottavat ensimm\u00e4ist\u00e4 yhteist\u00e4 lastaan.\u00a0<\/p>\n<p>\u2013 Nelj\u00e4 vuotta sitten valittiin toisemme Love Islandilla. Emme olisi koskaan voineet kuvitella, millaiseen matkaan se meid\u00e4t johdattaa. Nyt odotamme syd\u00e4n t\u00e4ynn\u00e4 rakkautta, ett\u00e4 saadaan pieni syliimme. Pian meist\u00e4 tulee vanhemmat, pari kirjoitti viime vuonna yhteisjulkaisussa.\u00a0<\/p>\n<p>Jos julkaisu ei n\u00e4y, voit katsoa sen <a class=\"underline\" data-testid=\"external-link\" href=\"https:\/\/www.instagram.com\/p\/DTN_DUpDIoJ\/\" rel=\"noopener noreferrer nofollow\" data-sentry-component=\"ExternalLink\" data-sentry-source-file=\"ExternalLink.tsx\" target=\"_blank\">t\u00e4\u00e4lt\u00e4<\/a>.\u00a0<\/p>\n<p><script async src=\"\/\/www.instagram.com\/embed.js\"><\/script><\/p>\n","protected":false},"excerpt":{"rendered":"Love Island Suomi -ohjelmassa rakkauden l\u00f6yt\u00e4nyt pari odottaa ensimm\u00e4ist\u00e4 lastaan. Rakkausreality Love Island Suomi -ohjelman voittivat vuonna 2021&hellip;\n","protected":false},"author":2,"featured_media":44957,"comment_status":"","ping_status":"","sticky":false,"template":"","format":"standard","meta":{"footnotes":""},"categories":[133],"tags":[137,33,31,30,32,206,156,109],"class_list":{"0":"post-138035","1":"post","2":"type-post","3":"status-publish","4":"format-standard","5":"has-post-thumbnail","7":"category-televisiot","8":"tag-entertainment","9":"tag-fi","10":"tag-finland","11":"tag-finnish","12":"tag-suomi","13":"tag-televisiot","14":"tag-tv","15":"tag-viihde"},"share_on_mastodon":{"url":"https:\/\/pubeurope.com\/@fi\/115867150125638030","error":""},"_links":{"self":[{"href":"https:\/\/www.europesays.com\/fi\/wp-json\/wp\/v2\/posts\/138035","targetHints":{"allow":["GET"]}}],"collection":[{"href":"https:\/\/www.europesays.com\/fi\/wp-json\/wp\/v2\/posts"}],"about":[{"href":"https:\/\/www.europesays.com\/fi\/wp-json\/wp\/v2\/types\/post"}],"author":[{"embeddable":true,"href":"https:\/\/www.europesays.com\/fi\/wp-json\/wp\/v2\/users\/2"}],"replies":[{"embeddable":true,"href":"https:\/\/www.europesays.com\/fi\/wp-json\/wp\/v2\/comments?post=138035"}],"version-history":[{"count":0,"href":"https:\/\/www.europesays.com\/fi\/wp-json\/wp\/v2\/posts\/138035\/revisions"}],"wp:featuredmedia":[{"embeddable":true,"href":"https:\/\/www.europesays.com\/fi\/wp-json\/wp\/v2\/media\/44957"}],"wp:attachment":[{"href":"https:\/\/www.europesays.com\/fi\/wp-json\/wp\/v2\/media?parent=138035"}],"wp:term":[{"taxonomy":"category","embeddable":true,"href":"https:\/\/www.europesays.com\/fi\/wp-json\/wp\/v2\/categories?post=138035"},{"taxonomy":"post_tag","embeddable":true,"href":"https:\/\/www.europesays.com\/fi\/wp-json\/wp\/v2\/tags?post=138035"}],"curies":[{"name":"wp","href":"https:\/\/api.w.org\/{rel}","templated":true}]}}