{"id":138038,"date":"2026-01-09T21:03:07","date_gmt":"2026-01-09T21:03:07","guid":{"rendered":"https:\/\/www.europesays.com\/fi\/138038\/"},"modified":"2026-01-09T21:03:07","modified_gmt":"2026-01-09T21:03:07","slug":"suomalaisen-folkloren-huipputekijoita-palkittu-epressi","status":"publish","type":"post","link":"https:\/\/www.europesays.com\/fi\/138038\/","title":{"rendered":"Suomalaisen folkloren huipputekij\u00f6it\u00e4 palkittu &#8211; ePressi"},"content":{"rendered":"<p>Suomalaisen kansanmusiikin, kansantanssin ja folkloren tekij\u00f6ille on jaettu alan merkitt\u00e4vimm\u00e4t tunnustukset El\u00e4k\u00f6\u00f6n Folk! -gaalassa 9.1.2026.<\/p>\n<p>Tunnustuksia my\u00f6nnettiin sarjoissa: Vuoden kansanmusiikkilevy, Vuoden artisti, Vuoden tulokas, Vuoden kansanmusiikkitekij\u00e4, Vuoden tanssiteko, Vuoden kantele, Vuoden nuori pelimanni, Kaustinen Folk Music Festivalin Vuoden yhtye, Pispalan Sottiisin vuoden kansantanssiyhtye sek\u00e4 Vuoden W\u00e4in\u00f6.<\/p>\n<p>Tilaisuudessa jaettiin my\u00f6s Vuoden Seurasaari -tunnustus, Elsa Heporauta -tunnustus sek\u00e4 Suomen Nuorisoseurojen Vuoden ohjaaja- ja Suomalaisen Kansantanssin Yst\u00e4vien Vuoden ohjaaja -tunnustukset.<\/p>\n<p><strong>Vuoden kansanmusiikkilevy<\/strong><\/p>\n<p>Vuoden 2025 kansanmusiikkilevy -\u00e4\u00e4nestyksen voittajaksi on valittu Friggin Dreamscapes \u2013albumi. Levy on monikerroksellinen, rohkea ja hallittu kokonaisuus, jossa laaja ja v\u00e4rik\u00e4s materiaali rakentuu ehe\u00e4ksi ja kiinnostavaksi kuuntelukokemukseksi. S\u00e4vellykset, sovitukset, soitanto ja soundituotanto ovat poikkeuksellisen korkeatasoisia ja kest\u00e4v\u00e4t useita kuuntelukertoja. Musiikissa yhdistyv\u00e4t vauhdikas nykykansanmusiikin rytmiikka, vahvat bassolinjat sek\u00e4 hienovaraiset vaikutteet eri puolilta maailmaa. Kokonaisuus osoittaa, kuinka monimuotoista ja elinvoimaista kansanmusiikki on t\u00e4ss\u00e4 ajassa, ja levy nousi ansaitusti sek\u00e4 yleis\u00f6n ett\u00e4 asiantuntijaraadin k\u00e4rkisijoille.<\/p>\n<p>Palkinto m\u00e4\u00e4r\u00e4ytyy puoliksi yleis\u00f6\u00e4\u00e4nist\u00e4 ja puoliksi 40 alan ammattilaisesta koostuvan raadin \u00e4\u00e4nist\u00e4. Tunnustuksen my\u00f6nt\u00e4v\u00e4t Kansanmusiikki-lehti ja KamuKanta.fi-sivusto.<\/p>\n<p><strong>Vuoden artisti<\/strong><\/p>\n<p>Vuoden artistiksi on valittu Pelkk\u00e4 Poutanen. Poutanen on poikkeuksellisen omaper\u00e4inen ja rajat ylitt\u00e4v\u00e4 taiteilija, jonka ty\u00f6 uudistaa suomalaista musiikkikentt\u00e4\u00e4 tavalla, johon harva kykenee. H\u00e4nen sooloprojektinsa yhdist\u00e4\u00e4 klassisen musiikin, kansanperinteen, taidepopin, noisen ja roots-vaikutteet ainutlaatuiseksi \u00e4\u00e4nimaailmaksi, jossa perinne kohtaa rohkean kokeellisuuden. H\u00e4n rakentaa itse osan k\u00e4ytt\u00e4mist\u00e4\u00e4n soittimista, hy\u00f6dynt\u00e4\u00e4 live-elektroniikkaa ja looppausta, ja k\u00e4ytt\u00e4\u00e4 monipuolisesti \u00e4\u00e4nenk\u00e4yt\u00f6n tekniikoita kurkkulaulusta virsiin \u2013 kaikki t\u00e4ysin tunnistettavalla tavalla, joka pit\u00e4\u00e4 yleis\u00f6n otteessaan. Poutanen uudistaa perinnett\u00e4 tinkim\u00e4tt\u00e4 sen juurista, luo uutta ilman rajoja ja tekee sen tavalla, joka koskettaa sek\u00e4 kuulijaa ett\u00e4 esiintyj\u00e4\u00e4. Tunnustuksen my\u00f6nt\u00e4\u00e4 Kansanmusiikin ja Kansantanssin Edist\u00e4miskeskus (KEK) ja Muusikkojen liitto.<\/p>\n<p><strong>Vuoden tulokas<\/strong><\/p>\n<p>Vuoden tulokkaaksi on valittu HUIPPU \u2013yhtye, joka on onnistunut tuomaan t\u00e4m\u00e4n hetken monimuotoiseen ja uudistuvaan kansanmusiikin kentt\u00e4\u00e4n selke\u00e4n, omanlaisensa \u00e4\u00e4nen. Yhtye on lyhyess\u00e4 ajassa tehnyt poikkeuksellisen m\u00e4\u00e4r\u00e4tietoista ty\u00f6t\u00e4. He ovat her\u00e4tt\u00e4neet nopeasti laajaa ihastusta, julkaisseet ensilevyns\u00e4 ja kiert\u00e4neet kuluneen kes\u00e4n aikana aktiivisesti yleis\u00f6\u00e4 hurmaten. Vuoden tulokas on kasvanut nopeasti vahvaksi kokoonpanoksi, jonka ammattimainen ote ja selke\u00e4 tekemisen meininki n\u00e4kyv\u00e4t sek\u00e4 lavalla ett\u00e4 musiikissa. Tunnustuksen my\u00f6nt\u00e4\u00e4 Kansanmusiikin ja Kansantanssin Edist\u00e4miskeskus (KEK).<\/p>\n<p><strong>Vuoden kansanmusiikkitekij\u00e4<\/strong><\/p>\n<p>Vuoden kansanmusiikkitekij\u00e4 -palkinnon on saanut muusikko P\u00e4ivi Hirvonen, joka menee rohkeasti suoraan asiaan silloin, kun asia sit\u00e4 vaatii. Hirvosen lyriikat eiv\u00e4t saarnaa, vaan haastavat kuulijan ajatuksia ja valintoja. Synkkien aiheiden keskell\u00e4 on kuitenkin uskallus katsoa l\u00e4helle, saada voimaa toisesta ihmisest\u00e4, luonnosta, toivosta. Tunnustuksen my\u00f6nt\u00e4\u00e4 Suomen Musiikintekij\u00e4t.<\/p>\n<p><strong>Vuoden tanssiteko<\/strong><\/p>\n<p>Vuoden tanssiteko 2025 on Nuorisoseura Rajan Nuoret ry:n kansantanssiryhmien tuottama Timanttinen tanhumatka \u2013 Kimurantin ja Kirjavien juhlakonsertti. Konsertti juhlisti Rajan Nuorten Kirjavien 30-vuotista ja Kimurantin 20-vuotista tanssitaivalta.Timanttinen tanhumatka oli my\u00f6s kokeilu uudenlaisesta tavasta tehd\u00e4 yhdess\u00e4, sill\u00e4 tanssijat olivat tiiviisti mukana niin suunnittelussa, tuotannossa kuin toteutuksessa. Tunnustuksen my\u00f6nt\u00e4\u00e4 Suomen Nuorisoseurat.<\/p>\n<p><strong>Vuoden kantele<\/strong><\/p>\n<p>Vuoden kantele -tunnustus on my\u00f6nnetty Ida Elinalle lyhytelokuvasta Kalevala Project &#8211; Under the Northern Skies. Kansainv\u00e4lisesti palkittu lyhytelokuva osoittaa ainutlaatuisella tavalla, kuinka perinteinen soitin voi toimia sek\u00e4 musiikillisena ett\u00e4 kerronnallisena voimana nykyaikaisessa taiteessa. Elokuvassa kantele ei ole vain s\u00e4est\u00e4v\u00e4 elementti, vaan keskeinen dramaturginen ja symbolinen tekij\u00e4, joka yhdist\u00e4\u00e4 Kalevalan myyttisen maailman t\u00e4m\u00e4n p\u00e4iv\u00e4n katsojaan. Ida Elina osoittaa, ett\u00e4 kanteleella on vahva ja luonteva paikka paitsi konserttilavoilla my\u00f6s elokuvassa. Tunnustuksen my\u00f6nt\u00e4\u00e4 Kanteleliitto.<\/p>\n<p><strong>Vuoden Nuori Pelimanni<\/strong><\/p>\n<p>Vuoden Nuori Pelimanni \u2013tunnustus on my\u00f6nnetty Mottine \u2013yhtyeelle, jossa soittavat 17\u201320-vuotiaat Aarni Kupari (viulu), Iiro Kupari (viulu), Reetta Karvinen (viulu) ja Manuel Ojala (harmoni). Mottine soittaa monipuolisesti ja hyv\u00e4ll\u00e4 meiningill\u00e4 suomalaisia, suomenruotsalaisia ja ruotsalaisia polskia sek\u00e4 muita perinnes\u00e4velmi\u00e4. Yhtye on perustettu vuonna 2014, ja ensiesiintymisen aikaan nuorin j\u00e4senist\u00e4 oli vain 6-vuotias. Mottine on kunnianhimoinen ja ahkera nuorten joukko, josta kuullaan viel\u00e4 yhdess\u00e4 ja erikseen. Tunnustuksen my\u00f6nt\u00e4v\u00e4t Kansanmusiikkiliitto ja Koirasen perhe \/ Koirasen muistorahasto.<\/p>\n<p><strong>Elsa Heporauta \u2013tunnustuspalkinto<\/strong><\/p>\n<p>Kalevalaisten Naisten Liiton Elsa Heporauta \u2013tunnustuspalkinto on my\u00f6nnetty laulaja, s\u00e4velt\u00e4j\u00e4, etnopopartisti Vilma J\u00e4\u00e4lle (MuM). Vilma J\u00e4\u00e4 soveltaa ansiokkaasti suomalais-ugrilaista lauluperinnett\u00e4 nykyaikaan. H\u00e4n yhdist\u00e4\u00e4 musiikissaan karjankutsuhuutoja, vuosisatoja vanhoja tarinoita, nuoren naisen tunteita ja 2020-luvun elektronista poppia. H\u00e4nen musiikkinsa kertoo rakkaudesta omiin juuriin ja kulttuuriperint\u00f6\u00f6n. H\u00e4n on voimauttava esikuva tyt\u00f6ille ajassa, jossa ei ole helppoa kasvaa naiseksi monien paineiden alla. <\/p>\n<p>Tunnustuspalkinnon perustaja Elsa Heporauta sanoi, ett\u00e4 perinne on sovellettava uudelleen aina jokaiselle vuosikymmenelle, jotta se puhuttelee nykyajassa. Vilma J\u00e4\u00e4 uudistaa perinnett\u00e4 tavalla, joka ansaitsee tunnustusta juuri Kalevalaisten Naisten Liiton 90-vuotisjuhlavuonna 2025.<\/p>\n<p><strong>Kaustinen Folk Music Festivalin Vuoden yhtye<\/strong><\/p>\n<p>Kaustinen Folk Music Festivalin Vuoden yhtye on Hilja Gr\u00f6nfors ja Lat\u0161o D\u017einta. Valinnalla halutaan korostaa romanien kulttuuriperinn\u00f6n merkityst\u00e4 suomalaiselle kansanmusiikille sek\u00e4 Gr\u00f6nforsin poikkeuksellista roolia t\u00e4m\u00e4n perinteen s\u00e4ilytt\u00e4j\u00e4n\u00e4, tekij\u00e4n\u00e4 ja siirt\u00e4j\u00e4n\u00e4. Hilja Gr\u00f6nfors &amp; Lat\u0161o D\u017einta edustavat sit\u00e4 tinkim\u00e4t\u00f6nt\u00e4 omistautumista, syv\u00e4\u00e4 kulttuurista ymm\u00e4rryst\u00e4 ja taiteellista voimaa, joka pit\u00e4\u00e4 musiikkiperinnett\u00e4 hengiss\u00e4 ja v\u00e4litt\u00e4\u00e4 sit\u00e4 uusille sukupolville, t\u00e4ydellisesti Kaustisen Folk Music Festivalin vuoden 2026 \u201cPerinteet k\u00e4siss\u00e4\u201d -teeman hengess\u00e4.<\/p>\n<p><strong>Pispalan Sottiisin vuoden kansantanssiyhtye<\/strong><\/p>\n<p>Pispalan Sottiisin vuoden 2026 kansantanssiyhtyeeksi on valittu Oulunsuun Nuorisoseuran kansantanssiryhm\u00e4 P\u00e4hi\u00e4t, joka tunnetaan kantaaottavista ja koskettavista n\u00e4ytt\u00e4m\u00f6teoksista. Ryhm\u00e4 on luonut omaleimaisen tyylins\u00e4 tuoda uutta, esitt\u00e4v\u00e4\u00e4 kansantanssitaidetta n\u00e4ytt\u00e4m\u00f6lle yhdess\u00e4 ohjaajansa, tanssitaiteilija Elena Vuoksiolan, kanssa. Valinnan my\u00f6t\u00e4 P\u00e4hi\u00e4t on kansantanssifestivaali Pispalan Sottiisin kotimainen p\u00e4\u00e4esiintyj\u00e4 11.-14.6.2026. Tunnustuksen my\u00f6nt\u00e4\u00e4 Suomen Nuorisoseurat.<\/p>\n<p><strong>Vuoden W\u00e4in\u00f6<\/strong><\/p>\n<p>Vuoden W\u00e4in\u00f6 -tunnustus on my\u00f6nnetty Jukka Hein\u00e4m\u00e4elle el\u00e4m\u00e4nty\u00f6st\u00e4 suomalaisen kansantanssin hyv\u00e4ksi. Hein\u00e4m\u00e4ki on vuosikymmenten ajan kehitt\u00e4nyt ja luonut merkitt\u00e4vi\u00e4 kansantanssi- ja musiikkitapahtumia, kuten Pispalan Sottiisin, Folklandian ja Tanssimania\/Tradi-festivaalit. H\u00e4nen luovuutensa, ideointikyvykkyytens\u00e4, talousosaamisensa, yhteisty\u00f6taitonsa ja kykyns\u00e4 innostaa muita ovat mahdollistaneet tapahtumien menestyksen ja edist\u00e4neet koko alan kehityst\u00e4. Hein\u00e4m\u00e4ki tunnetaan my\u00f6s taitavana ja palkittuna koreografina sek\u00e4 tanssinopettajana. <\/p>\n<p>Hein\u00e4m\u00e4en tinkim\u00e4t\u00f6n omistautuminen, syv\u00e4 ammattitaito ja pitk\u00e4j\u00e4nteinen ty\u00f6 ovat j\u00e4tt\u00e4neet pysyv\u00e4n j\u00e4ljen suomalaisen kansantanssin ja -musiikin perinteeseen. Tunnustuksen my\u00f6nt\u00e4\u00e4 Kansanmusiikin ja Kansantanssin Edist\u00e4miskeskus (KEK).<\/p>\n<p><strong>Vuoden Seurasaari -tunnustus<\/strong><\/p>\n<p>Vuoden Seurasaari \u2013tunnustus on my\u00f6nnetty kansantanssin ohjaaja Jyrki Kokolle, joka on erinomainen esimerkki perinteen kantajasta. Kokko on jo parin vuosikymmenen ajan tehnyt yhteisty\u00f6t\u00e4 Seurasaaris\u00e4\u00e4ti\u00f6n kanssa, jotta kansantanssi, kansanmusiikki ja el\u00e4v\u00e4 kulttuuriperint\u00f6 n\u00e4kyisiv\u00e4t Helsingiss\u00e4. Ty\u00f6ss\u00e4\u00e4n h\u00e4n on v\u00e4sym\u00e4t\u00f6n, p\u00e4\u00e4tt\u00e4v\u00e4inen ja kantaa ottava. Tunnustuksen my\u00f6t\u00e4 Seurasaaris\u00e4\u00e4ti\u00f6 kannustaa Kokkoa jatkamaan ty\u00f6t\u00e4\u00e4n el\u00e4v\u00e4n kulttuuriperinn\u00f6n parissa.<\/p>\n<p><strong>Suomen Nuorisoseurojen Vuoden ohjaaja<\/strong><\/p>\n<p>Suomen Nuorisoseurojen Vuoden ohjaajiksi on valittu Salli Sallinen nuorisoseura Nuorten Kasvusta. Sallinen on toiminut ohjaajana l\u00e4pileikkaavasti nuorisoseuratoiminnan eri tasoilla. Vuoden ohjaaja -tunnustuksen tarkoituksena on nostaa ohjaajan ty\u00f6n arvostusta ja kannustaa tekem\u00e4\u00e4n t\u00e4t\u00e4 arvokasta ty\u00f6t\u00e4 edelleenkin.<\/p>\n<p><strong>Suomalaisen Kansantanssin Yst\u00e4vien Vuoden ohjaaja<\/strong><\/p>\n<p>Suomalaisen Kansantanssin Yst\u00e4vien (SKY) Vuoden ohjaajaksi on valittu Pia Pyykkinen Hyvink\u00e4\u00e4n Kansantanssijoista, jossa h\u00e4n on toiminut ohjaajana vuodesta 1984 l\u00e4htien. Vuosien aikana Pyykkinen on ohjaamisen lis\u00e4ksi tehnyt merkitt\u00e4v\u00e4\u00e4 ty\u00f6t\u00e4 SKYn toiminnan kehitt\u00e4misess\u00e4 toimien mm. hallituksen j\u00e4senen\u00e4 ja varapuheenjohtajana.<\/p>\n<p><strong>Lis\u00e4tiedot<\/strong><\/p>\n<p>Teija Nikkari <br \/>tanssin ja tanssin tapahtumien suunnittelija <br \/>Suomen Nuorisoseurat ry <br \/><a href=\"https:\/\/www.epressi.com\/cdn-cgi\/l\/email-protection\" class=\"__cf_email__\" data-cfemail=\"87f3e2eeede6a9e9eeecece6f5eec7e9f2e8f5eef4e8f4e2f2f5e6f3a9e1ee\" rel=\"nofollow noopener\" target=\"_blank\">[email\u00a0protected]<\/a>, puh. 044 744 3939<\/p>\n<p>Henni V\u00e4limaa <br \/>tapahtumien ja Nuori Kulttuurin johtaja <br \/>Suomen Nuorisoseurat ry <br \/><a href=\"https:\/\/www.epressi.com\/cdn-cgi\/l\/email-protection\" class=\"__cf_email__\" data-cfemail=\"b5ddd0dbdbdc9bc3d4d9dcd8d4d4f5dbc0dac7dcc6dac6d0c0c7d4c19bd3dc\" rel=\"nofollow noopener\" target=\"_blank\">[email\u00a0protected]<\/a>, puh. 044 902 9690<\/p>\n","protected":false},"excerpt":{"rendered":"Suomalaisen kansanmusiikin, kansantanssin ja folkloren tekij\u00f6ille on jaettu alan merkitt\u00e4vimm\u00e4t tunnustukset El\u00e4k\u00f6\u00f6n Folk! -gaalassa 9.1.2026. Tunnustuksia my\u00f6nnettiin sarjoissa:&hellip;\n","protected":false},"author":2,"featured_media":138039,"comment_status":"","ping_status":"","sticky":false,"template":"","format":"standard","meta":{"footnotes":""},"categories":[130],"tags":[137,33,31,30,32,109],"class_list":{"0":"post-138038","1":"post","2":"type-post","3":"status-publish","4":"format-standard","5":"has-post-thumbnail","7":"category-viihde","8":"tag-entertainment","9":"tag-fi","10":"tag-finland","11":"tag-finnish","12":"tag-suomi","13":"tag-viihde"},"share_on_mastodon":{"url":"https:\/\/pubeurope.com\/@fi\/115867169732017265","error":""},"_links":{"self":[{"href":"https:\/\/www.europesays.com\/fi\/wp-json\/wp\/v2\/posts\/138038","targetHints":{"allow":["GET"]}}],"collection":[{"href":"https:\/\/www.europesays.com\/fi\/wp-json\/wp\/v2\/posts"}],"about":[{"href":"https:\/\/www.europesays.com\/fi\/wp-json\/wp\/v2\/types\/post"}],"author":[{"embeddable":true,"href":"https:\/\/www.europesays.com\/fi\/wp-json\/wp\/v2\/users\/2"}],"replies":[{"embeddable":true,"href":"https:\/\/www.europesays.com\/fi\/wp-json\/wp\/v2\/comments?post=138038"}],"version-history":[{"count":0,"href":"https:\/\/www.europesays.com\/fi\/wp-json\/wp\/v2\/posts\/138038\/revisions"}],"wp:featuredmedia":[{"embeddable":true,"href":"https:\/\/www.europesays.com\/fi\/wp-json\/wp\/v2\/media\/138039"}],"wp:attachment":[{"href":"https:\/\/www.europesays.com\/fi\/wp-json\/wp\/v2\/media?parent=138038"}],"wp:term":[{"taxonomy":"category","embeddable":true,"href":"https:\/\/www.europesays.com\/fi\/wp-json\/wp\/v2\/categories?post=138038"},{"taxonomy":"post_tag","embeddable":true,"href":"https:\/\/www.europesays.com\/fi\/wp-json\/wp\/v2\/tags?post=138038"}],"curies":[{"name":"wp","href":"https:\/\/api.w.org\/{rel}","templated":true}]}}