{"id":138040,"date":"2026-01-09T21:06:10","date_gmt":"2026-01-09T21:06:10","guid":{"rendered":"https:\/\/www.europesays.com\/fi\/138040\/"},"modified":"2026-01-09T21:06:10","modified_gmt":"2026-01-09T21:06:10","slug":"nokian-tyres-nokian-renkaat-oyj-osakkeenomistajien-nimitystoimikunnan-ehdotukset-varsinaiselle-yhtiokokoukselle-2026","status":"publish","type":"post","link":"https:\/\/www.europesays.com\/fi\/138040\/","title":{"rendered":"Nokian Tyres: Nokian Renkaat Oyj: Osakkeenomistajien nimitystoimikunnan ehdotukset varsinaiselle yhti\u00f6kokoukselle 2026"},"content":{"rendered":"<p>Nokian Renkaat Oyj P\u00f6rssitiedote 9.1.2026 klo 16.15<\/p>\n<p>Osakkeenomistajien nimitystoimikunta esitt\u00e4\u00e4 varsinaiselle yhti\u00f6kokoukselle 2026, ett\u00e4 yhti\u00f6kokous p\u00e4\u00e4tt\u00e4isi seuraavasti: <\/p>\n<p><strong>Hallituksen kokoonpano <\/strong><\/p>\n<p>Osakkeenomistajien nimitystoimikunta ehdottaa, ett\u00e4 hallitukseen valitaan seitsem\u00e4n j\u00e4sent\u00e4 puheenjohtaja ja varapuheenjohtaja mukaan lukien.<\/p>\n<p>Osakkeenomistajien nimitystoimikunta ehdottaa, ett\u00e4 seuraavat hallituksen nykyiset j\u00e4senet valitaan uudelleen toimikaudelle, joka p\u00e4\u00e4ttyy vuoden 2027 varsinaisen yhti\u00f6kokouksen p\u00e4\u00e4ttyess\u00e4:<\/p>\n<ul type=\"disc\">\n<li>Elina Bj\u00f6rklund<\/li>\n<li>Susanne Hahn<\/li>\n<li>Markus Korsten <\/li>\n<li>Elisa Markula<\/li>\n<li>Antti M\u00e4kinen <\/li>\n<li>Jouko P\u00f6l\u00f6nen<\/li>\n<\/ul>\n<p>\u00a0<\/p>\n<p>Osakkeenomistajien nimitystoimikunta ehdottaa, ett\u00e4 Tom Adams valitaan hallituksen uudeksi j\u00e4seneksi. H\u00e4nen ansioluettelonsa on tiedotteen liitteen\u00e4. <\/p>\n<p>Hallituksen nykyinen puheenjohtaja Jukka Hienonen on ilmoittanut, ett\u00e4 h\u00e4n ei ole k\u00e4ytett\u00e4viss\u00e4 uudelleenvalintaan. <\/p>\n<p>Jouko P\u00f6l\u00f6st\u00e4 ehdotetaan valittavaksi hallituksen puheenjohtajaksi ja Elina Bj\u00f6rklund uudelleenvalittavaksi hallituksen varapuheenjohtajaksi.<\/p>\n<p>Kaikki ehdokkaat ovat antaneet suostumuksensa valintaan. Heid\u00e4n on arvioitu olevan riippumattomia yhti\u00f6st\u00e4 ja sen merkitt\u00e4vist\u00e4 osakkeenomistajista. <\/p>\n<p>Osakkeenomistajien nimitystoimikunta on huomioinut hallituksen kokoonpanon sek\u00e4 j\u00e4senten monipuolisen ja toisiaan t\u00e4ydent\u00e4v\u00e4n ammatillisen asiantuntemuksen ja kokemuksen. Osakkeenomistajien nimitystoimikunta suosittaa, ett\u00e4 hallitus valitaan yhten\u00e4 kokonaisuutena.<\/p>\n<p><strong>Hallituksen j\u00e4senten palkkiot<\/strong><\/p>\n<p>Osakkeenomistajien nimitystoimikunta ehdottaa, ett\u00e4 varsinaisen yhti\u00f6kokouksen valitsemille hallituksen j\u00e4senille maksettaisiin vuosipalkkioita seuraavasti:<\/p>\n<ul type=\"disc\">\n<li>hallituksen puheenjohtaja 120 000 euroa (2025: 115\u00a0000 euroa)<\/li>\n<li>hallituksen varapuheenjohtaja 78 000 euroa (2025: 76\u00a0000 euroa)<\/li>\n<li>hallituksen valiokuntien puheenjohtajat 78 000 euroa (2025: 76\u00a0000 euroa)<\/li>\n<li>hallituksen j\u00e4senet 55 000 euroa (2025: 53\u00a0500 euroa)<\/li>\n<\/ul>\n<p>Osakkeenomistajien nimitystoimikunta ehdottaa, ett\u00e4 vuosipalkkiosta maksetaan 60 prosenttia rahana ja 40 prosenttia yhti\u00f6n osakkeina. Osakkeet hankitaan markkinoilta julkisessa kaupank\u00e4ynniss\u00e4 muodostuvaan hintaan suoraan hallituksen j\u00e4senten lukuun kahden viikon kuluttua yhti\u00f6n osavuosikatsauksen 1.1.-30.9.2026\u00a0julkistuksesta. Jos palkkiota ei voida toimittaa\u00a0edell\u00e4 todettuna aikana sis\u00e4piiris\u00e4\u00e4ntelyn tai muun perustellun syyn vuoksi, yhti\u00f6 toimittaa osakkeet my\u00f6hemmin tai maksaa palkkion kokonaan rahana.<\/p>\n<p>Vuosipalkkioiden lis\u00e4ksi osakkeenomistajien nimitystoimikunta ehdottaa kokouspalkkioiden pysyv\u00e4n ennallaan: <\/p>\n<ul type=\"disc\">\n<li>700 euroa kokouksista, jotka pidet\u00e4\u00e4n hallituksen j\u00e4senen kotimaassa tai et\u00e4n\u00e4<\/li>\n<li>1\u00a0400 euroa Euroopassa asuvalle hallituksen j\u00e4senelle kokouksista, jotka pidet\u00e4\u00e4n Euroopassa t\u00e4m\u00e4n kotimaan ulkopuolella<\/li>\n<li>2 100 euroa Euroopassa asuvalle hallituksen j\u00e4senelle kokouksista, jotka pidet\u00e4\u00e4n Euroopan ulkopuolella<\/li>\n<li>2 100 euroa Euroopan ulkopuolella asuvalle hallituksen j\u00e4senelle kokouksista, jotka pidet\u00e4\u00e4n t\u00e4m\u00e4n kotimaan ulkopuolella <\/li>\n<\/ul>\n<p>Matkakulut ehdotetaan korvattavaksi yhti\u00f6n matkustuspolitiikan mukaisesti.<\/p>\n<p><strong>Osakkeenomistajien nimitystoimikunta<\/strong><\/p>\n<p>Vuoden 2020 varsinaisessa yhti\u00f6kokouksessa p\u00e4\u00e4tettiin perustaa osakkeenomistajien nimitystoimikunta, jonka teht\u00e4v\u00e4n\u00e4 on valmistella ehdotukset hallituksen j\u00e4senten valinnasta ja palkitsemisesta esitett\u00e4v\u00e4ksi varsinaiselle yhti\u00f6kokoukselle.<\/p>\n<p>Osakkeenomistajien nimitystoimikunta koostuu viidest\u00e4 j\u00e4senest\u00e4. Nelj\u00e4 j\u00e4sent\u00e4 edustaa yhti\u00f6n nelj\u00e4\u00e4 suurinta osakkeenomistajaa, ja yksi j\u00e4sen on yhti\u00f6n hallituksen puheenjohtaja. Vuoden 2026 varsinaiselle yhti\u00f6kokoukselle ehdotukset valmistelleen osakkeenomistajien nimitystoimikunnan kokoonpano on seuraava: <\/p>\n<ul type=\"disc\">\n<li>Puheenjohtaja Petter S\u00f6derstr\u00f6m (CFO, Solidium Oy) Solidium Oy:n nime\u00e4m\u00e4n\u00e4<\/li>\n<li>Mikko Mursula (toimitusjohtaja, Keskin\u00e4inen El\u00e4kevakuutusyhti\u00f6 Ilmarinen) Keskin\u00e4inen El\u00e4kevakuutusyhti\u00f6 Ilmarisen nime\u00e4m\u00e4n\u00e4<\/li>\n<li>Timo Sallinen (sijoitusjohtaja, listatut sijoitukset, Keskin\u00e4inen ty\u00f6el\u00e4kevakuutusyhti\u00f6 Varma) Keskin\u00e4inen ty\u00f6el\u00e4kevakuutusyhti\u00f6 Varman nime\u00e4m\u00e4n\u00e4<\/li>\n<li>Jonna Ryh\u00e4nen (sijoitusjohtaja, varatoimitusjohtaja, Keskin\u00e4inen Ty\u00f6el\u00e4kevakuutusyhti\u00f6 Elo) Keskin\u00e4inen Ty\u00f6el\u00e4kevakuutusyhti\u00f6 Elon nime\u00e4m\u00e4n\u00e4 <\/li>\n<li>Jukka Hienonen, Nokian Renkaat Oyj:n hallituksen puheenjohtaja<\/li>\n<\/ul>\n<p>Nimitystoimikunta on kokoontunut toimikaudellaan viisi kertaa t\u00e4ysilukuisena. <\/p>\n<p>Lis\u00e4tietoja:<br \/>Petter S\u00f6derstr\u00f6m, Nokian Renkaiden osakkeenomistajien nimitystoimikunnan puheenjohtaja\u00a0 \u00a0puh. 0400 431\u00a0148 <\/p>\n<p>\u00a0<\/p>\n<p>Nokian Renkaat Oyj<\/p>\n<p>Elina Lehtinen, Johtaja, Ulkoinen viestint\u00e4<br \/>puh.\u00a0010 401 7361<\/p>\n<p><a href=\"https:\/\/www.inderes.fi\/releases\/mailto:media@nokiantyres.com\" rel=\"nofollow noopener\" target=\"_blank\">media@nokiantyres.com<\/a><br \/><a href=\"https:\/\/www.inderes.fi\/releases\/mailto:IR@nokiantyres.com\" rel=\"nofollow noopener\" target=\"_blank\">IR@nokiantyres.com<\/a><br \/>\u00a0<\/p>\n<p>Nokian Renkaiden tarkoitus on tehd\u00e4 maailmasta turvallisempi keksim\u00e4ll\u00e4 rengas ja sen valmistaminen aina uudelleen &#8211; turvallisempi paikka ajaa, el\u00e4\u00e4 ja tehd\u00e4 t\u00f6it\u00e4, nyt ja tulevaisuudessa. Pohjoisen perint\u00f6mme innoittamana valmistamme korkealaatuisia renkaita henkil\u00f6autoihin, kuorma-autoihin ja raskaisiin ty\u00f6koneisiin pit\u00e4en vastuullisuuden kaiken toimintamme ytimess\u00e4. Vianor-ketjumme on erikoistunut autonhuoltoon ja rengaspalveluihin. Meit\u00e4 on noin 3 800 asiantuntijaa, ja liikevaihtomme oli noin 1,3 miljardia euroa vuonna 2024. Yhdess\u00e4 johdamme maailmaa kohti \u00e4lykk\u00e4\u00e4mp\u00e4\u00e4 ajamista, joka palvelee sek\u00e4 ihmisi\u00e4 ett\u00e4 yrityksi\u00e4. Nokian Renkaat on listattu Nasdaq Helsinkiin. Lis\u00e4tietoa:\u00a0<a href=\"https:\/\/eur04.safelinks.protection.outlook.com\/?url=https%3A%2F%2Fpublish.ne.cision.com%2Fl%2Folbxvpsoc%2Fyritys.nokianrenkaat.fi&amp;data=05%7C02%7Canne.aittoniemi%40nokiantyres.com%7C40259c889e4a4201adc808ddf5d31d97%7C2293b824c7984957856edf1992afab2e%7C0%7C0%7C638937009297748662%7CUnknown%7CTWFpbGZsb3d8eyJFbXB0eU1hcGkiOnRydWUsIlYiOiIwLjAuMDAwMCIsIlAiOiJXaW4zMiIsIkFOIjoiTWFpbCIsIldUIjoyfQ%3D%3D%7C0%7C%7C%7C&amp;sdata=WO4mED0M2jDDSCR0uziYVfCWA%2BTDzV2wNvzY7LWflJg%3D&amp;reserved=0\" rel=\"nofollow noopener\" target=\"_blank\">yritys.nokianrenkaat.fi<\/a>,\u00a0<a href=\"https:\/\/eur04.safelinks.protection.outlook.com\/?url=https%3A%2F%2Fpublish.ne.cision.com%2Fl%2Folbxvpsoc%2Fwww.nokianrenkaat.fi&amp;data=05%7C02%7Canne.aittoniemi%40nokiantyres.com%7C40259c889e4a4201adc808ddf5d31d97%7C2293b824c7984957856edf1992afab2e%7C0%7C0%7C638937009297794093%7CUnknown%7CTWFpbGZsb3d8eyJFbXB0eU1hcGkiOnRydWUsIlYiOiIwLjAuMDAwMCIsIlAiOiJXaW4zMiIsIkFOIjoiTWFpbCIsIldUIjoyfQ%3D%3D%7C0%7C%7C%7C&amp;sdata=hsVrHf6k6kikP58t2xmvMTycTw3pNP916ABimKFBiyE%3D&amp;reserved=0\" rel=\"nofollow noopener\" target=\"_blank\">nokianrenkaat.fi<\/a>.<\/p>\n<p>\u00a0<\/p>\n<p>\u00a0<\/p>\n<p>\u00a0<\/p>\n","protected":false},"excerpt":{"rendered":"Nokian Renkaat Oyj P\u00f6rssitiedote 9.1.2026 klo 16.15 Osakkeenomistajien nimitystoimikunta esitt\u00e4\u00e4 varsinaiselle yhti\u00f6kokoukselle 2026, ett\u00e4 yhti\u00f6kokous p\u00e4\u00e4tt\u00e4isi seuraavasti: Hallituksen&hellip;\n","protected":false},"author":2,"featured_media":137276,"comment_status":"","ping_status":"","sticky":false,"template":"","format":"standard","meta":{"footnotes":""},"categories":[76],"tags":[79,77,33,31,30,32,78],"class_list":{"0":"post-138040","1":"post","2":"type-post","3":"status-publish","4":"format-standard","5":"has-post-thumbnail","7":"category-talous","8":"tag-business","9":"tag-economy","10":"tag-fi","11":"tag-finland","12":"tag-finnish","13":"tag-suomi","14":"tag-talous"},"share_on_mastodon":{"url":"https:\/\/pubeurope.com\/@fi\/115867181676570270","error":""},"_links":{"self":[{"href":"https:\/\/www.europesays.com\/fi\/wp-json\/wp\/v2\/posts\/138040","targetHints":{"allow":["GET"]}}],"collection":[{"href":"https:\/\/www.europesays.com\/fi\/wp-json\/wp\/v2\/posts"}],"about":[{"href":"https:\/\/www.europesays.com\/fi\/wp-json\/wp\/v2\/types\/post"}],"author":[{"embeddable":true,"href":"https:\/\/www.europesays.com\/fi\/wp-json\/wp\/v2\/users\/2"}],"replies":[{"embeddable":true,"href":"https:\/\/www.europesays.com\/fi\/wp-json\/wp\/v2\/comments?post=138040"}],"version-history":[{"count":0,"href":"https:\/\/www.europesays.com\/fi\/wp-json\/wp\/v2\/posts\/138040\/revisions"}],"wp:featuredmedia":[{"embeddable":true,"href":"https:\/\/www.europesays.com\/fi\/wp-json\/wp\/v2\/media\/137276"}],"wp:attachment":[{"href":"https:\/\/www.europesays.com\/fi\/wp-json\/wp\/v2\/media?parent=138040"}],"wp:term":[{"taxonomy":"category","embeddable":true,"href":"https:\/\/www.europesays.com\/fi\/wp-json\/wp\/v2\/categories?post=138040"},{"taxonomy":"post_tag","embeddable":true,"href":"https:\/\/www.europesays.com\/fi\/wp-json\/wp\/v2\/tags?post=138040"}],"curies":[{"name":"wp","href":"https:\/\/api.w.org\/{rel}","templated":true}]}}